{"id":6295,"date":"2026-01-28T13:19:05","date_gmt":"2026-01-28T13:19:05","guid":{"rendered":"https:\/\/www.ndiaffatactu.com\/?p=6295"},"modified":"2026-01-28T13:19:05","modified_gmt":"2026-01-28T13:19:05","slug":"21-morts-en-deux-accidents-en-lespace-de-48-heures","status":"publish","type":"post","link":"https:\/\/www.ndiaffatactu.com\/index.php\/2026\/01\/28\/21-morts-en-deux-accidents-en-lespace-de-48-heures\/","title":{"rendered":"21 morts en deux accidents en l\u2019espace de 48 heures"},"content":{"rendered":"<h2>28 janvier 2025 \u2013 Les routes s\u00e9n\u00e9galaises ont une nouvelle fois \u00e9t\u00e9 le th\u00e9\u00e2tre de drames meurtriers.<\/h2>\n<p>Deux accidents de la circulation survenus \u00e0 48 heures d\u2019intervalle ont caus\u00e9 la mort de 21 personnes, faisant \u00e9galement plusieurs bless\u00e9s.<\/p>\n<p>Le premier accident s\u2019est produit le 28 janvier 2025 sur l\u2019axe Bambey\u2013Khombole, \u00e0 hauteur du village de R\u00e9fane, sur l\u2019autoroute Ila Touba.<\/p>\n<p>Un minicar en provenance de Touba, o\u00f9 ses passagers avaient pris part au Magal de Kazu Rajab, est entr\u00e9 en collision \u00e0 vive allure avec un v\u00e9hicule de transport en commun en panne, stationn\u00e9 sur l\u2019autoroute.<\/p>\n<p>Le choc, d\u2019une extr\u00eame violence, a caus\u00e9 la mort de 13 personnes et fait plusieurs bless\u00e9s, \u00e9vacu\u00e9s vers les structures sanitaires les plus proches.<\/p>\n<p>Deux jours plus tard, le 30 janvier 2025, un autre drame routier est survenu sur la route de Keur Madiabel, \u00e0 hauteur du village de Keur Abdou Diaff\u00e9, dans le d\u00e9partement de Nioro du Rip.<\/p>\n<p>Ce second accident a co\u00fbt\u00e9 la vie \u00e0 8 personnes, portant \u00e0 21 le nombre total de d\u00e9c\u00e8s enregistr\u00e9s en seulement deux jours.<\/p>\n<p>Ces nouveaux drames relancent le d\u00e9bat sur la s\u00e9curit\u00e9 routi\u00e8re, l\u2019\u00e9tat des v\u00e9hicules, le respect du code de la route ainsi que la signalisation des v\u00e9hicules en panne sur les axes \u00e0 grande circulation.<\/p>\n<p>Les autorit\u00e9s et les acteurs de la pr\u00e9vention routi\u00e8re appellent \u00e0 une prise de conscience collective afin d\u2019enrayer cette spirale meurtri\u00e8re. &#x1f449;<\/p>\n","protected":false},"excerpt":{"rendered":"<p>28 janvier 2025 \u2013 Les routes s\u00e9n\u00e9galaises ont une nouvelle fois \u00e9t\u00e9 le th\u00e9\u00e2tre de drames meurtriers. Deux accidents de<\/p>\n","protected":false},"author":2,"featured_media":6296,"comment_status":"open","ping_status":"closed","sticky":false,"template":"","format":"standard","meta":{"colormag_page_container_layout":"default_layout","colormag_page_sidebar_layout":"default_layout","wprm-recipe-roundup-name":"","wprm-recipe-roundup-description":"","footnotes":""},"categories":[59,6,12,30],"tags":[],"class_list":["post-6295","post","type-post","status-publish","format-standard","has-post-thumbnail","hentry","category-accident","category-actualites","category-recents","category-societe"],"yoast_head":"<!-- This site is optimized with the Yoast SEO plugin v27.5 - https:\/\/yoast.com\/product\/yoast-seo-wordpress\/ -->\n<title>21 morts en deux accidents en l\u2019espace de 48 heures - Ndiaffat Actu<\/title>\n<meta name=\"robots\" content=\"index, follow, max-snippet:-1, max-image-preview:large, max-video-preview:-1\" \/>\n<link rel=\"canonical\" href=\"https:\/\/www.ndiaffatactu.com\/index.php\/2026\/01\/28\/21-morts-en-deux-accidents-en-lespace-de-48-heures\/\" \/>\n<meta property=\"og:locale\" content=\"fr_FR\" \/>\n<meta property=\"og:type\" content=\"article\" \/>\n<meta property=\"og:title\" content=\"21 morts en deux accidents en l\u2019espace de 48 heures - Ndiaffat Actu\" \/>\n<meta property=\"og:description\" content=\"28 janvier 2025 \u2013 Les routes s\u00e9n\u00e9galaises ont une nouvelle fois \u00e9t\u00e9 le th\u00e9\u00e2tre de drames meurtriers. Deux accidents de\" \/>\n<meta property=\"og:url\" content=\"https:\/\/www.ndiaffatactu.com\/index.php\/2026\/01\/28\/21-morts-en-deux-accidents-en-lespace-de-48-heures\/\" \/>\n<meta property=\"og:site_name\" content=\"Ndiaffat Actu\" \/>\n<meta property=\"article:published_time\" content=\"2026-01-28T13:19:05+00:00\" \/>\n<meta property=\"og:image\" content=\"https:\/\/www.ndiaffatactu.com\/wp-content\/uploads\/2026\/01\/128236822_accidentkaffrine.jpg\" \/>\n\t<meta property=\"og:image:width\" content=\"976\" \/>\n\t<meta property=\"og:image:height\" content=\"549\" \/>\n\t<meta property=\"og:image:type\" content=\"image\/jpeg\" \/>\n<meta name=\"author\" content=\"Baidy\" \/>\n<meta name=\"twitter:card\" content=\"summary_large_image\" \/>\n<meta name=\"twitter:label1\" content=\"\u00c9crit par\" \/>\n\t<meta name=\"twitter:data1\" content=\"Baidy\" \/>\n\t<meta name=\"twitter:label2\" content=\"Dur\u00e9e de lecture estim\u00e9e\" \/>\n\t<meta name=\"twitter:data2\" content=\"2 minutes\" \/>\n<script type=\"application\/ld+json\" class=\"yoast-schema-graph\">{\"@context\":\"https:\\\/\\\/schema.org\",\"@graph\":[{\"@type\":\"Article\",\"@id\":\"https:\\\/\\\/www.ndiaffatactu.com\\\/index.php\\\/2026\\\/01\\\/28\\\/21-morts-en-deux-accidents-en-lespace-de-48-heures\\\/#article\",\"isPartOf\":{\"@id\":\"https:\\\/\\\/www.ndiaffatactu.com\\\/index.php\\\/2026\\\/01\\\/28\\\/21-morts-en-deux-accidents-en-lespace-de-48-heures\\\/\"},\"author\":{\"name\":\"Baidy\",\"@id\":\"https:\\\/\\\/www.ndiaffatactu.com\\\/#\\\/schema\\\/person\\\/58070508ca42c5ea832aca50ebd5390a\"},\"headline\":\"21 morts en deux accidents en l\u2019espace de 48 heures\",\"datePublished\":\"2026-01-28T13:19:05+00:00\",\"mainEntityOfPage\":{\"@id\":\"https:\\\/\\\/www.ndiaffatactu.com\\\/index.php\\\/2026\\\/01\\\/28\\\/21-morts-en-deux-accidents-en-lespace-de-48-heures\\\/\"},\"wordCount\":256,\"commentCount\":0,\"publisher\":{\"@id\":\"https:\\\/\\\/www.ndiaffatactu.com\\\/#organization\"},\"image\":{\"@id\":\"https:\\\/\\\/www.ndiaffatactu.com\\\/index.php\\\/2026\\\/01\\\/28\\\/21-morts-en-deux-accidents-en-lespace-de-48-heures\\\/#primaryimage\"},\"thumbnailUrl\":\"https:\\\/\\\/www.ndiaffatactu.com\\\/wp-content\\\/uploads\\\/2026\\\/01\\\/128236822_accidentkaffrine.jpg\",\"articleSection\":[\"Accident\",\"ACTUALIT\u00c9S\",\"R\u00e9cents\",\"Soci\u00e9t\u00e9\"],\"inLanguage\":\"fr-FR\",\"potentialAction\":[{\"@type\":\"CommentAction\",\"name\":\"Comment\",\"target\":[\"https:\\\/\\\/www.ndiaffatactu.com\\\/index.php\\\/2026\\\/01\\\/28\\\/21-morts-en-deux-accidents-en-lespace-de-48-heures\\\/#respond\"]}]},{\"@type\":\"WebPage\",\"@id\":\"https:\\\/\\\/www.ndiaffatactu.com\\\/index.php\\\/2026\\\/01\\\/28\\\/21-morts-en-deux-accidents-en-lespace-de-48-heures\\\/\",\"url\":\"https:\\\/\\\/www.ndiaffatactu.com\\\/index.php\\\/2026\\\/01\\\/28\\\/21-morts-en-deux-accidents-en-lespace-de-48-heures\\\/\",\"name\":\"21 morts en deux accidents en l\u2019espace de 48 heures - Ndiaffat Actu\",\"isPartOf\":{\"@id\":\"https:\\\/\\\/www.ndiaffatactu.com\\\/#website\"},\"primaryImageOfPage\":{\"@id\":\"https:\\\/\\\/www.ndiaffatactu.com\\\/index.php\\\/2026\\\/01\\\/28\\\/21-morts-en-deux-accidents-en-lespace-de-48-heures\\\/#primaryimage\"},\"image\":{\"@id\":\"https:\\\/\\\/www.ndiaffatactu.com\\\/index.php\\\/2026\\\/01\\\/28\\\/21-morts-en-deux-accidents-en-lespace-de-48-heures\\\/#primaryimage\"},\"thumbnailUrl\":\"https:\\\/\\\/www.ndiaffatactu.com\\\/wp-content\\\/uploads\\\/2026\\\/01\\\/128236822_accidentkaffrine.jpg\",\"datePublished\":\"2026-01-28T13:19:05+00:00\",\"breadcrumb\":{\"@id\":\"https:\\\/\\\/www.ndiaffatactu.com\\\/index.php\\\/2026\\\/01\\\/28\\\/21-morts-en-deux-accidents-en-lespace-de-48-heures\\\/#breadcrumb\"},\"inLanguage\":\"fr-FR\",\"potentialAction\":[{\"@type\":\"ReadAction\",\"target\":[\"https:\\\/\\\/www.ndiaffatactu.com\\\/index.php\\\/2026\\\/01\\\/28\\\/21-morts-en-deux-accidents-en-lespace-de-48-heures\\\/\"]}]},{\"@type\":\"ImageObject\",\"inLanguage\":\"fr-FR\",\"@id\":\"https:\\\/\\\/www.ndiaffatactu.com\\\/index.php\\\/2026\\\/01\\\/28\\\/21-morts-en-deux-accidents-en-lespace-de-48-heures\\\/#primaryimage\",\"url\":\"https:\\\/\\\/www.ndiaffatactu.com\\\/wp-content\\\/uploads\\\/2026\\\/01\\\/128236822_accidentkaffrine.jpg\",\"contentUrl\":\"https:\\\/\\\/www.ndiaffatactu.com\\\/wp-content\\\/uploads\\\/2026\\\/01\\\/128236822_accidentkaffrine.jpg\",\"width\":976,\"height\":549},{\"@type\":\"BreadcrumbList\",\"@id\":\"https:\\\/\\\/www.ndiaffatactu.com\\\/index.php\\\/2026\\\/01\\\/28\\\/21-morts-en-deux-accidents-en-lespace-de-48-heures\\\/#breadcrumb\",\"itemListElement\":[{\"@type\":\"ListItem\",\"position\":1,\"name\":\"Home\",\"item\":\"https:\\\/\\\/www.ndiaffatactu.com\\\/\"},{\"@type\":\"ListItem\",\"position\":2,\"name\":\"21 morts en deux accidents en l\u2019espace de 48 heures\"}]},{\"@type\":\"WebSite\",\"@id\":\"https:\\\/\\\/www.ndiaffatactu.com\\\/#website\",\"url\":\"https:\\\/\\\/www.ndiaffatactu.com\\\/\",\"name\":\"Ndiaffat Actu\",\"description\":\"L&#039;iinformation en temps r\u00e9el\",\"publisher\":{\"@id\":\"https:\\\/\\\/www.ndiaffatactu.com\\\/#organization\"},\"potentialAction\":[{\"@type\":\"SearchAction\",\"target\":{\"@type\":\"EntryPoint\",\"urlTemplate\":\"https:\\\/\\\/www.ndiaffatactu.com\\\/?s={search_term_string}\"},\"query-input\":{\"@type\":\"PropertyValueSpecification\",\"valueRequired\":true,\"valueName\":\"search_term_string\"}}],\"inLanguage\":\"fr-FR\"},{\"@type\":\"Organization\",\"@id\":\"https:\\\/\\\/www.ndiaffatactu.com\\\/#organization\",\"name\":\"Ndiaffat Actu\",\"url\":\"https:\\\/\\\/www.ndiaffatactu.com\\\/\",\"logo\":{\"@type\":\"ImageObject\",\"inLanguage\":\"fr-FR\",\"@id\":\"https:\\\/\\\/www.ndiaffatactu.com\\\/#\\\/schema\\\/logo\\\/image\\\/\",\"url\":\"https:\\\/\\\/www.ndiaffatactu.com\\\/wp-content\\\/uploads\\\/2024\\\/11\\\/cropped-BAIDY.png\",\"contentUrl\":\"https:\\\/\\\/www.ndiaffatactu.com\\\/wp-content\\\/uploads\\\/2024\\\/11\\\/cropped-BAIDY.png\",\"width\":1009,\"height\":730,\"caption\":\"Ndiaffat Actu\"},\"image\":{\"@id\":\"https:\\\/\\\/www.ndiaffatactu.com\\\/#\\\/schema\\\/logo\\\/image\\\/\"}},{\"@type\":\"Person\",\"@id\":\"https:\\\/\\\/www.ndiaffatactu.com\\\/#\\\/schema\\\/person\\\/58070508ca42c5ea832aca50ebd5390a\",\"name\":\"Baidy\",\"image\":{\"@type\":\"ImageObject\",\"inLanguage\":\"fr-FR\",\"@id\":\"https:\\\/\\\/secure.gravatar.com\\\/avatar\\\/b9f71a5a3671d82da3185d341775314a0414f0fff1c9048903ccb72d937c5717?s=96&d=mm&r=g\",\"url\":\"https:\\\/\\\/secure.gravatar.com\\\/avatar\\\/b9f71a5a3671d82da3185d341775314a0414f0fff1c9048903ccb72d937c5717?s=96&d=mm&r=g\",\"contentUrl\":\"https:\\\/\\\/secure.gravatar.com\\\/avatar\\\/b9f71a5a3671d82da3185d341775314a0414f0fff1c9048903ccb72d937c5717?s=96&d=mm&r=g\",\"caption\":\"Baidy\"},\"sameAs\":[\"https:\\\/\\\/www.ndiaffatactu.com\\\/\"],\"url\":\"https:\\\/\\\/www.ndiaffatactu.com\\\/index.php\\\/author\\\/ndiaffatactu\\\/\"}]}<\/script>\n<!-- \/ Yoast SEO plugin. -->","yoast_head_json":{"title":"21 morts en deux accidents en l\u2019espace de 48 heures - Ndiaffat Actu","robots":{"index":"index","follow":"follow","max-snippet":"max-snippet:-1","max-image-preview":"max-image-preview:large","max-video-preview":"max-video-preview:-1"},"canonical":"https:\/\/www.ndiaffatactu.com\/index.php\/2026\/01\/28\/21-morts-en-deux-accidents-en-lespace-de-48-heures\/","og_locale":"fr_FR","og_type":"article","og_title":"21 morts en deux accidents en l\u2019espace de 48 heures - Ndiaffat Actu","og_description":"28 janvier 2025 \u2013 Les routes s\u00e9n\u00e9galaises ont une nouvelle fois \u00e9t\u00e9 le th\u00e9\u00e2tre de drames meurtriers. Deux accidents de","og_url":"https:\/\/www.ndiaffatactu.com\/index.php\/2026\/01\/28\/21-morts-en-deux-accidents-en-lespace-de-48-heures\/","og_site_name":"Ndiaffat Actu","article_published_time":"2026-01-28T13:19:05+00:00","og_image":[{"width":976,"height":549,"url":"https:\/\/www.ndiaffatactu.com\/wp-content\/uploads\/2026\/01\/128236822_accidentkaffrine.jpg","type":"image\/jpeg"}],"author":"Baidy","twitter_card":"summary_large_image","twitter_misc":{"\u00c9crit par":"Baidy","Dur\u00e9e de lecture estim\u00e9e":"2 minutes"},"schema":{"@context":"https:\/\/schema.org","@graph":[{"@type":"Article","@id":"https:\/\/www.ndiaffatactu.com\/index.php\/2026\/01\/28\/21-morts-en-deux-accidents-en-lespace-de-48-heures\/#article","isPartOf":{"@id":"https:\/\/www.ndiaffatactu.com\/index.php\/2026\/01\/28\/21-morts-en-deux-accidents-en-lespace-de-48-heures\/"},"author":{"name":"Baidy","@id":"https:\/\/www.ndiaffatactu.com\/#\/schema\/person\/58070508ca42c5ea832aca50ebd5390a"},"headline":"21 morts en deux accidents en l\u2019espace de 48 heures","datePublished":"2026-01-28T13:19:05+00:00","mainEntityOfPage":{"@id":"https:\/\/www.ndiaffatactu.com\/index.php\/2026\/01\/28\/21-morts-en-deux-accidents-en-lespace-de-48-heures\/"},"wordCount":256,"commentCount":0,"publisher":{"@id":"https:\/\/www.ndiaffatactu.com\/#organization"},"image":{"@id":"https:\/\/www.ndiaffatactu.com\/index.php\/2026\/01\/28\/21-morts-en-deux-accidents-en-lespace-de-48-heures\/#primaryimage"},"thumbnailUrl":"https:\/\/www.ndiaffatactu.com\/wp-content\/uploads\/2026\/01\/128236822_accidentkaffrine.jpg","articleSection":["Accident","ACTUALIT\u00c9S","R\u00e9cents","Soci\u00e9t\u00e9"],"inLanguage":"fr-FR","potentialAction":[{"@type":"CommentAction","name":"Comment","target":["https:\/\/www.ndiaffatactu.com\/index.php\/2026\/01\/28\/21-morts-en-deux-accidents-en-lespace-de-48-heures\/#respond"]}]},{"@type":"WebPage","@id":"https:\/\/www.ndiaffatactu.com\/index.php\/2026\/01\/28\/21-morts-en-deux-accidents-en-lespace-de-48-heures\/","url":"https:\/\/www.ndiaffatactu.com\/index.php\/2026\/01\/28\/21-morts-en-deux-accidents-en-lespace-de-48-heures\/","name":"21 morts en deux accidents en l\u2019espace de 48 heures - Ndiaffat Actu","isPartOf":{"@id":"https:\/\/www.ndiaffatactu.com\/#website"},"primaryImageOfPage":{"@id":"https:\/\/www.ndiaffatactu.com\/index.php\/2026\/01\/28\/21-morts-en-deux-accidents-en-lespace-de-48-heures\/#primaryimage"},"image":{"@id":"https:\/\/www.ndiaffatactu.com\/index.php\/2026\/01\/28\/21-morts-en-deux-accidents-en-lespace-de-48-heures\/#primaryimage"},"thumbnailUrl":"https:\/\/www.ndiaffatactu.com\/wp-content\/uploads\/2026\/01\/128236822_accidentkaffrine.jpg","datePublished":"2026-01-28T13:19:05+00:00","breadcrumb":{"@id":"https:\/\/www.ndiaffatactu.com\/index.php\/2026\/01\/28\/21-morts-en-deux-accidents-en-lespace-de-48-heures\/#breadcrumb"},"inLanguage":"fr-FR","potentialAction":[{"@type":"ReadAction","target":["https:\/\/www.ndiaffatactu.com\/index.php\/2026\/01\/28\/21-morts-en-deux-accidents-en-lespace-de-48-heures\/"]}]},{"@type":"ImageObject","inLanguage":"fr-FR","@id":"https:\/\/www.ndiaffatactu.com\/index.php\/2026\/01\/28\/21-morts-en-deux-accidents-en-lespace-de-48-heures\/#primaryimage","url":"https:\/\/www.ndiaffatactu.com\/wp-content\/uploads\/2026\/01\/128236822_accidentkaffrine.jpg","contentUrl":"https:\/\/www.ndiaffatactu.com\/wp-content\/uploads\/2026\/01\/128236822_accidentkaffrine.jpg","width":976,"height":549},{"@type":"BreadcrumbList","@id":"https:\/\/www.ndiaffatactu.com\/index.php\/2026\/01\/28\/21-morts-en-deux-accidents-en-lespace-de-48-heures\/#breadcrumb","itemListElement":[{"@type":"ListItem","position":1,"name":"Home","item":"https:\/\/www.ndiaffatactu.com\/"},{"@type":"ListItem","position":2,"name":"21 morts en deux accidents en l\u2019espace de 48 heures"}]},{"@type":"WebSite","@id":"https:\/\/www.ndiaffatactu.com\/#website","url":"https:\/\/www.ndiaffatactu.com\/","name":"Ndiaffat Actu","description":"L&#039;iinformation en temps r\u00e9el","publisher":{"@id":"https:\/\/www.ndiaffatactu.com\/#organization"},"potentialAction":[{"@type":"SearchAction","target":{"@type":"EntryPoint","urlTemplate":"https:\/\/www.ndiaffatactu.com\/?s={search_term_string}"},"query-input":{"@type":"PropertyValueSpecification","valueRequired":true,"valueName":"search_term_string"}}],"inLanguage":"fr-FR"},{"@type":"Organization","@id":"https:\/\/www.ndiaffatactu.com\/#organization","name":"Ndiaffat Actu","url":"https:\/\/www.ndiaffatactu.com\/","logo":{"@type":"ImageObject","inLanguage":"fr-FR","@id":"https:\/\/www.ndiaffatactu.com\/#\/schema\/logo\/image\/","url":"https:\/\/www.ndiaffatactu.com\/wp-content\/uploads\/2024\/11\/cropped-BAIDY.png","contentUrl":"https:\/\/www.ndiaffatactu.com\/wp-content\/uploads\/2024\/11\/cropped-BAIDY.png","width":1009,"height":730,"caption":"Ndiaffat Actu"},"image":{"@id":"https:\/\/www.ndiaffatactu.com\/#\/schema\/logo\/image\/"}},{"@type":"Person","@id":"https:\/\/www.ndiaffatactu.com\/#\/schema\/person\/58070508ca42c5ea832aca50ebd5390a","name":"Baidy","image":{"@type":"ImageObject","inLanguage":"fr-FR","@id":"https:\/\/secure.gravatar.com\/avatar\/b9f71a5a3671d82da3185d341775314a0414f0fff1c9048903ccb72d937c5717?s=96&d=mm&r=g","url":"https:\/\/secure.gravatar.com\/avatar\/b9f71a5a3671d82da3185d341775314a0414f0fff1c9048903ccb72d937c5717?s=96&d=mm&r=g","contentUrl":"https:\/\/secure.gravatar.com\/avatar\/b9f71a5a3671d82da3185d341775314a0414f0fff1c9048903ccb72d937c5717?s=96&d=mm&r=g","caption":"Baidy"},"sameAs":["https:\/\/www.ndiaffatactu.com\/"],"url":"https:\/\/www.ndiaffatactu.com\/index.php\/author\/ndiaffatactu\/"}]}},"_links":{"self":[{"href":"https:\/\/www.ndiaffatactu.com\/index.php\/wp-json\/wp\/v2\/posts\/6295","targetHints":{"allow":["GET"]}}],"collection":[{"href":"https:\/\/www.ndiaffatactu.com\/index.php\/wp-json\/wp\/v2\/posts"}],"about":[{"href":"https:\/\/www.ndiaffatactu.com\/index.php\/wp-json\/wp\/v2\/types\/post"}],"author":[{"embeddable":true,"href":"https:\/\/www.ndiaffatactu.com\/index.php\/wp-json\/wp\/v2\/users\/2"}],"replies":[{"embeddable":true,"href":"https:\/\/www.ndiaffatactu.com\/index.php\/wp-json\/wp\/v2\/comments?post=6295"}],"version-history":[{"count":1,"href":"https:\/\/www.ndiaffatactu.com\/index.php\/wp-json\/wp\/v2\/posts\/6295\/revisions"}],"predecessor-version":[{"id":6297,"href":"https:\/\/www.ndiaffatactu.com\/index.php\/wp-json\/wp\/v2\/posts\/6295\/revisions\/6297"}],"wp:featuredmedia":[{"embeddable":true,"href":"https:\/\/www.ndiaffatactu.com\/index.php\/wp-json\/wp\/v2\/media\/6296"}],"wp:attachment":[{"href":"https:\/\/www.ndiaffatactu.com\/index.php\/wp-json\/wp\/v2\/media?parent=6295"}],"wp:term":[{"taxonomy":"category","embeddable":true,"href":"https:\/\/www.ndiaffatactu.com\/index.php\/wp-json\/wp\/v2\/categories?post=6295"},{"taxonomy":"post_tag","embeddable":true,"href":"https:\/\/www.ndiaffatactu.com\/index.php\/wp-json\/wp\/v2\/tags?post=6295"}],"curies":[{"name":"wp","href":"https:\/\/api.w.org\/{rel}","templated":true}]}}