{"id":6217,"date":"2025-09-01T20:07:19","date_gmt":"2025-09-01T20:07:19","guid":{"rendered":"https:\/\/www.ndiaffatactu.com\/?p=6217"},"modified":"2025-09-01T20:07:19","modified_gmt":"2025-09-01T20:07:19","slug":"kalidou-koulibaly-inaugure-son-academie-de-football-mbarodi-a-ngaparo","status":"publish","type":"post","link":"https:\/\/www.ndiaffatactu.com\/index.php\/2025\/09\/01\/kalidou-koulibaly-inaugure-son-academie-de-football-mbarodi-a-ngaparo\/","title":{"rendered":"Kalidou Koulibaly inaugure son acad\u00e9mie de football \u00ab Mbarodi \u00bb \u00e0 Ngaparo"},"content":{"rendered":"<p>Le capitaine des Lions de la Teranga, Kalidou Koulibaly, a proc\u00e9d\u00e9 ce dimanche \u00e0 l\u2019inauguration officielle de son acad\u00e9mie de football, baptis\u00e9e Mbarodi, dans la commune de Ngaparou.<\/p>\n<p>Destin\u00e9e \u00e0 accueillir et former une centaine de jeunes talents, la structure allie h\u00e9bergement, encadrement sportif et suivi \u00e9ducatif, dans un cadre pens\u00e9 pour favoriser l\u2019\u00e9panouissement global des pensionnaires.<\/p>\n<p>\u00c0 travers ce projet ambitieux, l\u2019international s\u00e9n\u00e9galais entend soutenir le d\u00e9veloppement du football national et offrir une chance \u00e0 la jeunesse s\u00e9n\u00e9galaise de s\u2019illustrer sur les pelouses nationales et internationales. L\u2019acad\u00e9mie Mbarodi se veut ainsi un mod\u00e8le de formation durable, ax\u00e9 sur la rigueur, la discipline et la transmission des valeurs du sport.<\/p>\n<p><img fetchpriority=\"high\" decoding=\"async\" class=\"aligncenter wp-image-6222 size-full\" src=\"https:\/\/www.ndiaffatactu.com\/wp-content\/uploads\/2025\/09\/FB_IMG_1756754557329.jpg\" alt=\"\" width=\"1558\" height=\"2048\" srcset=\"https:\/\/www.ndiaffatactu.com\/wp-content\/uploads\/2025\/09\/FB_IMG_1756754557329.jpg 1558w, https:\/\/www.ndiaffatactu.com\/wp-content\/uploads\/2025\/09\/FB_IMG_1756754557329-228x300.jpg 228w, https:\/\/www.ndiaffatactu.com\/wp-content\/uploads\/2025\/09\/FB_IMG_1756754557329-779x1024.jpg 779w, https:\/\/www.ndiaffatactu.com\/wp-content\/uploads\/2025\/09\/FB_IMG_1756754557329-768x1010.jpg 768w, https:\/\/www.ndiaffatactu.com\/wp-content\/uploads\/2025\/09\/FB_IMG_1756754557329-1169x1536.jpg 1169w\" sizes=\"(max-width: 1558px) 100vw, 1558px\" \/> <img decoding=\"async\" class=\"aligncenter wp-image-6223 size-full\" src=\"https:\/\/www.ndiaffatactu.com\/wp-content\/uploads\/2025\/09\/FB_IMG_1756754587025.jpg\" alt=\"\" width=\"1850\" height=\"2048\" srcset=\"https:\/\/www.ndiaffatactu.com\/wp-content\/uploads\/2025\/09\/FB_IMG_1756754587025.jpg 1850w, https:\/\/www.ndiaffatactu.com\/wp-content\/uploads\/2025\/09\/FB_IMG_1756754587025-271x300.jpg 271w, https:\/\/www.ndiaffatactu.com\/wp-content\/uploads\/2025\/09\/FB_IMG_1756754587025-925x1024.jpg 925w, https:\/\/www.ndiaffatactu.com\/wp-content\/uploads\/2025\/09\/FB_IMG_1756754587025-768x850.jpg 768w, https:\/\/www.ndiaffatactu.com\/wp-content\/uploads\/2025\/09\/FB_IMG_1756754587025-1388x1536.jpg 1388w\" sizes=\"(max-width: 1850px) 100vw, 1850px\" \/> <img decoding=\"async\" class=\"aligncenter wp-image-6224 size-full\" src=\"https:\/\/www.ndiaffatactu.com\/wp-content\/uploads\/2025\/09\/FB_IMG_1756754570016.jpg\" alt=\"\" width=\"2048\" height=\"1768\" srcset=\"https:\/\/www.ndiaffatactu.com\/wp-content\/uploads\/2025\/09\/FB_IMG_1756754570016.jpg 2048w, https:\/\/www.ndiaffatactu.com\/wp-content\/uploads\/2025\/09\/FB_IMG_1756754570016-300x259.jpg 300w, https:\/\/www.ndiaffatactu.com\/wp-content\/uploads\/2025\/09\/FB_IMG_1756754570016-1024x884.jpg 1024w, https:\/\/www.ndiaffatactu.com\/wp-content\/uploads\/2025\/09\/FB_IMG_1756754570016-768x663.jpg 768w, https:\/\/www.ndiaffatactu.com\/wp-content\/uploads\/2025\/09\/FB_IMG_1756754570016-1536x1326.jpg 1536w\" sizes=\"(max-width: 2048px) 100vw, 2048px\" \/> <img loading=\"lazy\" decoding=\"async\" class=\"aligncenter wp-image-6225 size-full\" src=\"https:\/\/www.ndiaffatactu.com\/wp-content\/uploads\/2025\/09\/FB_IMG_1756754565030.jpg\" alt=\"\" width=\"2048\" height=\"1502\" srcset=\"https:\/\/www.ndiaffatactu.com\/wp-content\/uploads\/2025\/09\/FB_IMG_1756754565030.jpg 2048w, https:\/\/www.ndiaffatactu.com\/wp-content\/uploads\/2025\/09\/FB_IMG_1756754565030-300x220.jpg 300w, https:\/\/www.ndiaffatactu.com\/wp-content\/uploads\/2025\/09\/FB_IMG_1756754565030-1024x751.jpg 1024w, https:\/\/www.ndiaffatactu.com\/wp-content\/uploads\/2025\/09\/FB_IMG_1756754565030-768x563.jpg 768w, https:\/\/www.ndiaffatactu.com\/wp-content\/uploads\/2025\/09\/FB_IMG_1756754565030-1536x1127.jpg 1536w\" sizes=\"(max-width: 2048px) 100vw, 2048px\" \/> <img loading=\"lazy\" decoding=\"async\" class=\"aligncenter wp-image-6226 size-full\" src=\"https:\/\/www.ndiaffatactu.com\/wp-content\/uploads\/2025\/09\/FB_IMG_1756754565039.jpg\" alt=\"\" width=\"2048\" height=\"1956\" srcset=\"https:\/\/www.ndiaffatactu.com\/wp-content\/uploads\/2025\/09\/FB_IMG_1756754565039.jpg 2048w, https:\/\/www.ndiaffatactu.com\/wp-content\/uploads\/2025\/09\/FB_IMG_1756754565039-300x287.jpg 300w, https:\/\/www.ndiaffatactu.com\/wp-content\/uploads\/2025\/09\/FB_IMG_1756754565039-1024x978.jpg 1024w, https:\/\/www.ndiaffatactu.com\/wp-content\/uploads\/2025\/09\/FB_IMG_1756754565039-768x734.jpg 768w, https:\/\/www.ndiaffatactu.com\/wp-content\/uploads\/2025\/09\/FB_IMG_1756754565039-1536x1467.jpg 1536w\" sizes=\"(max-width: 2048px) 100vw, 2048px\" \/> <img loading=\"lazy\" decoding=\"async\" class=\"aligncenter wp-image-6227 size-full\" src=\"https:\/\/www.ndiaffatactu.com\/wp-content\/uploads\/2025\/09\/FB_IMG_1756754574361.jpg\" alt=\"\" width=\"2048\" height=\"1172\" srcset=\"https:\/\/www.ndiaffatactu.com\/wp-content\/uploads\/2025\/09\/FB_IMG_1756754574361.jpg 2048w, https:\/\/www.ndiaffatactu.com\/wp-content\/uploads\/2025\/09\/FB_IMG_1756754574361-300x172.jpg 300w, https:\/\/www.ndiaffatactu.com\/wp-content\/uploads\/2025\/09\/FB_IMG_1756754574361-1024x586.jpg 1024w, https:\/\/www.ndiaffatactu.com\/wp-content\/uploads\/2025\/09\/FB_IMG_1756754574361-768x440.jpg 768w, https:\/\/www.ndiaffatactu.com\/wp-content\/uploads\/2025\/09\/FB_IMG_1756754574361-1536x879.jpg 1536w\" sizes=\"(max-width: 2048px) 100vw, 2048px\" \/> <img loading=\"lazy\" decoding=\"async\" class=\"aligncenter wp-image-6228 size-full\" src=\"https:\/\/www.ndiaffatactu.com\/wp-content\/uploads\/2025\/09\/FB_IMG_1756754578456.jpg\" alt=\"\" width=\"2048\" height=\"1730\" srcset=\"https:\/\/www.ndiaffatactu.com\/wp-content\/uploads\/2025\/09\/FB_IMG_1756754578456.jpg 2048w, https:\/\/www.ndiaffatactu.com\/wp-content\/uploads\/2025\/09\/FB_IMG_1756754578456-300x253.jpg 300w, https:\/\/www.ndiaffatactu.com\/wp-content\/uploads\/2025\/09\/FB_IMG_1756754578456-1024x865.jpg 1024w, https:\/\/www.ndiaffatactu.com\/wp-content\/uploads\/2025\/09\/FB_IMG_1756754578456-768x649.jpg 768w, https:\/\/www.ndiaffatactu.com\/wp-content\/uploads\/2025\/09\/FB_IMG_1756754578456-1536x1298.jpg 1536w\" sizes=\"(max-width: 2048px) 100vw, 2048px\" \/> <img loading=\"lazy\" decoding=\"async\" class=\"aligncenter wp-image-6229 size-full\" src=\"https:\/\/www.ndiaffatactu.com\/wp-content\/uploads\/2025\/09\/FB_IMG_1756754582881.jpg\" alt=\"\" width=\"1266\" height=\"2048\" srcset=\"https:\/\/www.ndiaffatactu.com\/wp-content\/uploads\/2025\/09\/FB_IMG_1756754582881.jpg 1266w, https:\/\/www.ndiaffatactu.com\/wp-content\/uploads\/2025\/09\/FB_IMG_1756754582881-185x300.jpg 185w, https:\/\/www.ndiaffatactu.com\/wp-content\/uploads\/2025\/09\/FB_IMG_1756754582881-633x1024.jpg 633w, https:\/\/www.ndiaffatactu.com\/wp-content\/uploads\/2025\/09\/FB_IMG_1756754582881-768x1242.jpg 768w, https:\/\/www.ndiaffatactu.com\/wp-content\/uploads\/2025\/09\/FB_IMG_1756754582881-950x1536.jpg 950w\" sizes=\"(max-width: 1266px) 100vw, 1266px\" \/> <img loading=\"lazy\" decoding=\"async\" class=\"alignnone size-medium wp-image-6231\" src=\"https:\/\/www.ndiaffatactu.com\/wp-content\/uploads\/2025\/09\/FB_IMG_1756754548354-300x148.jpg\" alt=\"\" width=\"300\" height=\"148\" srcset=\"https:\/\/www.ndiaffatactu.com\/wp-content\/uploads\/2025\/09\/FB_IMG_1756754548354-300x148.jpg 300w, https:\/\/www.ndiaffatactu.com\/wp-content\/uploads\/2025\/09\/FB_IMG_1756754548354-1024x505.jpg 1024w, https:\/\/www.ndiaffatactu.com\/wp-content\/uploads\/2025\/09\/FB_IMG_1756754548354-768x379.jpg 768w, https:\/\/www.ndiaffatactu.com\/wp-content\/uploads\/2025\/09\/FB_IMG_1756754548354-1536x758.jpg 1536w, https:\/\/www.ndiaffatactu.com\/wp-content\/uploads\/2025\/09\/FB_IMG_1756754548354.jpg 2048w\" sizes=\"(max-width: 300px) 100vw, 300px\" \/> <img loading=\"lazy\" decoding=\"async\" class=\"aligncenter wp-image-6232 size-full\" src=\"https:\/\/www.ndiaffatactu.com\/wp-content\/uploads\/2025\/09\/FB_IMG_1756754542636.jpg\" alt=\"\" width=\"1600\" height=\"2048\" srcset=\"https:\/\/www.ndiaffatactu.com\/wp-content\/uploads\/2025\/09\/FB_IMG_1756754542636.jpg 1600w, https:\/\/www.ndiaffatactu.com\/wp-content\/uploads\/2025\/09\/FB_IMG_1756754542636-234x300.jpg 234w, https:\/\/www.ndiaffatactu.com\/wp-content\/uploads\/2025\/09\/FB_IMG_1756754542636-800x1024.jpg 800w, https:\/\/www.ndiaffatactu.com\/wp-content\/uploads\/2025\/09\/FB_IMG_1756754542636-768x983.jpg 768w, https:\/\/www.ndiaffatactu.com\/wp-content\/uploads\/2025\/09\/FB_IMG_1756754542636-1200x1536.jpg 1200w\" sizes=\"(max-width: 1600px) 100vw, 1600px\" \/> <img loading=\"lazy\" decoding=\"async\" class=\"aligncenter wp-image-6233 size-full\" src=\"https:\/\/www.ndiaffatactu.com\/wp-content\/uploads\/2025\/09\/FB_IMG_1756754538689.jpg\" alt=\"\" width=\"2048\" height=\"1058\" srcset=\"https:\/\/www.ndiaffatactu.com\/wp-content\/uploads\/2025\/09\/FB_IMG_1756754538689.jpg 2048w, https:\/\/www.ndiaffatactu.com\/wp-content\/uploads\/2025\/09\/FB_IMG_1756754538689-300x155.jpg 300w, https:\/\/www.ndiaffatactu.com\/wp-content\/uploads\/2025\/09\/FB_IMG_1756754538689-1024x529.jpg 1024w, https:\/\/www.ndiaffatactu.com\/wp-content\/uploads\/2025\/09\/FB_IMG_1756754538689-768x397.jpg 768w, https:\/\/www.ndiaffatactu.com\/wp-content\/uploads\/2025\/09\/FB_IMG_1756754538689-1536x794.jpg 1536w\" sizes=\"(max-width: 2048px) 100vw, 2048px\" \/> <img loading=\"lazy\" decoding=\"async\" class=\"aligncenter wp-image-6234 size-full\" src=\"https:\/\/www.ndiaffatactu.com\/wp-content\/uploads\/2025\/09\/FB_IMG_1756754532635.jpg\" alt=\"\" width=\"2048\" height=\"1044\" srcset=\"https:\/\/www.ndiaffatactu.com\/wp-content\/uploads\/2025\/09\/FB_IMG_1756754532635.jpg 2048w, https:\/\/www.ndiaffatactu.com\/wp-content\/uploads\/2025\/09\/FB_IMG_1756754532635-300x153.jpg 300w, https:\/\/www.ndiaffatactu.com\/wp-content\/uploads\/2025\/09\/FB_IMG_1756754532635-1024x522.jpg 1024w, https:\/\/www.ndiaffatactu.com\/wp-content\/uploads\/2025\/09\/FB_IMG_1756754532635-768x392.jpg 768w, https:\/\/www.ndiaffatactu.com\/wp-content\/uploads\/2025\/09\/FB_IMG_1756754532635-1536x783.jpg 1536w\" sizes=\"(max-width: 2048px) 100vw, 2048px\" \/> <img loading=\"lazy\" decoding=\"async\" class=\"aligncenter wp-image-6235 size-full\" src=\"https:\/\/www.ndiaffatactu.com\/wp-content\/uploads\/2025\/09\/FB_IMG_1756754526317.jpg\" alt=\"\" width=\"1408\" height=\"2048\" srcset=\"https:\/\/www.ndiaffatactu.com\/wp-content\/uploads\/2025\/09\/FB_IMG_1756754526317.jpg 1408w, https:\/\/www.ndiaffatactu.com\/wp-content\/uploads\/2025\/09\/FB_IMG_1756754526317-206x300.jpg 206w, https:\/\/www.ndiaffatactu.com\/wp-content\/uploads\/2025\/09\/FB_IMG_1756754526317-704x1024.jpg 704w, https:\/\/www.ndiaffatactu.com\/wp-content\/uploads\/2025\/09\/FB_IMG_1756754526317-768x1117.jpg 768w, https:\/\/www.ndiaffatactu.com\/wp-content\/uploads\/2025\/09\/FB_IMG_1756754526317-1056x1536.jpg 1056w\" sizes=\"(max-width: 1408px) 100vw, 1408px\" \/>1<\/p>\n","protected":false},"excerpt":{"rendered":"<p>Le capitaine des Lions de la Teranga, Kalidou Koulibaly, a proc\u00e9d\u00e9 ce dimanche \u00e0 l\u2019inauguration officielle de son acad\u00e9mie de<\/p>\n","protected":false},"author":2,"featured_media":6219,"comment_status":"open","ping_status":"closed","sticky":false,"template":"","format":"standard","meta":{"colormag_page_container_layout":"default_layout","colormag_page_sidebar_layout":"default_layout","wprm-recipe-roundup-name":"","wprm-recipe-roundup-description":"","footnotes":""},"categories":[6,13,12,30,15],"tags":[],"class_list":["post-6217","post","type-post","status-publish","format-standard","has-post-thumbnail","hentry","category-actualites","category-news","category-recents","category-societe","category-sport"],"yoast_head":"<!-- This site is optimized with the Yoast SEO plugin v27.5 - https:\/\/yoast.com\/product\/yoast-seo-wordpress\/ -->\n<title>Kalidou Koulibaly inaugure son acad\u00e9mie de football \u00ab Mbarodi \u00bb \u00e0 Ngaparo - Ndiaffat Actu<\/title>\n<meta name=\"robots\" content=\"index, follow, max-snippet:-1, max-image-preview:large, max-video-preview:-1\" \/>\n<link rel=\"canonical\" href=\"https:\/\/www.ndiaffatactu.com\/index.php\/2025\/09\/01\/kalidou-koulibaly-inaugure-son-academie-de-football-mbarodi-a-ngaparo\/\" \/>\n<meta property=\"og:locale\" content=\"fr_FR\" \/>\n<meta property=\"og:type\" content=\"article\" \/>\n<meta property=\"og:title\" content=\"Kalidou Koulibaly inaugure son acad\u00e9mie de football \u00ab Mbarodi \u00bb \u00e0 Ngaparo - Ndiaffat Actu\" \/>\n<meta property=\"og:description\" content=\"Le capitaine des Lions de la Teranga, Kalidou Koulibaly, a proc\u00e9d\u00e9 ce dimanche \u00e0 l\u2019inauguration officielle de son acad\u00e9mie de\" \/>\n<meta property=\"og:url\" content=\"https:\/\/www.ndiaffatactu.com\/index.php\/2025\/09\/01\/kalidou-koulibaly-inaugure-son-academie-de-football-mbarodi-a-ngaparo\/\" \/>\n<meta property=\"og:site_name\" content=\"Ndiaffat Actu\" \/>\n<meta property=\"article:published_time\" content=\"2025-09-01T20:07:19+00:00\" \/>\n<meta property=\"og:image\" content=\"https:\/\/www.ndiaffatactu.com\/wp-content\/uploads\/2025\/09\/Screenshot_20250901-195305.jpg\" \/>\n\t<meta property=\"og:image:width\" content=\"720\" \/>\n\t<meta property=\"og:image:height\" content=\"408\" \/>\n\t<meta property=\"og:image:type\" content=\"image\/jpeg\" \/>\n<meta name=\"author\" content=\"Baidy\" \/>\n<meta name=\"twitter:card\" content=\"summary_large_image\" \/>\n<meta name=\"twitter:label1\" content=\"\u00c9crit par\" \/>\n\t<meta name=\"twitter:data1\" content=\"Baidy\" \/>\n\t<meta name=\"twitter:label2\" content=\"Dur\u00e9e de lecture estim\u00e9e\" \/>\n\t<meta name=\"twitter:data2\" content=\"4 minutes\" \/>\n<script type=\"application\/ld+json\" class=\"yoast-schema-graph\">{\"@context\":\"https:\\\/\\\/schema.org\",\"@graph\":[{\"@type\":\"Article\",\"@id\":\"https:\\\/\\\/www.ndiaffatactu.com\\\/index.php\\\/2025\\\/09\\\/01\\\/kalidou-koulibaly-inaugure-son-academie-de-football-mbarodi-a-ngaparo\\\/#article\",\"isPartOf\":{\"@id\":\"https:\\\/\\\/www.ndiaffatactu.com\\\/index.php\\\/2025\\\/09\\\/01\\\/kalidou-koulibaly-inaugure-son-academie-de-football-mbarodi-a-ngaparo\\\/\"},\"author\":{\"name\":\"Baidy\",\"@id\":\"https:\\\/\\\/www.ndiaffatactu.com\\\/#\\\/schema\\\/person\\\/58070508ca42c5ea832aca50ebd5390a\"},\"headline\":\"Kalidou Koulibaly inaugure son acad\u00e9mie de football \u00ab Mbarodi \u00bb \u00e0 Ngaparo\",\"datePublished\":\"2025-09-01T20:07:19+00:00\",\"mainEntityOfPage\":{\"@id\":\"https:\\\/\\\/www.ndiaffatactu.com\\\/index.php\\\/2025\\\/09\\\/01\\\/kalidou-koulibaly-inaugure-son-academie-de-football-mbarodi-a-ngaparo\\\/\"},\"wordCount\":133,\"commentCount\":0,\"publisher\":{\"@id\":\"https:\\\/\\\/www.ndiaffatactu.com\\\/#organization\"},\"image\":{\"@id\":\"https:\\\/\\\/www.ndiaffatactu.com\\\/index.php\\\/2025\\\/09\\\/01\\\/kalidou-koulibaly-inaugure-son-academie-de-football-mbarodi-a-ngaparo\\\/#primaryimage\"},\"thumbnailUrl\":\"https:\\\/\\\/www.ndiaffatactu.com\\\/wp-content\\\/uploads\\\/2025\\\/09\\\/Screenshot_20250901-195305.jpg\",\"articleSection\":[\"ACTUALIT\u00c9S\",\"News\",\"R\u00e9cents\",\"Soci\u00e9t\u00e9\",\"Sport\"],\"inLanguage\":\"fr-FR\",\"potentialAction\":[{\"@type\":\"CommentAction\",\"name\":\"Comment\",\"target\":[\"https:\\\/\\\/www.ndiaffatactu.com\\\/index.php\\\/2025\\\/09\\\/01\\\/kalidou-koulibaly-inaugure-son-academie-de-football-mbarodi-a-ngaparo\\\/#respond\"]}]},{\"@type\":\"WebPage\",\"@id\":\"https:\\\/\\\/www.ndiaffatactu.com\\\/index.php\\\/2025\\\/09\\\/01\\\/kalidou-koulibaly-inaugure-son-academie-de-football-mbarodi-a-ngaparo\\\/\",\"url\":\"https:\\\/\\\/www.ndiaffatactu.com\\\/index.php\\\/2025\\\/09\\\/01\\\/kalidou-koulibaly-inaugure-son-academie-de-football-mbarodi-a-ngaparo\\\/\",\"name\":\"Kalidou Koulibaly inaugure son acad\u00e9mie de football \u00ab Mbarodi \u00bb \u00e0 Ngaparo - Ndiaffat Actu\",\"isPartOf\":{\"@id\":\"https:\\\/\\\/www.ndiaffatactu.com\\\/#website\"},\"primaryImageOfPage\":{\"@id\":\"https:\\\/\\\/www.ndiaffatactu.com\\\/index.php\\\/2025\\\/09\\\/01\\\/kalidou-koulibaly-inaugure-son-academie-de-football-mbarodi-a-ngaparo\\\/#primaryimage\"},\"image\":{\"@id\":\"https:\\\/\\\/www.ndiaffatactu.com\\\/index.php\\\/2025\\\/09\\\/01\\\/kalidou-koulibaly-inaugure-son-academie-de-football-mbarodi-a-ngaparo\\\/#primaryimage\"},\"thumbnailUrl\":\"https:\\\/\\\/www.ndiaffatactu.com\\\/wp-content\\\/uploads\\\/2025\\\/09\\\/Screenshot_20250901-195305.jpg\",\"datePublished\":\"2025-09-01T20:07:19+00:00\",\"breadcrumb\":{\"@id\":\"https:\\\/\\\/www.ndiaffatactu.com\\\/index.php\\\/2025\\\/09\\\/01\\\/kalidou-koulibaly-inaugure-son-academie-de-football-mbarodi-a-ngaparo\\\/#breadcrumb\"},\"inLanguage\":\"fr-FR\",\"potentialAction\":[{\"@type\":\"ReadAction\",\"target\":[\"https:\\\/\\\/www.ndiaffatactu.com\\\/index.php\\\/2025\\\/09\\\/01\\\/kalidou-koulibaly-inaugure-son-academie-de-football-mbarodi-a-ngaparo\\\/\"]}]},{\"@type\":\"ImageObject\",\"inLanguage\":\"fr-FR\",\"@id\":\"https:\\\/\\\/www.ndiaffatactu.com\\\/index.php\\\/2025\\\/09\\\/01\\\/kalidou-koulibaly-inaugure-son-academie-de-football-mbarodi-a-ngaparo\\\/#primaryimage\",\"url\":\"https:\\\/\\\/www.ndiaffatactu.com\\\/wp-content\\\/uploads\\\/2025\\\/09\\\/Screenshot_20250901-195305.jpg\",\"contentUrl\":\"https:\\\/\\\/www.ndiaffatactu.com\\\/wp-content\\\/uploads\\\/2025\\\/09\\\/Screenshot_20250901-195305.jpg\",\"width\":720,\"height\":408},{\"@type\":\"BreadcrumbList\",\"@id\":\"https:\\\/\\\/www.ndiaffatactu.com\\\/index.php\\\/2025\\\/09\\\/01\\\/kalidou-koulibaly-inaugure-son-academie-de-football-mbarodi-a-ngaparo\\\/#breadcrumb\",\"itemListElement\":[{\"@type\":\"ListItem\",\"position\":1,\"name\":\"Home\",\"item\":\"https:\\\/\\\/www.ndiaffatactu.com\\\/\"},{\"@type\":\"ListItem\",\"position\":2,\"name\":\"Kalidou Koulibaly inaugure son acad\u00e9mie de football \u00ab Mbarodi \u00bb \u00e0 Ngaparo\"}]},{\"@type\":\"WebSite\",\"@id\":\"https:\\\/\\\/www.ndiaffatactu.com\\\/#website\",\"url\":\"https:\\\/\\\/www.ndiaffatactu.com\\\/\",\"name\":\"Ndiaffat Actu\",\"description\":\"L&#039;iinformation en temps r\u00e9el\",\"publisher\":{\"@id\":\"https:\\\/\\\/www.ndiaffatactu.com\\\/#organization\"},\"potentialAction\":[{\"@type\":\"SearchAction\",\"target\":{\"@type\":\"EntryPoint\",\"urlTemplate\":\"https:\\\/\\\/www.ndiaffatactu.com\\\/?s={search_term_string}\"},\"query-input\":{\"@type\":\"PropertyValueSpecification\",\"valueRequired\":true,\"valueName\":\"search_term_string\"}}],\"inLanguage\":\"fr-FR\"},{\"@type\":\"Organization\",\"@id\":\"https:\\\/\\\/www.ndiaffatactu.com\\\/#organization\",\"name\":\"Ndiaffat Actu\",\"url\":\"https:\\\/\\\/www.ndiaffatactu.com\\\/\",\"logo\":{\"@type\":\"ImageObject\",\"inLanguage\":\"fr-FR\",\"@id\":\"https:\\\/\\\/www.ndiaffatactu.com\\\/#\\\/schema\\\/logo\\\/image\\\/\",\"url\":\"https:\\\/\\\/www.ndiaffatactu.com\\\/wp-content\\\/uploads\\\/2024\\\/11\\\/cropped-BAIDY.png\",\"contentUrl\":\"https:\\\/\\\/www.ndiaffatactu.com\\\/wp-content\\\/uploads\\\/2024\\\/11\\\/cropped-BAIDY.png\",\"width\":1009,\"height\":730,\"caption\":\"Ndiaffat Actu\"},\"image\":{\"@id\":\"https:\\\/\\\/www.ndiaffatactu.com\\\/#\\\/schema\\\/logo\\\/image\\\/\"}},{\"@type\":\"Person\",\"@id\":\"https:\\\/\\\/www.ndiaffatactu.com\\\/#\\\/schema\\\/person\\\/58070508ca42c5ea832aca50ebd5390a\",\"name\":\"Baidy\",\"image\":{\"@type\":\"ImageObject\",\"inLanguage\":\"fr-FR\",\"@id\":\"https:\\\/\\\/secure.gravatar.com\\\/avatar\\\/b9f71a5a3671d82da3185d341775314a0414f0fff1c9048903ccb72d937c5717?s=96&d=mm&r=g\",\"url\":\"https:\\\/\\\/secure.gravatar.com\\\/avatar\\\/b9f71a5a3671d82da3185d341775314a0414f0fff1c9048903ccb72d937c5717?s=96&d=mm&r=g\",\"contentUrl\":\"https:\\\/\\\/secure.gravatar.com\\\/avatar\\\/b9f71a5a3671d82da3185d341775314a0414f0fff1c9048903ccb72d937c5717?s=96&d=mm&r=g\",\"caption\":\"Baidy\"},\"sameAs\":[\"https:\\\/\\\/www.ndiaffatactu.com\\\/\"],\"url\":\"https:\\\/\\\/www.ndiaffatactu.com\\\/index.php\\\/author\\\/ndiaffatactu\\\/\"}]}<\/script>\n<!-- \/ Yoast SEO plugin. -->","yoast_head_json":{"title":"Kalidou Koulibaly inaugure son acad\u00e9mie de football \u00ab Mbarodi \u00bb \u00e0 Ngaparo - Ndiaffat Actu","robots":{"index":"index","follow":"follow","max-snippet":"max-snippet:-1","max-image-preview":"max-image-preview:large","max-video-preview":"max-video-preview:-1"},"canonical":"https:\/\/www.ndiaffatactu.com\/index.php\/2025\/09\/01\/kalidou-koulibaly-inaugure-son-academie-de-football-mbarodi-a-ngaparo\/","og_locale":"fr_FR","og_type":"article","og_title":"Kalidou Koulibaly inaugure son acad\u00e9mie de football \u00ab Mbarodi \u00bb \u00e0 Ngaparo - Ndiaffat Actu","og_description":"Le capitaine des Lions de la Teranga, Kalidou Koulibaly, a proc\u00e9d\u00e9 ce dimanche \u00e0 l\u2019inauguration officielle de son acad\u00e9mie de","og_url":"https:\/\/www.ndiaffatactu.com\/index.php\/2025\/09\/01\/kalidou-koulibaly-inaugure-son-academie-de-football-mbarodi-a-ngaparo\/","og_site_name":"Ndiaffat Actu","article_published_time":"2025-09-01T20:07:19+00:00","og_image":[{"width":720,"height":408,"url":"https:\/\/www.ndiaffatactu.com\/wp-content\/uploads\/2025\/09\/Screenshot_20250901-195305.jpg","type":"image\/jpeg"}],"author":"Baidy","twitter_card":"summary_large_image","twitter_misc":{"\u00c9crit par":"Baidy","Dur\u00e9e de lecture estim\u00e9e":"4 minutes"},"schema":{"@context":"https:\/\/schema.org","@graph":[{"@type":"Article","@id":"https:\/\/www.ndiaffatactu.com\/index.php\/2025\/09\/01\/kalidou-koulibaly-inaugure-son-academie-de-football-mbarodi-a-ngaparo\/#article","isPartOf":{"@id":"https:\/\/www.ndiaffatactu.com\/index.php\/2025\/09\/01\/kalidou-koulibaly-inaugure-son-academie-de-football-mbarodi-a-ngaparo\/"},"author":{"name":"Baidy","@id":"https:\/\/www.ndiaffatactu.com\/#\/schema\/person\/58070508ca42c5ea832aca50ebd5390a"},"headline":"Kalidou Koulibaly inaugure son acad\u00e9mie de football \u00ab Mbarodi \u00bb \u00e0 Ngaparo","datePublished":"2025-09-01T20:07:19+00:00","mainEntityOfPage":{"@id":"https:\/\/www.ndiaffatactu.com\/index.php\/2025\/09\/01\/kalidou-koulibaly-inaugure-son-academie-de-football-mbarodi-a-ngaparo\/"},"wordCount":133,"commentCount":0,"publisher":{"@id":"https:\/\/www.ndiaffatactu.com\/#organization"},"image":{"@id":"https:\/\/www.ndiaffatactu.com\/index.php\/2025\/09\/01\/kalidou-koulibaly-inaugure-son-academie-de-football-mbarodi-a-ngaparo\/#primaryimage"},"thumbnailUrl":"https:\/\/www.ndiaffatactu.com\/wp-content\/uploads\/2025\/09\/Screenshot_20250901-195305.jpg","articleSection":["ACTUALIT\u00c9S","News","R\u00e9cents","Soci\u00e9t\u00e9","Sport"],"inLanguage":"fr-FR","potentialAction":[{"@type":"CommentAction","name":"Comment","target":["https:\/\/www.ndiaffatactu.com\/index.php\/2025\/09\/01\/kalidou-koulibaly-inaugure-son-academie-de-football-mbarodi-a-ngaparo\/#respond"]}]},{"@type":"WebPage","@id":"https:\/\/www.ndiaffatactu.com\/index.php\/2025\/09\/01\/kalidou-koulibaly-inaugure-son-academie-de-football-mbarodi-a-ngaparo\/","url":"https:\/\/www.ndiaffatactu.com\/index.php\/2025\/09\/01\/kalidou-koulibaly-inaugure-son-academie-de-football-mbarodi-a-ngaparo\/","name":"Kalidou Koulibaly inaugure son acad\u00e9mie de football \u00ab Mbarodi \u00bb \u00e0 Ngaparo - Ndiaffat Actu","isPartOf":{"@id":"https:\/\/www.ndiaffatactu.com\/#website"},"primaryImageOfPage":{"@id":"https:\/\/www.ndiaffatactu.com\/index.php\/2025\/09\/01\/kalidou-koulibaly-inaugure-son-academie-de-football-mbarodi-a-ngaparo\/#primaryimage"},"image":{"@id":"https:\/\/www.ndiaffatactu.com\/index.php\/2025\/09\/01\/kalidou-koulibaly-inaugure-son-academie-de-football-mbarodi-a-ngaparo\/#primaryimage"},"thumbnailUrl":"https:\/\/www.ndiaffatactu.com\/wp-content\/uploads\/2025\/09\/Screenshot_20250901-195305.jpg","datePublished":"2025-09-01T20:07:19+00:00","breadcrumb":{"@id":"https:\/\/www.ndiaffatactu.com\/index.php\/2025\/09\/01\/kalidou-koulibaly-inaugure-son-academie-de-football-mbarodi-a-ngaparo\/#breadcrumb"},"inLanguage":"fr-FR","potentialAction":[{"@type":"ReadAction","target":["https:\/\/www.ndiaffatactu.com\/index.php\/2025\/09\/01\/kalidou-koulibaly-inaugure-son-academie-de-football-mbarodi-a-ngaparo\/"]}]},{"@type":"ImageObject","inLanguage":"fr-FR","@id":"https:\/\/www.ndiaffatactu.com\/index.php\/2025\/09\/01\/kalidou-koulibaly-inaugure-son-academie-de-football-mbarodi-a-ngaparo\/#primaryimage","url":"https:\/\/www.ndiaffatactu.com\/wp-content\/uploads\/2025\/09\/Screenshot_20250901-195305.jpg","contentUrl":"https:\/\/www.ndiaffatactu.com\/wp-content\/uploads\/2025\/09\/Screenshot_20250901-195305.jpg","width":720,"height":408},{"@type":"BreadcrumbList","@id":"https:\/\/www.ndiaffatactu.com\/index.php\/2025\/09\/01\/kalidou-koulibaly-inaugure-son-academie-de-football-mbarodi-a-ngaparo\/#breadcrumb","itemListElement":[{"@type":"ListItem","position":1,"name":"Home","item":"https:\/\/www.ndiaffatactu.com\/"},{"@type":"ListItem","position":2,"name":"Kalidou Koulibaly inaugure son acad\u00e9mie de football \u00ab Mbarodi \u00bb \u00e0 Ngaparo"}]},{"@type":"WebSite","@id":"https:\/\/www.ndiaffatactu.com\/#website","url":"https:\/\/www.ndiaffatactu.com\/","name":"Ndiaffat Actu","description":"L&#039;iinformation en temps r\u00e9el","publisher":{"@id":"https:\/\/www.ndiaffatactu.com\/#organization"},"potentialAction":[{"@type":"SearchAction","target":{"@type":"EntryPoint","urlTemplate":"https:\/\/www.ndiaffatactu.com\/?s={search_term_string}"},"query-input":{"@type":"PropertyValueSpecification","valueRequired":true,"valueName":"search_term_string"}}],"inLanguage":"fr-FR"},{"@type":"Organization","@id":"https:\/\/www.ndiaffatactu.com\/#organization","name":"Ndiaffat Actu","url":"https:\/\/www.ndiaffatactu.com\/","logo":{"@type":"ImageObject","inLanguage":"fr-FR","@id":"https:\/\/www.ndiaffatactu.com\/#\/schema\/logo\/image\/","url":"https:\/\/www.ndiaffatactu.com\/wp-content\/uploads\/2024\/11\/cropped-BAIDY.png","contentUrl":"https:\/\/www.ndiaffatactu.com\/wp-content\/uploads\/2024\/11\/cropped-BAIDY.png","width":1009,"height":730,"caption":"Ndiaffat Actu"},"image":{"@id":"https:\/\/www.ndiaffatactu.com\/#\/schema\/logo\/image\/"}},{"@type":"Person","@id":"https:\/\/www.ndiaffatactu.com\/#\/schema\/person\/58070508ca42c5ea832aca50ebd5390a","name":"Baidy","image":{"@type":"ImageObject","inLanguage":"fr-FR","@id":"https:\/\/secure.gravatar.com\/avatar\/b9f71a5a3671d82da3185d341775314a0414f0fff1c9048903ccb72d937c5717?s=96&d=mm&r=g","url":"https:\/\/secure.gravatar.com\/avatar\/b9f71a5a3671d82da3185d341775314a0414f0fff1c9048903ccb72d937c5717?s=96&d=mm&r=g","contentUrl":"https:\/\/secure.gravatar.com\/avatar\/b9f71a5a3671d82da3185d341775314a0414f0fff1c9048903ccb72d937c5717?s=96&d=mm&r=g","caption":"Baidy"},"sameAs":["https:\/\/www.ndiaffatactu.com\/"],"url":"https:\/\/www.ndiaffatactu.com\/index.php\/author\/ndiaffatactu\/"}]}},"_links":{"self":[{"href":"https:\/\/www.ndiaffatactu.com\/index.php\/wp-json\/wp\/v2\/posts\/6217","targetHints":{"allow":["GET"]}}],"collection":[{"href":"https:\/\/www.ndiaffatactu.com\/index.php\/wp-json\/wp\/v2\/posts"}],"about":[{"href":"https:\/\/www.ndiaffatactu.com\/index.php\/wp-json\/wp\/v2\/types\/post"}],"author":[{"embeddable":true,"href":"https:\/\/www.ndiaffatactu.com\/index.php\/wp-json\/wp\/v2\/users\/2"}],"replies":[{"embeddable":true,"href":"https:\/\/www.ndiaffatactu.com\/index.php\/wp-json\/wp\/v2\/comments?post=6217"}],"version-history":[{"count":1,"href":"https:\/\/www.ndiaffatactu.com\/index.php\/wp-json\/wp\/v2\/posts\/6217\/revisions"}],"predecessor-version":[{"id":6236,"href":"https:\/\/www.ndiaffatactu.com\/index.php\/wp-json\/wp\/v2\/posts\/6217\/revisions\/6236"}],"wp:featuredmedia":[{"embeddable":true,"href":"https:\/\/www.ndiaffatactu.com\/index.php\/wp-json\/wp\/v2\/media\/6219"}],"wp:attachment":[{"href":"https:\/\/www.ndiaffatactu.com\/index.php\/wp-json\/wp\/v2\/media?parent=6217"}],"wp:term":[{"taxonomy":"category","embeddable":true,"href":"https:\/\/www.ndiaffatactu.com\/index.php\/wp-json\/wp\/v2\/categories?post=6217"},{"taxonomy":"post_tag","embeddable":true,"href":"https:\/\/www.ndiaffatactu.com\/index.php\/wp-json\/wp\/v2\/tags?post=6217"}],"curies":[{"name":"wp","href":"https:\/\/api.w.org\/{rel}","templated":true}]}}