{"id":6205,"date":"2025-08-16T21:23:51","date_gmt":"2025-08-16T21:23:51","guid":{"rendered":"https:\/\/www.ndiaffatactu.com\/?p=6205"},"modified":"2025-08-16T21:26:52","modified_gmt":"2025-08-16T21:26:52","slug":"noyade-tragique-a-la-plage-de-la-cite-des-nations-unies","status":"publish","type":"post","link":"https:\/\/www.ndiaffatactu.com\/index.php\/2025\/08\/16\/noyade-tragique-a-la-plage-de-la-cite-des-nations-unies\/","title":{"rendered":"Noyade tragique \u00e0 la plage de la Cit\u00e9 des Nations Unies"},"content":{"rendered":"<p dir=\"ltr\">Un jeune gar\u00e7on de 17 ans, <b>Cheikh Leye<\/b>, s&rsquo;est noy\u00e9 ce samedi 16 ao\u00fbt 2025 vers 17h, \u00e0 la plage de la Cit\u00e9 des Nations Unies. N\u00e9 en 2008 \u00e0 Sagata Gueth, il \u00e9tait le fils de Maley Leye et Thian\u00e9 Dieye.<\/p>\n<p dir=\"ltr\">\u200bLes sapeurs-pompiers des Parcelles Assainies, alert\u00e9s, sont arriv\u00e9s environ une heure apr\u00e8s le drame et ont rep\u00each\u00e9 le corps sans vie, avec l&rsquo;aide des ma\u00eetres-nageurs de la plage de Malibu.<\/p>\n<p dir=\"ltr\">\u200bApr\u00e8s les constatations d&rsquo;usage par la police scientifique, le corps a \u00e9t\u00e9 transport\u00e9 \u00e0 l&rsquo;h\u00f4pital Dalal Jamm.<\/p>\n<p dir=\"ltr\">\u200bLe p\u00e8re de la victime, Maley Leye, a t\u00e9moign\u00e9 de son choc, affirmant qu&rsquo;il n&rsquo;\u00e9tait pas au courant que son fils avait quitt\u00e9 leur domicile de Pikine pour se rendre \u00e0 la plage. Un autre t\u00e9moin a rapport\u00e9 que Cheikh lui avait confi\u00e9 ses chaussures en lui disant qu&rsquo;il reviendrait.<\/p>\n<p dir=\"ltr\">\u200bC&rsquo;est une triste nouvelle. Mes pens\u00e9es vont \u00e0 la famille et aux proches de Cheikh Leye.<\/p>\n<p><iframe title=\"Plage Cit\u00e9 Nations unies : Un jeune gar\u00e7on de 17ans s&#039;est noy\u00e9 \" width=\"800\" height=\"450\" src=\"https:\/\/www.youtube.com\/embed\/4xef-SYoDew?feature=oembed\" frameborder=\"0\" allow=\"accelerometer; autoplay; clipboard-write; encrypted-media; gyroscope; picture-in-picture; web-share\" referrerpolicy=\"strict-origin-when-cross-origin\" allowfullscreen><\/iframe><\/p>\n","protected":false},"excerpt":{"rendered":"<p>Un jeune gar\u00e7on de 17 ans, Cheikh Leye, s&rsquo;est noy\u00e9 ce samedi 16 ao\u00fbt 2025 vers 17h, \u00e0 la plage<\/p>\n","protected":false},"author":2,"featured_media":6207,"comment_status":"open","ping_status":"closed","sticky":false,"template":"","format":"standard","meta":{"colormag_page_container_layout":"default_layout","colormag_page_sidebar_layout":"default_layout","wprm-recipe-roundup-name":"","wprm-recipe-roundup-description":"","footnotes":""},"categories":[59,6,13,12,30],"tags":[],"class_list":["post-6205","post","type-post","status-publish","format-standard","has-post-thumbnail","hentry","category-accident","category-actualites","category-news","category-recents","category-societe"],"yoast_head":"<!-- This site is optimized with the Yoast SEO plugin v27.5 - https:\/\/yoast.com\/product\/yoast-seo-wordpress\/ -->\n<title>Noyade tragique \u00e0 la plage de la Cit\u00e9 des Nations Unies - Ndiaffat Actu<\/title>\n<meta name=\"robots\" content=\"index, follow, max-snippet:-1, max-image-preview:large, max-video-preview:-1\" \/>\n<link rel=\"canonical\" href=\"https:\/\/www.ndiaffatactu.com\/index.php\/2025\/08\/16\/noyade-tragique-a-la-plage-de-la-cite-des-nations-unies\/\" \/>\n<meta property=\"og:locale\" content=\"fr_FR\" \/>\n<meta property=\"og:type\" content=\"article\" \/>\n<meta property=\"og:title\" content=\"Noyade tragique \u00e0 la plage de la Cit\u00e9 des Nations Unies - Ndiaffat Actu\" \/>\n<meta property=\"og:description\" content=\"Un jeune gar\u00e7on de 17 ans, Cheikh Leye, s&rsquo;est noy\u00e9 ce samedi 16 ao\u00fbt 2025 vers 17h, \u00e0 la plage\" \/>\n<meta property=\"og:url\" content=\"https:\/\/www.ndiaffatactu.com\/index.php\/2025\/08\/16\/noyade-tragique-a-la-plage-de-la-cite-des-nations-unies\/\" \/>\n<meta property=\"og:site_name\" content=\"Ndiaffat Actu\" \/>\n<meta property=\"article:published_time\" content=\"2025-08-16T21:23:51+00:00\" \/>\n<meta property=\"article:modified_time\" content=\"2025-08-16T21:26:52+00:00\" \/>\n<meta property=\"og:image\" content=\"https:\/\/www.ndiaffatactu.com\/wp-content\/uploads\/2025\/08\/Screenshot_20250816-212258.jpg\" \/>\n\t<meta property=\"og:image:width\" content=\"720\" \/>\n\t<meta property=\"og:image:height\" content=\"403\" \/>\n\t<meta property=\"og:image:type\" content=\"image\/jpeg\" \/>\n<meta name=\"author\" content=\"Baidy\" \/>\n<meta name=\"twitter:card\" content=\"summary_large_image\" \/>\n<meta name=\"twitter:label1\" content=\"\u00c9crit par\" \/>\n\t<meta name=\"twitter:data1\" content=\"Baidy\" \/>\n\t<meta name=\"twitter:label2\" content=\"Dur\u00e9e de lecture estim\u00e9e\" \/>\n\t<meta name=\"twitter:data2\" content=\"1 minute\" \/>\n<script type=\"application\/ld+json\" class=\"yoast-schema-graph\">{\"@context\":\"https:\\\/\\\/schema.org\",\"@graph\":[{\"@type\":\"Article\",\"@id\":\"https:\\\/\\\/www.ndiaffatactu.com\\\/index.php\\\/2025\\\/08\\\/16\\\/noyade-tragique-a-la-plage-de-la-cite-des-nations-unies\\\/#article\",\"isPartOf\":{\"@id\":\"https:\\\/\\\/www.ndiaffatactu.com\\\/index.php\\\/2025\\\/08\\\/16\\\/noyade-tragique-a-la-plage-de-la-cite-des-nations-unies\\\/\"},\"author\":{\"name\":\"Baidy\",\"@id\":\"https:\\\/\\\/www.ndiaffatactu.com\\\/#\\\/schema\\\/person\\\/58070508ca42c5ea832aca50ebd5390a\"},\"headline\":\"Noyade tragique \u00e0 la plage de la Cit\u00e9 des Nations Unies\",\"datePublished\":\"2025-08-16T21:23:51+00:00\",\"dateModified\":\"2025-08-16T21:26:52+00:00\",\"mainEntityOfPage\":{\"@id\":\"https:\\\/\\\/www.ndiaffatactu.com\\\/index.php\\\/2025\\\/08\\\/16\\\/noyade-tragique-a-la-plage-de-la-cite-des-nations-unies\\\/\"},\"wordCount\":184,\"commentCount\":0,\"publisher\":{\"@id\":\"https:\\\/\\\/www.ndiaffatactu.com\\\/#organization\"},\"image\":{\"@id\":\"https:\\\/\\\/www.ndiaffatactu.com\\\/index.php\\\/2025\\\/08\\\/16\\\/noyade-tragique-a-la-plage-de-la-cite-des-nations-unies\\\/#primaryimage\"},\"thumbnailUrl\":\"https:\\\/\\\/www.ndiaffatactu.com\\\/wp-content\\\/uploads\\\/2025\\\/08\\\/Screenshot_20250816-212258.jpg\",\"articleSection\":[\"Accident\",\"ACTUALIT\u00c9S\",\"News\",\"R\u00e9cents\",\"Soci\u00e9t\u00e9\"],\"inLanguage\":\"fr-FR\",\"potentialAction\":[{\"@type\":\"CommentAction\",\"name\":\"Comment\",\"target\":[\"https:\\\/\\\/www.ndiaffatactu.com\\\/index.php\\\/2025\\\/08\\\/16\\\/noyade-tragique-a-la-plage-de-la-cite-des-nations-unies\\\/#respond\"]}]},{\"@type\":\"WebPage\",\"@id\":\"https:\\\/\\\/www.ndiaffatactu.com\\\/index.php\\\/2025\\\/08\\\/16\\\/noyade-tragique-a-la-plage-de-la-cite-des-nations-unies\\\/\",\"url\":\"https:\\\/\\\/www.ndiaffatactu.com\\\/index.php\\\/2025\\\/08\\\/16\\\/noyade-tragique-a-la-plage-de-la-cite-des-nations-unies\\\/\",\"name\":\"Noyade tragique \u00e0 la plage de la Cit\u00e9 des Nations Unies - Ndiaffat Actu\",\"isPartOf\":{\"@id\":\"https:\\\/\\\/www.ndiaffatactu.com\\\/#website\"},\"primaryImageOfPage\":{\"@id\":\"https:\\\/\\\/www.ndiaffatactu.com\\\/index.php\\\/2025\\\/08\\\/16\\\/noyade-tragique-a-la-plage-de-la-cite-des-nations-unies\\\/#primaryimage\"},\"image\":{\"@id\":\"https:\\\/\\\/www.ndiaffatactu.com\\\/index.php\\\/2025\\\/08\\\/16\\\/noyade-tragique-a-la-plage-de-la-cite-des-nations-unies\\\/#primaryimage\"},\"thumbnailUrl\":\"https:\\\/\\\/www.ndiaffatactu.com\\\/wp-content\\\/uploads\\\/2025\\\/08\\\/Screenshot_20250816-212258.jpg\",\"datePublished\":\"2025-08-16T21:23:51+00:00\",\"dateModified\":\"2025-08-16T21:26:52+00:00\",\"breadcrumb\":{\"@id\":\"https:\\\/\\\/www.ndiaffatactu.com\\\/index.php\\\/2025\\\/08\\\/16\\\/noyade-tragique-a-la-plage-de-la-cite-des-nations-unies\\\/#breadcrumb\"},\"inLanguage\":\"fr-FR\",\"potentialAction\":[{\"@type\":\"ReadAction\",\"target\":[\"https:\\\/\\\/www.ndiaffatactu.com\\\/index.php\\\/2025\\\/08\\\/16\\\/noyade-tragique-a-la-plage-de-la-cite-des-nations-unies\\\/\"]}]},{\"@type\":\"ImageObject\",\"inLanguage\":\"fr-FR\",\"@id\":\"https:\\\/\\\/www.ndiaffatactu.com\\\/index.php\\\/2025\\\/08\\\/16\\\/noyade-tragique-a-la-plage-de-la-cite-des-nations-unies\\\/#primaryimage\",\"url\":\"https:\\\/\\\/www.ndiaffatactu.com\\\/wp-content\\\/uploads\\\/2025\\\/08\\\/Screenshot_20250816-212258.jpg\",\"contentUrl\":\"https:\\\/\\\/www.ndiaffatactu.com\\\/wp-content\\\/uploads\\\/2025\\\/08\\\/Screenshot_20250816-212258.jpg\",\"width\":720,\"height\":403},{\"@type\":\"BreadcrumbList\",\"@id\":\"https:\\\/\\\/www.ndiaffatactu.com\\\/index.php\\\/2025\\\/08\\\/16\\\/noyade-tragique-a-la-plage-de-la-cite-des-nations-unies\\\/#breadcrumb\",\"itemListElement\":[{\"@type\":\"ListItem\",\"position\":1,\"name\":\"Home\",\"item\":\"https:\\\/\\\/www.ndiaffatactu.com\\\/\"},{\"@type\":\"ListItem\",\"position\":2,\"name\":\"Noyade tragique \u00e0 la plage de la Cit\u00e9 des Nations Unies\"}]},{\"@type\":\"WebSite\",\"@id\":\"https:\\\/\\\/www.ndiaffatactu.com\\\/#website\",\"url\":\"https:\\\/\\\/www.ndiaffatactu.com\\\/\",\"name\":\"Ndiaffat Actu\",\"description\":\"L&#039;iinformation en temps r\u00e9el\",\"publisher\":{\"@id\":\"https:\\\/\\\/www.ndiaffatactu.com\\\/#organization\"},\"potentialAction\":[{\"@type\":\"SearchAction\",\"target\":{\"@type\":\"EntryPoint\",\"urlTemplate\":\"https:\\\/\\\/www.ndiaffatactu.com\\\/?s={search_term_string}\"},\"query-input\":{\"@type\":\"PropertyValueSpecification\",\"valueRequired\":true,\"valueName\":\"search_term_string\"}}],\"inLanguage\":\"fr-FR\"},{\"@type\":\"Organization\",\"@id\":\"https:\\\/\\\/www.ndiaffatactu.com\\\/#organization\",\"name\":\"Ndiaffat Actu\",\"url\":\"https:\\\/\\\/www.ndiaffatactu.com\\\/\",\"logo\":{\"@type\":\"ImageObject\",\"inLanguage\":\"fr-FR\",\"@id\":\"https:\\\/\\\/www.ndiaffatactu.com\\\/#\\\/schema\\\/logo\\\/image\\\/\",\"url\":\"https:\\\/\\\/www.ndiaffatactu.com\\\/wp-content\\\/uploads\\\/2024\\\/11\\\/cropped-BAIDY.png\",\"contentUrl\":\"https:\\\/\\\/www.ndiaffatactu.com\\\/wp-content\\\/uploads\\\/2024\\\/11\\\/cropped-BAIDY.png\",\"width\":1009,\"height\":730,\"caption\":\"Ndiaffat Actu\"},\"image\":{\"@id\":\"https:\\\/\\\/www.ndiaffatactu.com\\\/#\\\/schema\\\/logo\\\/image\\\/\"}},{\"@type\":\"Person\",\"@id\":\"https:\\\/\\\/www.ndiaffatactu.com\\\/#\\\/schema\\\/person\\\/58070508ca42c5ea832aca50ebd5390a\",\"name\":\"Baidy\",\"image\":{\"@type\":\"ImageObject\",\"inLanguage\":\"fr-FR\",\"@id\":\"https:\\\/\\\/secure.gravatar.com\\\/avatar\\\/b9f71a5a3671d82da3185d341775314a0414f0fff1c9048903ccb72d937c5717?s=96&d=mm&r=g\",\"url\":\"https:\\\/\\\/secure.gravatar.com\\\/avatar\\\/b9f71a5a3671d82da3185d341775314a0414f0fff1c9048903ccb72d937c5717?s=96&d=mm&r=g\",\"contentUrl\":\"https:\\\/\\\/secure.gravatar.com\\\/avatar\\\/b9f71a5a3671d82da3185d341775314a0414f0fff1c9048903ccb72d937c5717?s=96&d=mm&r=g\",\"caption\":\"Baidy\"},\"sameAs\":[\"https:\\\/\\\/www.ndiaffatactu.com\\\/\"],\"url\":\"https:\\\/\\\/www.ndiaffatactu.com\\\/index.php\\\/author\\\/ndiaffatactu\\\/\"}]}<\/script>\n<!-- \/ Yoast SEO plugin. -->","yoast_head_json":{"title":"Noyade tragique \u00e0 la plage de la Cit\u00e9 des Nations Unies - Ndiaffat Actu","robots":{"index":"index","follow":"follow","max-snippet":"max-snippet:-1","max-image-preview":"max-image-preview:large","max-video-preview":"max-video-preview:-1"},"canonical":"https:\/\/www.ndiaffatactu.com\/index.php\/2025\/08\/16\/noyade-tragique-a-la-plage-de-la-cite-des-nations-unies\/","og_locale":"fr_FR","og_type":"article","og_title":"Noyade tragique \u00e0 la plage de la Cit\u00e9 des Nations Unies - Ndiaffat Actu","og_description":"Un jeune gar\u00e7on de 17 ans, Cheikh Leye, s&rsquo;est noy\u00e9 ce samedi 16 ao\u00fbt 2025 vers 17h, \u00e0 la plage","og_url":"https:\/\/www.ndiaffatactu.com\/index.php\/2025\/08\/16\/noyade-tragique-a-la-plage-de-la-cite-des-nations-unies\/","og_site_name":"Ndiaffat Actu","article_published_time":"2025-08-16T21:23:51+00:00","article_modified_time":"2025-08-16T21:26:52+00:00","og_image":[{"width":720,"height":403,"url":"https:\/\/www.ndiaffatactu.com\/wp-content\/uploads\/2025\/08\/Screenshot_20250816-212258.jpg","type":"image\/jpeg"}],"author":"Baidy","twitter_card":"summary_large_image","twitter_misc":{"\u00c9crit par":"Baidy","Dur\u00e9e de lecture estim\u00e9e":"1 minute"},"schema":{"@context":"https:\/\/schema.org","@graph":[{"@type":"Article","@id":"https:\/\/www.ndiaffatactu.com\/index.php\/2025\/08\/16\/noyade-tragique-a-la-plage-de-la-cite-des-nations-unies\/#article","isPartOf":{"@id":"https:\/\/www.ndiaffatactu.com\/index.php\/2025\/08\/16\/noyade-tragique-a-la-plage-de-la-cite-des-nations-unies\/"},"author":{"name":"Baidy","@id":"https:\/\/www.ndiaffatactu.com\/#\/schema\/person\/58070508ca42c5ea832aca50ebd5390a"},"headline":"Noyade tragique \u00e0 la plage de la Cit\u00e9 des Nations Unies","datePublished":"2025-08-16T21:23:51+00:00","dateModified":"2025-08-16T21:26:52+00:00","mainEntityOfPage":{"@id":"https:\/\/www.ndiaffatactu.com\/index.php\/2025\/08\/16\/noyade-tragique-a-la-plage-de-la-cite-des-nations-unies\/"},"wordCount":184,"commentCount":0,"publisher":{"@id":"https:\/\/www.ndiaffatactu.com\/#organization"},"image":{"@id":"https:\/\/www.ndiaffatactu.com\/index.php\/2025\/08\/16\/noyade-tragique-a-la-plage-de-la-cite-des-nations-unies\/#primaryimage"},"thumbnailUrl":"https:\/\/www.ndiaffatactu.com\/wp-content\/uploads\/2025\/08\/Screenshot_20250816-212258.jpg","articleSection":["Accident","ACTUALIT\u00c9S","News","R\u00e9cents","Soci\u00e9t\u00e9"],"inLanguage":"fr-FR","potentialAction":[{"@type":"CommentAction","name":"Comment","target":["https:\/\/www.ndiaffatactu.com\/index.php\/2025\/08\/16\/noyade-tragique-a-la-plage-de-la-cite-des-nations-unies\/#respond"]}]},{"@type":"WebPage","@id":"https:\/\/www.ndiaffatactu.com\/index.php\/2025\/08\/16\/noyade-tragique-a-la-plage-de-la-cite-des-nations-unies\/","url":"https:\/\/www.ndiaffatactu.com\/index.php\/2025\/08\/16\/noyade-tragique-a-la-plage-de-la-cite-des-nations-unies\/","name":"Noyade tragique \u00e0 la plage de la Cit\u00e9 des Nations Unies - Ndiaffat Actu","isPartOf":{"@id":"https:\/\/www.ndiaffatactu.com\/#website"},"primaryImageOfPage":{"@id":"https:\/\/www.ndiaffatactu.com\/index.php\/2025\/08\/16\/noyade-tragique-a-la-plage-de-la-cite-des-nations-unies\/#primaryimage"},"image":{"@id":"https:\/\/www.ndiaffatactu.com\/index.php\/2025\/08\/16\/noyade-tragique-a-la-plage-de-la-cite-des-nations-unies\/#primaryimage"},"thumbnailUrl":"https:\/\/www.ndiaffatactu.com\/wp-content\/uploads\/2025\/08\/Screenshot_20250816-212258.jpg","datePublished":"2025-08-16T21:23:51+00:00","dateModified":"2025-08-16T21:26:52+00:00","breadcrumb":{"@id":"https:\/\/www.ndiaffatactu.com\/index.php\/2025\/08\/16\/noyade-tragique-a-la-plage-de-la-cite-des-nations-unies\/#breadcrumb"},"inLanguage":"fr-FR","potentialAction":[{"@type":"ReadAction","target":["https:\/\/www.ndiaffatactu.com\/index.php\/2025\/08\/16\/noyade-tragique-a-la-plage-de-la-cite-des-nations-unies\/"]}]},{"@type":"ImageObject","inLanguage":"fr-FR","@id":"https:\/\/www.ndiaffatactu.com\/index.php\/2025\/08\/16\/noyade-tragique-a-la-plage-de-la-cite-des-nations-unies\/#primaryimage","url":"https:\/\/www.ndiaffatactu.com\/wp-content\/uploads\/2025\/08\/Screenshot_20250816-212258.jpg","contentUrl":"https:\/\/www.ndiaffatactu.com\/wp-content\/uploads\/2025\/08\/Screenshot_20250816-212258.jpg","width":720,"height":403},{"@type":"BreadcrumbList","@id":"https:\/\/www.ndiaffatactu.com\/index.php\/2025\/08\/16\/noyade-tragique-a-la-plage-de-la-cite-des-nations-unies\/#breadcrumb","itemListElement":[{"@type":"ListItem","position":1,"name":"Home","item":"https:\/\/www.ndiaffatactu.com\/"},{"@type":"ListItem","position":2,"name":"Noyade tragique \u00e0 la plage de la Cit\u00e9 des Nations Unies"}]},{"@type":"WebSite","@id":"https:\/\/www.ndiaffatactu.com\/#website","url":"https:\/\/www.ndiaffatactu.com\/","name":"Ndiaffat Actu","description":"L&#039;iinformation en temps r\u00e9el","publisher":{"@id":"https:\/\/www.ndiaffatactu.com\/#organization"},"potentialAction":[{"@type":"SearchAction","target":{"@type":"EntryPoint","urlTemplate":"https:\/\/www.ndiaffatactu.com\/?s={search_term_string}"},"query-input":{"@type":"PropertyValueSpecification","valueRequired":true,"valueName":"search_term_string"}}],"inLanguage":"fr-FR"},{"@type":"Organization","@id":"https:\/\/www.ndiaffatactu.com\/#organization","name":"Ndiaffat Actu","url":"https:\/\/www.ndiaffatactu.com\/","logo":{"@type":"ImageObject","inLanguage":"fr-FR","@id":"https:\/\/www.ndiaffatactu.com\/#\/schema\/logo\/image\/","url":"https:\/\/www.ndiaffatactu.com\/wp-content\/uploads\/2024\/11\/cropped-BAIDY.png","contentUrl":"https:\/\/www.ndiaffatactu.com\/wp-content\/uploads\/2024\/11\/cropped-BAIDY.png","width":1009,"height":730,"caption":"Ndiaffat Actu"},"image":{"@id":"https:\/\/www.ndiaffatactu.com\/#\/schema\/logo\/image\/"}},{"@type":"Person","@id":"https:\/\/www.ndiaffatactu.com\/#\/schema\/person\/58070508ca42c5ea832aca50ebd5390a","name":"Baidy","image":{"@type":"ImageObject","inLanguage":"fr-FR","@id":"https:\/\/secure.gravatar.com\/avatar\/b9f71a5a3671d82da3185d341775314a0414f0fff1c9048903ccb72d937c5717?s=96&d=mm&r=g","url":"https:\/\/secure.gravatar.com\/avatar\/b9f71a5a3671d82da3185d341775314a0414f0fff1c9048903ccb72d937c5717?s=96&d=mm&r=g","contentUrl":"https:\/\/secure.gravatar.com\/avatar\/b9f71a5a3671d82da3185d341775314a0414f0fff1c9048903ccb72d937c5717?s=96&d=mm&r=g","caption":"Baidy"},"sameAs":["https:\/\/www.ndiaffatactu.com\/"],"url":"https:\/\/www.ndiaffatactu.com\/index.php\/author\/ndiaffatactu\/"}]}},"_links":{"self":[{"href":"https:\/\/www.ndiaffatactu.com\/index.php\/wp-json\/wp\/v2\/posts\/6205","targetHints":{"allow":["GET"]}}],"collection":[{"href":"https:\/\/www.ndiaffatactu.com\/index.php\/wp-json\/wp\/v2\/posts"}],"about":[{"href":"https:\/\/www.ndiaffatactu.com\/index.php\/wp-json\/wp\/v2\/types\/post"}],"author":[{"embeddable":true,"href":"https:\/\/www.ndiaffatactu.com\/index.php\/wp-json\/wp\/v2\/users\/2"}],"replies":[{"embeddable":true,"href":"https:\/\/www.ndiaffatactu.com\/index.php\/wp-json\/wp\/v2\/comments?post=6205"}],"version-history":[{"count":1,"href":"https:\/\/www.ndiaffatactu.com\/index.php\/wp-json\/wp\/v2\/posts\/6205\/revisions"}],"predecessor-version":[{"id":6208,"href":"https:\/\/www.ndiaffatactu.com\/index.php\/wp-json\/wp\/v2\/posts\/6205\/revisions\/6208"}],"wp:featuredmedia":[{"embeddable":true,"href":"https:\/\/www.ndiaffatactu.com\/index.php\/wp-json\/wp\/v2\/media\/6207"}],"wp:attachment":[{"href":"https:\/\/www.ndiaffatactu.com\/index.php\/wp-json\/wp\/v2\/media?parent=6205"}],"wp:term":[{"taxonomy":"category","embeddable":true,"href":"https:\/\/www.ndiaffatactu.com\/index.php\/wp-json\/wp\/v2\/categories?post=6205"},{"taxonomy":"post_tag","embeddable":true,"href":"https:\/\/www.ndiaffatactu.com\/index.php\/wp-json\/wp\/v2\/tags?post=6205"}],"curies":[{"name":"wp","href":"https:\/\/api.w.org\/{rel}","templated":true}]}}