{"id":5860,"date":"2025-03-01T11:18:22","date_gmt":"2025-03-01T11:18:22","guid":{"rendered":"https:\/\/www.ndiaffatactu.com\/?p=5860"},"modified":"2025-03-01T11:18:22","modified_gmt":"2025-03-01T11:18:22","slug":"unite-1-des-parcelles-endeuillee-par-la-perte-de-famara-sabaly-figure-emblematique-du-quartier","status":"publish","type":"post","link":"https:\/\/www.ndiaffatactu.com\/index.php\/2025\/03\/01\/unite-1-des-parcelles-endeuillee-par-la-perte-de-famara-sabaly-figure-emblematique-du-quartier\/","title":{"rendered":"Unit\u00e9 1 des Parcelles endeuill\u00e9e par la perte de Famara Sabaly, figure embl\u00e9matique du quartier"},"content":{"rendered":"<h2>C&rsquo;est avec une profonde tristesse que le quartier Unit\u00e9 1 des Parcelles Assainies a appris le d\u00e9c\u00e8s de Famara Sabaly, affectueusement connu sous le nom de Pa Sabaly, survenu ce matin \u00e0 l&rsquo;\u00e2ge de 75 ans.<br \/>\nFigure notable et respect\u00e9e, Pa Sabaly \u00e9tait un pilier de la communaut\u00e9, un homme de c\u0153ur et un f\u00e9d\u00e9rateur, appr\u00e9ci\u00e9 de tous. Il a v\u00e9cu des d\u00e9cennies dans le quartier Unit\u00e9 1, o\u00f9 il a tiss\u00e9 des liens ind\u00e9fectibles avec ses habitants.<\/h2>\n<h2>\nAu-del\u00e0 de son r\u00f4le de rassembleur, Pa Sabaly \u00e9tait un entrepreneur engag\u00e9. Il poss\u00e9dait une usine de transformation de poisson, offrant ainsi des opportunit\u00e9s d&#8217;emploi aux jeunes du quartier. Son engagement social et \u00e9conomique a contribu\u00e9 au d\u00e9veloppement de sa communaut\u00e9.<br \/>\nLa perte de Pa Sabaly laisse un vide immense dans le c\u0153ur de ceux qui l&rsquo;ont connu. Son h\u00e9ritage de g\u00e9n\u00e9rosit\u00e9, de solidarit\u00e9 et d&rsquo;esprit communautaire restera grav\u00e9 dans les m\u00e9moires.<br \/>\nEn ces moments de deuil, nous adressons nos plus sinc\u00e8res condol\u00e9ances \u00e0 sa famille, \u00e0 ses proches et \u00e0 tous les habitants du quartier Unit\u00e9 1.<br \/>\nNdiaffatactu \u00a0prie pour le repos de \u00a0son \u00e2me et qu&rsquo;Allah l&rsquo;accueille dans son paradis c\u00e9leste .<\/h2>\n","protected":false},"excerpt":{"rendered":"<p>C&rsquo;est avec une profonde tristesse que le quartier Unit\u00e9 1 des Parcelles Assainies a appris le d\u00e9c\u00e8s de Famara Sabaly,<\/p>\n","protected":false},"author":2,"featured_media":5862,"comment_status":"open","ping_status":"closed","sticky":false,"template":"","format":"standard","meta":{"colormag_page_container_layout":"default_layout","colormag_page_sidebar_layout":"default_layout","wprm-recipe-roundup-name":"","wprm-recipe-roundup-description":"","footnotes":""},"categories":[6,38,13,12,30,1],"tags":[],"class_list":["post-5860","post","type-post","status-publish","format-standard","has-post-thumbnail","hentry","category-actualites","category-necrologie","category-news","category-recents","category-societe","category-uncategorized"],"yoast_head":"<!-- This site is optimized with the Yoast SEO plugin v27.5 - https:\/\/yoast.com\/product\/yoast-seo-wordpress\/ -->\n<title>Unit\u00e9 1 des Parcelles endeuill\u00e9e par la perte de Famara Sabaly, figure embl\u00e9matique du quartier - Ndiaffat Actu<\/title>\n<meta name=\"robots\" content=\"index, follow, max-snippet:-1, max-image-preview:large, max-video-preview:-1\" \/>\n<link rel=\"canonical\" href=\"https:\/\/www.ndiaffatactu.com\/index.php\/2025\/03\/01\/unite-1-des-parcelles-endeuillee-par-la-perte-de-famara-sabaly-figure-emblematique-du-quartier\/\" \/>\n<meta property=\"og:locale\" content=\"fr_FR\" \/>\n<meta property=\"og:type\" content=\"article\" \/>\n<meta property=\"og:title\" content=\"Unit\u00e9 1 des Parcelles endeuill\u00e9e par la perte de Famara Sabaly, figure embl\u00e9matique du quartier - Ndiaffat Actu\" \/>\n<meta property=\"og:description\" content=\"C&rsquo;est avec une profonde tristesse que le quartier Unit\u00e9 1 des Parcelles Assainies a appris le d\u00e9c\u00e8s de Famara Sabaly,\" \/>\n<meta property=\"og:url\" content=\"https:\/\/www.ndiaffatactu.com\/index.php\/2025\/03\/01\/unite-1-des-parcelles-endeuillee-par-la-perte-de-famara-sabaly-figure-emblematique-du-quartier\/\" \/>\n<meta property=\"og:site_name\" content=\"Ndiaffat Actu\" \/>\n<meta property=\"article:published_time\" content=\"2025-03-01T11:18:22+00:00\" \/>\n<meta property=\"og:image\" content=\"https:\/\/www.ndiaffatactu.com\/wp-content\/uploads\/2025\/03\/1.png\" \/>\n\t<meta property=\"og:image:width\" content=\"1280\" \/>\n\t<meta property=\"og:image:height\" content=\"720\" \/>\n\t<meta property=\"og:image:type\" content=\"image\/png\" \/>\n<meta name=\"author\" content=\"Baidy\" \/>\n<meta name=\"twitter:card\" content=\"summary_large_image\" \/>\n<meta name=\"twitter:label1\" content=\"\u00c9crit par\" \/>\n\t<meta name=\"twitter:data1\" content=\"Baidy\" \/>\n\t<meta name=\"twitter:label2\" content=\"Dur\u00e9e de lecture estim\u00e9e\" \/>\n\t<meta name=\"twitter:data2\" content=\"2 minutes\" \/>\n<script type=\"application\/ld+json\" class=\"yoast-schema-graph\">{\"@context\":\"https:\\\/\\\/schema.org\",\"@graph\":[{\"@type\":\"Article\",\"@id\":\"https:\\\/\\\/www.ndiaffatactu.com\\\/index.php\\\/2025\\\/03\\\/01\\\/unite-1-des-parcelles-endeuillee-par-la-perte-de-famara-sabaly-figure-emblematique-du-quartier\\\/#article\",\"isPartOf\":{\"@id\":\"https:\\\/\\\/www.ndiaffatactu.com\\\/index.php\\\/2025\\\/03\\\/01\\\/unite-1-des-parcelles-endeuillee-par-la-perte-de-famara-sabaly-figure-emblematique-du-quartier\\\/\"},\"author\":{\"name\":\"Baidy\",\"@id\":\"https:\\\/\\\/www.ndiaffatactu.com\\\/#\\\/schema\\\/person\\\/58070508ca42c5ea832aca50ebd5390a\"},\"headline\":\"Unit\u00e9 1 des Parcelles endeuill\u00e9e par la perte de Famara Sabaly, figure embl\u00e9matique du quartier\",\"datePublished\":\"2025-03-01T11:18:22+00:00\",\"mainEntityOfPage\":{\"@id\":\"https:\\\/\\\/www.ndiaffatactu.com\\\/index.php\\\/2025\\\/03\\\/01\\\/unite-1-des-parcelles-endeuillee-par-la-perte-de-famara-sabaly-figure-emblematique-du-quartier\\\/\"},\"wordCount\":228,\"commentCount\":0,\"publisher\":{\"@id\":\"https:\\\/\\\/www.ndiaffatactu.com\\\/#organization\"},\"image\":{\"@id\":\"https:\\\/\\\/www.ndiaffatactu.com\\\/index.php\\\/2025\\\/03\\\/01\\\/unite-1-des-parcelles-endeuillee-par-la-perte-de-famara-sabaly-figure-emblematique-du-quartier\\\/#primaryimage\"},\"thumbnailUrl\":\"https:\\\/\\\/www.ndiaffatactu.com\\\/wp-content\\\/uploads\\\/2025\\\/03\\\/1.png\",\"articleSection\":[\"ACTUALIT\u00c9S\",\"N\u00e9crologie\",\"News\",\"R\u00e9cents\",\"Soci\u00e9t\u00e9\",\"Uncategorized\"],\"inLanguage\":\"fr-FR\",\"potentialAction\":[{\"@type\":\"CommentAction\",\"name\":\"Comment\",\"target\":[\"https:\\\/\\\/www.ndiaffatactu.com\\\/index.php\\\/2025\\\/03\\\/01\\\/unite-1-des-parcelles-endeuillee-par-la-perte-de-famara-sabaly-figure-emblematique-du-quartier\\\/#respond\"]}]},{\"@type\":\"WebPage\",\"@id\":\"https:\\\/\\\/www.ndiaffatactu.com\\\/index.php\\\/2025\\\/03\\\/01\\\/unite-1-des-parcelles-endeuillee-par-la-perte-de-famara-sabaly-figure-emblematique-du-quartier\\\/\",\"url\":\"https:\\\/\\\/www.ndiaffatactu.com\\\/index.php\\\/2025\\\/03\\\/01\\\/unite-1-des-parcelles-endeuillee-par-la-perte-de-famara-sabaly-figure-emblematique-du-quartier\\\/\",\"name\":\"Unit\u00e9 1 des Parcelles endeuill\u00e9e par la perte de Famara Sabaly, figure embl\u00e9matique du quartier - Ndiaffat Actu\",\"isPartOf\":{\"@id\":\"https:\\\/\\\/www.ndiaffatactu.com\\\/#website\"},\"primaryImageOfPage\":{\"@id\":\"https:\\\/\\\/www.ndiaffatactu.com\\\/index.php\\\/2025\\\/03\\\/01\\\/unite-1-des-parcelles-endeuillee-par-la-perte-de-famara-sabaly-figure-emblematique-du-quartier\\\/#primaryimage\"},\"image\":{\"@id\":\"https:\\\/\\\/www.ndiaffatactu.com\\\/index.php\\\/2025\\\/03\\\/01\\\/unite-1-des-parcelles-endeuillee-par-la-perte-de-famara-sabaly-figure-emblematique-du-quartier\\\/#primaryimage\"},\"thumbnailUrl\":\"https:\\\/\\\/www.ndiaffatactu.com\\\/wp-content\\\/uploads\\\/2025\\\/03\\\/1.png\",\"datePublished\":\"2025-03-01T11:18:22+00:00\",\"breadcrumb\":{\"@id\":\"https:\\\/\\\/www.ndiaffatactu.com\\\/index.php\\\/2025\\\/03\\\/01\\\/unite-1-des-parcelles-endeuillee-par-la-perte-de-famara-sabaly-figure-emblematique-du-quartier\\\/#breadcrumb\"},\"inLanguage\":\"fr-FR\",\"potentialAction\":[{\"@type\":\"ReadAction\",\"target\":[\"https:\\\/\\\/www.ndiaffatactu.com\\\/index.php\\\/2025\\\/03\\\/01\\\/unite-1-des-parcelles-endeuillee-par-la-perte-de-famara-sabaly-figure-emblematique-du-quartier\\\/\"]}]},{\"@type\":\"ImageObject\",\"inLanguage\":\"fr-FR\",\"@id\":\"https:\\\/\\\/www.ndiaffatactu.com\\\/index.php\\\/2025\\\/03\\\/01\\\/unite-1-des-parcelles-endeuillee-par-la-perte-de-famara-sabaly-figure-emblematique-du-quartier\\\/#primaryimage\",\"url\":\"https:\\\/\\\/www.ndiaffatactu.com\\\/wp-content\\\/uploads\\\/2025\\\/03\\\/1.png\",\"contentUrl\":\"https:\\\/\\\/www.ndiaffatactu.com\\\/wp-content\\\/uploads\\\/2025\\\/03\\\/1.png\",\"width\":1280,\"height\":720},{\"@type\":\"BreadcrumbList\",\"@id\":\"https:\\\/\\\/www.ndiaffatactu.com\\\/index.php\\\/2025\\\/03\\\/01\\\/unite-1-des-parcelles-endeuillee-par-la-perte-de-famara-sabaly-figure-emblematique-du-quartier\\\/#breadcrumb\",\"itemListElement\":[{\"@type\":\"ListItem\",\"position\":1,\"name\":\"Home\",\"item\":\"https:\\\/\\\/www.ndiaffatactu.com\\\/\"},{\"@type\":\"ListItem\",\"position\":2,\"name\":\"Unit\u00e9 1 des Parcelles endeuill\u00e9e par la perte de Famara Sabaly, figure embl\u00e9matique du quartier\"}]},{\"@type\":\"WebSite\",\"@id\":\"https:\\\/\\\/www.ndiaffatactu.com\\\/#website\",\"url\":\"https:\\\/\\\/www.ndiaffatactu.com\\\/\",\"name\":\"Ndiaffat Actu\",\"description\":\"L&#039;iinformation en temps r\u00e9el\",\"publisher\":{\"@id\":\"https:\\\/\\\/www.ndiaffatactu.com\\\/#organization\"},\"potentialAction\":[{\"@type\":\"SearchAction\",\"target\":{\"@type\":\"EntryPoint\",\"urlTemplate\":\"https:\\\/\\\/www.ndiaffatactu.com\\\/?s={search_term_string}\"},\"query-input\":{\"@type\":\"PropertyValueSpecification\",\"valueRequired\":true,\"valueName\":\"search_term_string\"}}],\"inLanguage\":\"fr-FR\"},{\"@type\":\"Organization\",\"@id\":\"https:\\\/\\\/www.ndiaffatactu.com\\\/#organization\",\"name\":\"Ndiaffat Actu\",\"url\":\"https:\\\/\\\/www.ndiaffatactu.com\\\/\",\"logo\":{\"@type\":\"ImageObject\",\"inLanguage\":\"fr-FR\",\"@id\":\"https:\\\/\\\/www.ndiaffatactu.com\\\/#\\\/schema\\\/logo\\\/image\\\/\",\"url\":\"https:\\\/\\\/www.ndiaffatactu.com\\\/wp-content\\\/uploads\\\/2024\\\/11\\\/cropped-BAIDY.png\",\"contentUrl\":\"https:\\\/\\\/www.ndiaffatactu.com\\\/wp-content\\\/uploads\\\/2024\\\/11\\\/cropped-BAIDY.png\",\"width\":1009,\"height\":730,\"caption\":\"Ndiaffat Actu\"},\"image\":{\"@id\":\"https:\\\/\\\/www.ndiaffatactu.com\\\/#\\\/schema\\\/logo\\\/image\\\/\"}},{\"@type\":\"Person\",\"@id\":\"https:\\\/\\\/www.ndiaffatactu.com\\\/#\\\/schema\\\/person\\\/58070508ca42c5ea832aca50ebd5390a\",\"name\":\"Baidy\",\"image\":{\"@type\":\"ImageObject\",\"inLanguage\":\"fr-FR\",\"@id\":\"https:\\\/\\\/secure.gravatar.com\\\/avatar\\\/b9f71a5a3671d82da3185d341775314a0414f0fff1c9048903ccb72d937c5717?s=96&d=mm&r=g\",\"url\":\"https:\\\/\\\/secure.gravatar.com\\\/avatar\\\/b9f71a5a3671d82da3185d341775314a0414f0fff1c9048903ccb72d937c5717?s=96&d=mm&r=g\",\"contentUrl\":\"https:\\\/\\\/secure.gravatar.com\\\/avatar\\\/b9f71a5a3671d82da3185d341775314a0414f0fff1c9048903ccb72d937c5717?s=96&d=mm&r=g\",\"caption\":\"Baidy\"},\"sameAs\":[\"https:\\\/\\\/www.ndiaffatactu.com\\\/\"],\"url\":\"https:\\\/\\\/www.ndiaffatactu.com\\\/index.php\\\/author\\\/ndiaffatactu\\\/\"}]}<\/script>\n<!-- \/ Yoast SEO plugin. -->","yoast_head_json":{"title":"Unit\u00e9 1 des Parcelles endeuill\u00e9e par la perte de Famara Sabaly, figure embl\u00e9matique du quartier - Ndiaffat Actu","robots":{"index":"index","follow":"follow","max-snippet":"max-snippet:-1","max-image-preview":"max-image-preview:large","max-video-preview":"max-video-preview:-1"},"canonical":"https:\/\/www.ndiaffatactu.com\/index.php\/2025\/03\/01\/unite-1-des-parcelles-endeuillee-par-la-perte-de-famara-sabaly-figure-emblematique-du-quartier\/","og_locale":"fr_FR","og_type":"article","og_title":"Unit\u00e9 1 des Parcelles endeuill\u00e9e par la perte de Famara Sabaly, figure embl\u00e9matique du quartier - Ndiaffat Actu","og_description":"C&rsquo;est avec une profonde tristesse que le quartier Unit\u00e9 1 des Parcelles Assainies a appris le d\u00e9c\u00e8s de Famara Sabaly,","og_url":"https:\/\/www.ndiaffatactu.com\/index.php\/2025\/03\/01\/unite-1-des-parcelles-endeuillee-par-la-perte-de-famara-sabaly-figure-emblematique-du-quartier\/","og_site_name":"Ndiaffat Actu","article_published_time":"2025-03-01T11:18:22+00:00","og_image":[{"width":1280,"height":720,"url":"https:\/\/www.ndiaffatactu.com\/wp-content\/uploads\/2025\/03\/1.png","type":"image\/png"}],"author":"Baidy","twitter_card":"summary_large_image","twitter_misc":{"\u00c9crit par":"Baidy","Dur\u00e9e de lecture estim\u00e9e":"2 minutes"},"schema":{"@context":"https:\/\/schema.org","@graph":[{"@type":"Article","@id":"https:\/\/www.ndiaffatactu.com\/index.php\/2025\/03\/01\/unite-1-des-parcelles-endeuillee-par-la-perte-de-famara-sabaly-figure-emblematique-du-quartier\/#article","isPartOf":{"@id":"https:\/\/www.ndiaffatactu.com\/index.php\/2025\/03\/01\/unite-1-des-parcelles-endeuillee-par-la-perte-de-famara-sabaly-figure-emblematique-du-quartier\/"},"author":{"name":"Baidy","@id":"https:\/\/www.ndiaffatactu.com\/#\/schema\/person\/58070508ca42c5ea832aca50ebd5390a"},"headline":"Unit\u00e9 1 des Parcelles endeuill\u00e9e par la perte de Famara Sabaly, figure embl\u00e9matique du quartier","datePublished":"2025-03-01T11:18:22+00:00","mainEntityOfPage":{"@id":"https:\/\/www.ndiaffatactu.com\/index.php\/2025\/03\/01\/unite-1-des-parcelles-endeuillee-par-la-perte-de-famara-sabaly-figure-emblematique-du-quartier\/"},"wordCount":228,"commentCount":0,"publisher":{"@id":"https:\/\/www.ndiaffatactu.com\/#organization"},"image":{"@id":"https:\/\/www.ndiaffatactu.com\/index.php\/2025\/03\/01\/unite-1-des-parcelles-endeuillee-par-la-perte-de-famara-sabaly-figure-emblematique-du-quartier\/#primaryimage"},"thumbnailUrl":"https:\/\/www.ndiaffatactu.com\/wp-content\/uploads\/2025\/03\/1.png","articleSection":["ACTUALIT\u00c9S","N\u00e9crologie","News","R\u00e9cents","Soci\u00e9t\u00e9","Uncategorized"],"inLanguage":"fr-FR","potentialAction":[{"@type":"CommentAction","name":"Comment","target":["https:\/\/www.ndiaffatactu.com\/index.php\/2025\/03\/01\/unite-1-des-parcelles-endeuillee-par-la-perte-de-famara-sabaly-figure-emblematique-du-quartier\/#respond"]}]},{"@type":"WebPage","@id":"https:\/\/www.ndiaffatactu.com\/index.php\/2025\/03\/01\/unite-1-des-parcelles-endeuillee-par-la-perte-de-famara-sabaly-figure-emblematique-du-quartier\/","url":"https:\/\/www.ndiaffatactu.com\/index.php\/2025\/03\/01\/unite-1-des-parcelles-endeuillee-par-la-perte-de-famara-sabaly-figure-emblematique-du-quartier\/","name":"Unit\u00e9 1 des Parcelles endeuill\u00e9e par la perte de Famara Sabaly, figure embl\u00e9matique du quartier - Ndiaffat Actu","isPartOf":{"@id":"https:\/\/www.ndiaffatactu.com\/#website"},"primaryImageOfPage":{"@id":"https:\/\/www.ndiaffatactu.com\/index.php\/2025\/03\/01\/unite-1-des-parcelles-endeuillee-par-la-perte-de-famara-sabaly-figure-emblematique-du-quartier\/#primaryimage"},"image":{"@id":"https:\/\/www.ndiaffatactu.com\/index.php\/2025\/03\/01\/unite-1-des-parcelles-endeuillee-par-la-perte-de-famara-sabaly-figure-emblematique-du-quartier\/#primaryimage"},"thumbnailUrl":"https:\/\/www.ndiaffatactu.com\/wp-content\/uploads\/2025\/03\/1.png","datePublished":"2025-03-01T11:18:22+00:00","breadcrumb":{"@id":"https:\/\/www.ndiaffatactu.com\/index.php\/2025\/03\/01\/unite-1-des-parcelles-endeuillee-par-la-perte-de-famara-sabaly-figure-emblematique-du-quartier\/#breadcrumb"},"inLanguage":"fr-FR","potentialAction":[{"@type":"ReadAction","target":["https:\/\/www.ndiaffatactu.com\/index.php\/2025\/03\/01\/unite-1-des-parcelles-endeuillee-par-la-perte-de-famara-sabaly-figure-emblematique-du-quartier\/"]}]},{"@type":"ImageObject","inLanguage":"fr-FR","@id":"https:\/\/www.ndiaffatactu.com\/index.php\/2025\/03\/01\/unite-1-des-parcelles-endeuillee-par-la-perte-de-famara-sabaly-figure-emblematique-du-quartier\/#primaryimage","url":"https:\/\/www.ndiaffatactu.com\/wp-content\/uploads\/2025\/03\/1.png","contentUrl":"https:\/\/www.ndiaffatactu.com\/wp-content\/uploads\/2025\/03\/1.png","width":1280,"height":720},{"@type":"BreadcrumbList","@id":"https:\/\/www.ndiaffatactu.com\/index.php\/2025\/03\/01\/unite-1-des-parcelles-endeuillee-par-la-perte-de-famara-sabaly-figure-emblematique-du-quartier\/#breadcrumb","itemListElement":[{"@type":"ListItem","position":1,"name":"Home","item":"https:\/\/www.ndiaffatactu.com\/"},{"@type":"ListItem","position":2,"name":"Unit\u00e9 1 des Parcelles endeuill\u00e9e par la perte de Famara Sabaly, figure embl\u00e9matique du quartier"}]},{"@type":"WebSite","@id":"https:\/\/www.ndiaffatactu.com\/#website","url":"https:\/\/www.ndiaffatactu.com\/","name":"Ndiaffat Actu","description":"L&#039;iinformation en temps r\u00e9el","publisher":{"@id":"https:\/\/www.ndiaffatactu.com\/#organization"},"potentialAction":[{"@type":"SearchAction","target":{"@type":"EntryPoint","urlTemplate":"https:\/\/www.ndiaffatactu.com\/?s={search_term_string}"},"query-input":{"@type":"PropertyValueSpecification","valueRequired":true,"valueName":"search_term_string"}}],"inLanguage":"fr-FR"},{"@type":"Organization","@id":"https:\/\/www.ndiaffatactu.com\/#organization","name":"Ndiaffat Actu","url":"https:\/\/www.ndiaffatactu.com\/","logo":{"@type":"ImageObject","inLanguage":"fr-FR","@id":"https:\/\/www.ndiaffatactu.com\/#\/schema\/logo\/image\/","url":"https:\/\/www.ndiaffatactu.com\/wp-content\/uploads\/2024\/11\/cropped-BAIDY.png","contentUrl":"https:\/\/www.ndiaffatactu.com\/wp-content\/uploads\/2024\/11\/cropped-BAIDY.png","width":1009,"height":730,"caption":"Ndiaffat Actu"},"image":{"@id":"https:\/\/www.ndiaffatactu.com\/#\/schema\/logo\/image\/"}},{"@type":"Person","@id":"https:\/\/www.ndiaffatactu.com\/#\/schema\/person\/58070508ca42c5ea832aca50ebd5390a","name":"Baidy","image":{"@type":"ImageObject","inLanguage":"fr-FR","@id":"https:\/\/secure.gravatar.com\/avatar\/b9f71a5a3671d82da3185d341775314a0414f0fff1c9048903ccb72d937c5717?s=96&d=mm&r=g","url":"https:\/\/secure.gravatar.com\/avatar\/b9f71a5a3671d82da3185d341775314a0414f0fff1c9048903ccb72d937c5717?s=96&d=mm&r=g","contentUrl":"https:\/\/secure.gravatar.com\/avatar\/b9f71a5a3671d82da3185d341775314a0414f0fff1c9048903ccb72d937c5717?s=96&d=mm&r=g","caption":"Baidy"},"sameAs":["https:\/\/www.ndiaffatactu.com\/"],"url":"https:\/\/www.ndiaffatactu.com\/index.php\/author\/ndiaffatactu\/"}]}},"_links":{"self":[{"href":"https:\/\/www.ndiaffatactu.com\/index.php\/wp-json\/wp\/v2\/posts\/5860","targetHints":{"allow":["GET"]}}],"collection":[{"href":"https:\/\/www.ndiaffatactu.com\/index.php\/wp-json\/wp\/v2\/posts"}],"about":[{"href":"https:\/\/www.ndiaffatactu.com\/index.php\/wp-json\/wp\/v2\/types\/post"}],"author":[{"embeddable":true,"href":"https:\/\/www.ndiaffatactu.com\/index.php\/wp-json\/wp\/v2\/users\/2"}],"replies":[{"embeddable":true,"href":"https:\/\/www.ndiaffatactu.com\/index.php\/wp-json\/wp\/v2\/comments?post=5860"}],"version-history":[{"count":1,"href":"https:\/\/www.ndiaffatactu.com\/index.php\/wp-json\/wp\/v2\/posts\/5860\/revisions"}],"predecessor-version":[{"id":5863,"href":"https:\/\/www.ndiaffatactu.com\/index.php\/wp-json\/wp\/v2\/posts\/5860\/revisions\/5863"}],"wp:featuredmedia":[{"embeddable":true,"href":"https:\/\/www.ndiaffatactu.com\/index.php\/wp-json\/wp\/v2\/media\/5862"}],"wp:attachment":[{"href":"https:\/\/www.ndiaffatactu.com\/index.php\/wp-json\/wp\/v2\/media?parent=5860"}],"wp:term":[{"taxonomy":"category","embeddable":true,"href":"https:\/\/www.ndiaffatactu.com\/index.php\/wp-json\/wp\/v2\/categories?post=5860"},{"taxonomy":"post_tag","embeddable":true,"href":"https:\/\/www.ndiaffatactu.com\/index.php\/wp-json\/wp\/v2\/tags?post=5860"}],"curies":[{"name":"wp","href":"https:\/\/api.w.org\/{rel}","templated":true}]}}