{"id":5826,"date":"2025-01-27T19:01:04","date_gmt":"2025-01-27T19:01:04","guid":{"rendered":"https:\/\/www.ndiaffatactu.com\/?p=5826"},"modified":"2025-01-27T19:01:04","modified_gmt":"2025-01-27T19:01:04","slug":"deces-tragique-du-guitariste-thierno-xalam-un-talent-seteint","status":"publish","type":"post","link":"https:\/\/www.ndiaffatactu.com\/index.php\/2025\/01\/27\/deces-tragique-du-guitariste-thierno-xalam-un-talent-seteint\/","title":{"rendered":"\u00ab\u00a0D\u00e9c\u00e8s tragique du guitariste Thierno Xalam : un talent s&rsquo;\u00e9teint\u00a0\u00bb"},"content":{"rendered":"<p>\u00ab\u00a0C&rsquo;est avec une profonde tristesse que nous apprenons le d\u00e9c\u00e8s de Thierno Xalam, c\u00e9l\u00e8bre guitariste s\u00e9n\u00e9galais. Retrouv\u00e9 sans vie ce matin dans sa chambre, son absence laissera un grand vide dans le paysage musical s\u00e9n\u00e9galais.\u00a0\u00bb<br \/>\n\u00ab\u00a0La nouvelle a jet\u00e9 un froid dans la communaut\u00e9 artistique s\u00e9n\u00e9galaise. Thierno Xalam, talentueux guitariste ayant accompagn\u00e9 de nombreuses stars comme Fatou Guewel Diouf et Coumba Gawlo Seck, a \u00e9t\u00e9 retrouv\u00e9 sans vie ce matin dans sa r\u00e9sidence. Alert\u00e9s par les voisins qui n&rsquo;avaient pas de nouvelles de lui, les sapeurs-pompiers ont d\u00fb forcer la porte de sa chambre pour d\u00e9couvrir le corps.\u00a0\u00bb<\/p>\n<p>Ndiaffatactu pr\u00e9sente ses condol\u00e9ances les plus attrist\u00e9es et prie pour le repos de son \u00e2me.<\/p>\n","protected":false},"excerpt":{"rendered":"<p>\u00ab\u00a0C&rsquo;est avec une profonde tristesse que nous apprenons le d\u00e9c\u00e8s de Thierno Xalam, c\u00e9l\u00e8bre guitariste s\u00e9n\u00e9galais. Retrouv\u00e9 sans vie ce<\/p>\n","protected":false},"author":2,"featured_media":5827,"comment_status":"open","ping_status":"closed","sticky":false,"template":"","format":"standard","meta":{"colormag_page_container_layout":"default_layout","colormag_page_sidebar_layout":"default_layout","wprm-recipe-roundup-name":"","wprm-recipe-roundup-description":"","footnotes":""},"categories":[6,69,63,38,12,30],"tags":[],"class_list":["post-5826","post","type-post","status-publish","format-standard","has-post-thumbnail","hentry","category-actualites","category-information","category-litterature","category-necrologie","category-recents","category-societe"],"yoast_head":"<!-- This site is optimized with the Yoast SEO plugin v27.5 - https:\/\/yoast.com\/product\/yoast-seo-wordpress\/ -->\n<title>&quot;D\u00e9c\u00e8s tragique du guitariste Thierno Xalam : un talent s&#039;\u00e9teint&quot; - Ndiaffat Actu<\/title>\n<meta name=\"robots\" content=\"index, follow, max-snippet:-1, max-image-preview:large, max-video-preview:-1\" \/>\n<link rel=\"canonical\" href=\"https:\/\/www.ndiaffatactu.com\/index.php\/2025\/01\/27\/deces-tragique-du-guitariste-thierno-xalam-un-talent-seteint\/\" \/>\n<meta property=\"og:locale\" content=\"fr_FR\" \/>\n<meta property=\"og:type\" content=\"article\" \/>\n<meta property=\"og:title\" content=\"&quot;D\u00e9c\u00e8s tragique du guitariste Thierno Xalam : un talent s&#039;\u00e9teint&quot; - Ndiaffat Actu\" \/>\n<meta property=\"og:description\" content=\"\u00ab\u00a0C&rsquo;est avec une profonde tristesse que nous apprenons le d\u00e9c\u00e8s de Thierno Xalam, c\u00e9l\u00e8bre guitariste s\u00e9n\u00e9galais. Retrouv\u00e9 sans vie ce\" \/>\n<meta property=\"og:url\" content=\"https:\/\/www.ndiaffatactu.com\/index.php\/2025\/01\/27\/deces-tragique-du-guitariste-thierno-xalam-un-talent-seteint\/\" \/>\n<meta property=\"og:site_name\" content=\"Ndiaffat Actu\" \/>\n<meta property=\"article:published_time\" content=\"2025-01-27T19:01:04+00:00\" \/>\n<meta property=\"og:image\" content=\"https:\/\/www.ndiaffatactu.com\/wp-content\/uploads\/2025\/01\/IMG-20250127-WA0175.jpg\" \/>\n\t<meta property=\"og:image:width\" content=\"645\" \/>\n\t<meta property=\"og:image:height\" content=\"658\" \/>\n\t<meta property=\"og:image:type\" content=\"image\/jpeg\" \/>\n<meta name=\"author\" content=\"Baidy\" \/>\n<meta name=\"twitter:card\" content=\"summary_large_image\" \/>\n<meta name=\"twitter:label1\" content=\"\u00c9crit par\" \/>\n\t<meta name=\"twitter:data1\" content=\"Baidy\" \/>\n\t<meta name=\"twitter:label2\" content=\"Dur\u00e9e de lecture estim\u00e9e\" \/>\n\t<meta name=\"twitter:data2\" content=\"1 minute\" \/>\n<script type=\"application\/ld+json\" class=\"yoast-schema-graph\">{\"@context\":\"https:\\\/\\\/schema.org\",\"@graph\":[{\"@type\":\"Article\",\"@id\":\"https:\\\/\\\/www.ndiaffatactu.com\\\/index.php\\\/2025\\\/01\\\/27\\\/deces-tragique-du-guitariste-thierno-xalam-un-talent-seteint\\\/#article\",\"isPartOf\":{\"@id\":\"https:\\\/\\\/www.ndiaffatactu.com\\\/index.php\\\/2025\\\/01\\\/27\\\/deces-tragique-du-guitariste-thierno-xalam-un-talent-seteint\\\/\"},\"author\":{\"name\":\"Baidy\",\"@id\":\"https:\\\/\\\/www.ndiaffatactu.com\\\/#\\\/schema\\\/person\\\/58070508ca42c5ea832aca50ebd5390a\"},\"headline\":\"\u00ab\u00a0D\u00e9c\u00e8s tragique du guitariste Thierno Xalam : un talent s&rsquo;\u00e9teint\u00a0\u00bb\",\"datePublished\":\"2025-01-27T19:01:04+00:00\",\"mainEntityOfPage\":{\"@id\":\"https:\\\/\\\/www.ndiaffatactu.com\\\/index.php\\\/2025\\\/01\\\/27\\\/deces-tragique-du-guitariste-thierno-xalam-un-talent-seteint\\\/\"},\"wordCount\":143,\"commentCount\":0,\"publisher\":{\"@id\":\"https:\\\/\\\/www.ndiaffatactu.com\\\/#organization\"},\"image\":{\"@id\":\"https:\\\/\\\/www.ndiaffatactu.com\\\/index.php\\\/2025\\\/01\\\/27\\\/deces-tragique-du-guitariste-thierno-xalam-un-talent-seteint\\\/#primaryimage\"},\"thumbnailUrl\":\"https:\\\/\\\/www.ndiaffatactu.com\\\/wp-content\\\/uploads\\\/2025\\\/01\\\/IMG-20250127-WA0175.jpg\",\"articleSection\":[\"ACTUALIT\u00c9S\",\"Information\",\"Litt\u00e9rature\",\"N\u00e9crologie\",\"R\u00e9cents\",\"Soci\u00e9t\u00e9\"],\"inLanguage\":\"fr-FR\",\"potentialAction\":[{\"@type\":\"CommentAction\",\"name\":\"Comment\",\"target\":[\"https:\\\/\\\/www.ndiaffatactu.com\\\/index.php\\\/2025\\\/01\\\/27\\\/deces-tragique-du-guitariste-thierno-xalam-un-talent-seteint\\\/#respond\"]}]},{\"@type\":\"WebPage\",\"@id\":\"https:\\\/\\\/www.ndiaffatactu.com\\\/index.php\\\/2025\\\/01\\\/27\\\/deces-tragique-du-guitariste-thierno-xalam-un-talent-seteint\\\/\",\"url\":\"https:\\\/\\\/www.ndiaffatactu.com\\\/index.php\\\/2025\\\/01\\\/27\\\/deces-tragique-du-guitariste-thierno-xalam-un-talent-seteint\\\/\",\"name\":\"\\\"D\u00e9c\u00e8s tragique du guitariste Thierno Xalam : un talent s'\u00e9teint\\\" - Ndiaffat Actu\",\"isPartOf\":{\"@id\":\"https:\\\/\\\/www.ndiaffatactu.com\\\/#website\"},\"primaryImageOfPage\":{\"@id\":\"https:\\\/\\\/www.ndiaffatactu.com\\\/index.php\\\/2025\\\/01\\\/27\\\/deces-tragique-du-guitariste-thierno-xalam-un-talent-seteint\\\/#primaryimage\"},\"image\":{\"@id\":\"https:\\\/\\\/www.ndiaffatactu.com\\\/index.php\\\/2025\\\/01\\\/27\\\/deces-tragique-du-guitariste-thierno-xalam-un-talent-seteint\\\/#primaryimage\"},\"thumbnailUrl\":\"https:\\\/\\\/www.ndiaffatactu.com\\\/wp-content\\\/uploads\\\/2025\\\/01\\\/IMG-20250127-WA0175.jpg\",\"datePublished\":\"2025-01-27T19:01:04+00:00\",\"breadcrumb\":{\"@id\":\"https:\\\/\\\/www.ndiaffatactu.com\\\/index.php\\\/2025\\\/01\\\/27\\\/deces-tragique-du-guitariste-thierno-xalam-un-talent-seteint\\\/#breadcrumb\"},\"inLanguage\":\"fr-FR\",\"potentialAction\":[{\"@type\":\"ReadAction\",\"target\":[\"https:\\\/\\\/www.ndiaffatactu.com\\\/index.php\\\/2025\\\/01\\\/27\\\/deces-tragique-du-guitariste-thierno-xalam-un-talent-seteint\\\/\"]}]},{\"@type\":\"ImageObject\",\"inLanguage\":\"fr-FR\",\"@id\":\"https:\\\/\\\/www.ndiaffatactu.com\\\/index.php\\\/2025\\\/01\\\/27\\\/deces-tragique-du-guitariste-thierno-xalam-un-talent-seteint\\\/#primaryimage\",\"url\":\"https:\\\/\\\/www.ndiaffatactu.com\\\/wp-content\\\/uploads\\\/2025\\\/01\\\/IMG-20250127-WA0175.jpg\",\"contentUrl\":\"https:\\\/\\\/www.ndiaffatactu.com\\\/wp-content\\\/uploads\\\/2025\\\/01\\\/IMG-20250127-WA0175.jpg\",\"width\":645,\"height\":658},{\"@type\":\"BreadcrumbList\",\"@id\":\"https:\\\/\\\/www.ndiaffatactu.com\\\/index.php\\\/2025\\\/01\\\/27\\\/deces-tragique-du-guitariste-thierno-xalam-un-talent-seteint\\\/#breadcrumb\",\"itemListElement\":[{\"@type\":\"ListItem\",\"position\":1,\"name\":\"Home\",\"item\":\"https:\\\/\\\/www.ndiaffatactu.com\\\/\"},{\"@type\":\"ListItem\",\"position\":2,\"name\":\"\u00ab\u00a0D\u00e9c\u00e8s tragique du guitariste Thierno Xalam : un talent s&rsquo;\u00e9teint\u00a0\u00bb\"}]},{\"@type\":\"WebSite\",\"@id\":\"https:\\\/\\\/www.ndiaffatactu.com\\\/#website\",\"url\":\"https:\\\/\\\/www.ndiaffatactu.com\\\/\",\"name\":\"Ndiaffat Actu\",\"description\":\"L&#039;iinformation en temps r\u00e9el\",\"publisher\":{\"@id\":\"https:\\\/\\\/www.ndiaffatactu.com\\\/#organization\"},\"potentialAction\":[{\"@type\":\"SearchAction\",\"target\":{\"@type\":\"EntryPoint\",\"urlTemplate\":\"https:\\\/\\\/www.ndiaffatactu.com\\\/?s={search_term_string}\"},\"query-input\":{\"@type\":\"PropertyValueSpecification\",\"valueRequired\":true,\"valueName\":\"search_term_string\"}}],\"inLanguage\":\"fr-FR\"},{\"@type\":\"Organization\",\"@id\":\"https:\\\/\\\/www.ndiaffatactu.com\\\/#organization\",\"name\":\"Ndiaffat Actu\",\"url\":\"https:\\\/\\\/www.ndiaffatactu.com\\\/\",\"logo\":{\"@type\":\"ImageObject\",\"inLanguage\":\"fr-FR\",\"@id\":\"https:\\\/\\\/www.ndiaffatactu.com\\\/#\\\/schema\\\/logo\\\/image\\\/\",\"url\":\"https:\\\/\\\/www.ndiaffatactu.com\\\/wp-content\\\/uploads\\\/2024\\\/11\\\/cropped-BAIDY.png\",\"contentUrl\":\"https:\\\/\\\/www.ndiaffatactu.com\\\/wp-content\\\/uploads\\\/2024\\\/11\\\/cropped-BAIDY.png\",\"width\":1009,\"height\":730,\"caption\":\"Ndiaffat Actu\"},\"image\":{\"@id\":\"https:\\\/\\\/www.ndiaffatactu.com\\\/#\\\/schema\\\/logo\\\/image\\\/\"}},{\"@type\":\"Person\",\"@id\":\"https:\\\/\\\/www.ndiaffatactu.com\\\/#\\\/schema\\\/person\\\/58070508ca42c5ea832aca50ebd5390a\",\"name\":\"Baidy\",\"image\":{\"@type\":\"ImageObject\",\"inLanguage\":\"fr-FR\",\"@id\":\"https:\\\/\\\/secure.gravatar.com\\\/avatar\\\/b9f71a5a3671d82da3185d341775314a0414f0fff1c9048903ccb72d937c5717?s=96&d=mm&r=g\",\"url\":\"https:\\\/\\\/secure.gravatar.com\\\/avatar\\\/b9f71a5a3671d82da3185d341775314a0414f0fff1c9048903ccb72d937c5717?s=96&d=mm&r=g\",\"contentUrl\":\"https:\\\/\\\/secure.gravatar.com\\\/avatar\\\/b9f71a5a3671d82da3185d341775314a0414f0fff1c9048903ccb72d937c5717?s=96&d=mm&r=g\",\"caption\":\"Baidy\"},\"sameAs\":[\"https:\\\/\\\/www.ndiaffatactu.com\\\/\"],\"url\":\"https:\\\/\\\/www.ndiaffatactu.com\\\/index.php\\\/author\\\/ndiaffatactu\\\/\"}]}<\/script>\n<!-- \/ Yoast SEO plugin. -->","yoast_head_json":{"title":"\"D\u00e9c\u00e8s tragique du guitariste Thierno Xalam : un talent s'\u00e9teint\" - Ndiaffat Actu","robots":{"index":"index","follow":"follow","max-snippet":"max-snippet:-1","max-image-preview":"max-image-preview:large","max-video-preview":"max-video-preview:-1"},"canonical":"https:\/\/www.ndiaffatactu.com\/index.php\/2025\/01\/27\/deces-tragique-du-guitariste-thierno-xalam-un-talent-seteint\/","og_locale":"fr_FR","og_type":"article","og_title":"\"D\u00e9c\u00e8s tragique du guitariste Thierno Xalam : un talent s'\u00e9teint\" - Ndiaffat Actu","og_description":"\u00ab\u00a0C&rsquo;est avec une profonde tristesse que nous apprenons le d\u00e9c\u00e8s de Thierno Xalam, c\u00e9l\u00e8bre guitariste s\u00e9n\u00e9galais. Retrouv\u00e9 sans vie ce","og_url":"https:\/\/www.ndiaffatactu.com\/index.php\/2025\/01\/27\/deces-tragique-du-guitariste-thierno-xalam-un-talent-seteint\/","og_site_name":"Ndiaffat Actu","article_published_time":"2025-01-27T19:01:04+00:00","og_image":[{"width":645,"height":658,"url":"https:\/\/www.ndiaffatactu.com\/wp-content\/uploads\/2025\/01\/IMG-20250127-WA0175.jpg","type":"image\/jpeg"}],"author":"Baidy","twitter_card":"summary_large_image","twitter_misc":{"\u00c9crit par":"Baidy","Dur\u00e9e de lecture estim\u00e9e":"1 minute"},"schema":{"@context":"https:\/\/schema.org","@graph":[{"@type":"Article","@id":"https:\/\/www.ndiaffatactu.com\/index.php\/2025\/01\/27\/deces-tragique-du-guitariste-thierno-xalam-un-talent-seteint\/#article","isPartOf":{"@id":"https:\/\/www.ndiaffatactu.com\/index.php\/2025\/01\/27\/deces-tragique-du-guitariste-thierno-xalam-un-talent-seteint\/"},"author":{"name":"Baidy","@id":"https:\/\/www.ndiaffatactu.com\/#\/schema\/person\/58070508ca42c5ea832aca50ebd5390a"},"headline":"\u00ab\u00a0D\u00e9c\u00e8s tragique du guitariste Thierno Xalam : un talent s&rsquo;\u00e9teint\u00a0\u00bb","datePublished":"2025-01-27T19:01:04+00:00","mainEntityOfPage":{"@id":"https:\/\/www.ndiaffatactu.com\/index.php\/2025\/01\/27\/deces-tragique-du-guitariste-thierno-xalam-un-talent-seteint\/"},"wordCount":143,"commentCount":0,"publisher":{"@id":"https:\/\/www.ndiaffatactu.com\/#organization"},"image":{"@id":"https:\/\/www.ndiaffatactu.com\/index.php\/2025\/01\/27\/deces-tragique-du-guitariste-thierno-xalam-un-talent-seteint\/#primaryimage"},"thumbnailUrl":"https:\/\/www.ndiaffatactu.com\/wp-content\/uploads\/2025\/01\/IMG-20250127-WA0175.jpg","articleSection":["ACTUALIT\u00c9S","Information","Litt\u00e9rature","N\u00e9crologie","R\u00e9cents","Soci\u00e9t\u00e9"],"inLanguage":"fr-FR","potentialAction":[{"@type":"CommentAction","name":"Comment","target":["https:\/\/www.ndiaffatactu.com\/index.php\/2025\/01\/27\/deces-tragique-du-guitariste-thierno-xalam-un-talent-seteint\/#respond"]}]},{"@type":"WebPage","@id":"https:\/\/www.ndiaffatactu.com\/index.php\/2025\/01\/27\/deces-tragique-du-guitariste-thierno-xalam-un-talent-seteint\/","url":"https:\/\/www.ndiaffatactu.com\/index.php\/2025\/01\/27\/deces-tragique-du-guitariste-thierno-xalam-un-talent-seteint\/","name":"\"D\u00e9c\u00e8s tragique du guitariste Thierno Xalam : un talent s'\u00e9teint\" - Ndiaffat Actu","isPartOf":{"@id":"https:\/\/www.ndiaffatactu.com\/#website"},"primaryImageOfPage":{"@id":"https:\/\/www.ndiaffatactu.com\/index.php\/2025\/01\/27\/deces-tragique-du-guitariste-thierno-xalam-un-talent-seteint\/#primaryimage"},"image":{"@id":"https:\/\/www.ndiaffatactu.com\/index.php\/2025\/01\/27\/deces-tragique-du-guitariste-thierno-xalam-un-talent-seteint\/#primaryimage"},"thumbnailUrl":"https:\/\/www.ndiaffatactu.com\/wp-content\/uploads\/2025\/01\/IMG-20250127-WA0175.jpg","datePublished":"2025-01-27T19:01:04+00:00","breadcrumb":{"@id":"https:\/\/www.ndiaffatactu.com\/index.php\/2025\/01\/27\/deces-tragique-du-guitariste-thierno-xalam-un-talent-seteint\/#breadcrumb"},"inLanguage":"fr-FR","potentialAction":[{"@type":"ReadAction","target":["https:\/\/www.ndiaffatactu.com\/index.php\/2025\/01\/27\/deces-tragique-du-guitariste-thierno-xalam-un-talent-seteint\/"]}]},{"@type":"ImageObject","inLanguage":"fr-FR","@id":"https:\/\/www.ndiaffatactu.com\/index.php\/2025\/01\/27\/deces-tragique-du-guitariste-thierno-xalam-un-talent-seteint\/#primaryimage","url":"https:\/\/www.ndiaffatactu.com\/wp-content\/uploads\/2025\/01\/IMG-20250127-WA0175.jpg","contentUrl":"https:\/\/www.ndiaffatactu.com\/wp-content\/uploads\/2025\/01\/IMG-20250127-WA0175.jpg","width":645,"height":658},{"@type":"BreadcrumbList","@id":"https:\/\/www.ndiaffatactu.com\/index.php\/2025\/01\/27\/deces-tragique-du-guitariste-thierno-xalam-un-talent-seteint\/#breadcrumb","itemListElement":[{"@type":"ListItem","position":1,"name":"Home","item":"https:\/\/www.ndiaffatactu.com\/"},{"@type":"ListItem","position":2,"name":"\u00ab\u00a0D\u00e9c\u00e8s tragique du guitariste Thierno Xalam : un talent s&rsquo;\u00e9teint\u00a0\u00bb"}]},{"@type":"WebSite","@id":"https:\/\/www.ndiaffatactu.com\/#website","url":"https:\/\/www.ndiaffatactu.com\/","name":"Ndiaffat Actu","description":"L&#039;iinformation en temps r\u00e9el","publisher":{"@id":"https:\/\/www.ndiaffatactu.com\/#organization"},"potentialAction":[{"@type":"SearchAction","target":{"@type":"EntryPoint","urlTemplate":"https:\/\/www.ndiaffatactu.com\/?s={search_term_string}"},"query-input":{"@type":"PropertyValueSpecification","valueRequired":true,"valueName":"search_term_string"}}],"inLanguage":"fr-FR"},{"@type":"Organization","@id":"https:\/\/www.ndiaffatactu.com\/#organization","name":"Ndiaffat Actu","url":"https:\/\/www.ndiaffatactu.com\/","logo":{"@type":"ImageObject","inLanguage":"fr-FR","@id":"https:\/\/www.ndiaffatactu.com\/#\/schema\/logo\/image\/","url":"https:\/\/www.ndiaffatactu.com\/wp-content\/uploads\/2024\/11\/cropped-BAIDY.png","contentUrl":"https:\/\/www.ndiaffatactu.com\/wp-content\/uploads\/2024\/11\/cropped-BAIDY.png","width":1009,"height":730,"caption":"Ndiaffat Actu"},"image":{"@id":"https:\/\/www.ndiaffatactu.com\/#\/schema\/logo\/image\/"}},{"@type":"Person","@id":"https:\/\/www.ndiaffatactu.com\/#\/schema\/person\/58070508ca42c5ea832aca50ebd5390a","name":"Baidy","image":{"@type":"ImageObject","inLanguage":"fr-FR","@id":"https:\/\/secure.gravatar.com\/avatar\/b9f71a5a3671d82da3185d341775314a0414f0fff1c9048903ccb72d937c5717?s=96&d=mm&r=g","url":"https:\/\/secure.gravatar.com\/avatar\/b9f71a5a3671d82da3185d341775314a0414f0fff1c9048903ccb72d937c5717?s=96&d=mm&r=g","contentUrl":"https:\/\/secure.gravatar.com\/avatar\/b9f71a5a3671d82da3185d341775314a0414f0fff1c9048903ccb72d937c5717?s=96&d=mm&r=g","caption":"Baidy"},"sameAs":["https:\/\/www.ndiaffatactu.com\/"],"url":"https:\/\/www.ndiaffatactu.com\/index.php\/author\/ndiaffatactu\/"}]}},"_links":{"self":[{"href":"https:\/\/www.ndiaffatactu.com\/index.php\/wp-json\/wp\/v2\/posts\/5826","targetHints":{"allow":["GET"]}}],"collection":[{"href":"https:\/\/www.ndiaffatactu.com\/index.php\/wp-json\/wp\/v2\/posts"}],"about":[{"href":"https:\/\/www.ndiaffatactu.com\/index.php\/wp-json\/wp\/v2\/types\/post"}],"author":[{"embeddable":true,"href":"https:\/\/www.ndiaffatactu.com\/index.php\/wp-json\/wp\/v2\/users\/2"}],"replies":[{"embeddable":true,"href":"https:\/\/www.ndiaffatactu.com\/index.php\/wp-json\/wp\/v2\/comments?post=5826"}],"version-history":[{"count":1,"href":"https:\/\/www.ndiaffatactu.com\/index.php\/wp-json\/wp\/v2\/posts\/5826\/revisions"}],"predecessor-version":[{"id":5828,"href":"https:\/\/www.ndiaffatactu.com\/index.php\/wp-json\/wp\/v2\/posts\/5826\/revisions\/5828"}],"wp:featuredmedia":[{"embeddable":true,"href":"https:\/\/www.ndiaffatactu.com\/index.php\/wp-json\/wp\/v2\/media\/5827"}],"wp:attachment":[{"href":"https:\/\/www.ndiaffatactu.com\/index.php\/wp-json\/wp\/v2\/media?parent=5826"}],"wp:term":[{"taxonomy":"category","embeddable":true,"href":"https:\/\/www.ndiaffatactu.com\/index.php\/wp-json\/wp\/v2\/categories?post=5826"},{"taxonomy":"post_tag","embeddable":true,"href":"https:\/\/www.ndiaffatactu.com\/index.php\/wp-json\/wp\/v2\/tags?post=5826"}],"curies":[{"name":"wp","href":"https:\/\/api.w.org\/{rel}","templated":true}]}}