{"id":5822,"date":"2025-01-24T17:35:39","date_gmt":"2025-01-24T17:35:39","guid":{"rendered":"https:\/\/www.ndiaffatactu.com\/?p=5822"},"modified":"2025-01-24T17:35:39","modified_gmt":"2025-01-24T17:35:39","slug":"reconciliation-au-sein-de-la-presse-larpl-retire-sa-plainte-contre-aissatou-diop-fall-apres-des-excuses-publiques","status":"publish","type":"post","link":"https:\/\/www.ndiaffatactu.com\/index.php\/2025\/01\/24\/reconciliation-au-sein-de-la-presse-larpl-retire-sa-plainte-contre-aissatou-diop-fall-apres-des-excuses-publiques\/","title":{"rendered":"R\u00e9conciliation au sein de la presse : l&rsquo;ARPL retire sa plainte contre Aissatou Diop Fall apr\u00e8s des excuses publiques"},"content":{"rendered":"<h3>Gr\u00e2ce \u00e0 la m\u00e9diation avis\u00e9e de Samba Biagui, directeur de la Maison de la Presse, un climat d&rsquo;apaisement a \u00e9t\u00e9 r\u00e9tabli entre Aissatou Diop Fall (ADF) et l&rsquo;Association des Responsables de la Presse en Ligne (ARPL). Cette intervention a permis de d\u00e9samorcer un conflit qui mena\u00e7ait de ternir l&rsquo;image de la presse s\u00e9n\u00e9galaise.<\/h3>\n<h4>Au c\u0153ur de la tension se trouvait une plainte d\u00e9pos\u00e9e par l&rsquo;ARPL contre Aissatou Diop Fall, suite \u00e0 des propos jug\u00e9s offensants \u00e0 l&rsquo;encontre des responsables de la presse en ligne. Cependant, lors d&rsquo;une rencontre organis\u00e9e par Samba Biagui, ADF a pr\u00e9sent\u00e9 des excuses publiques, reconnaissant la port\u00e9e de ses d\u00e9clarations et exprimant son souhait de r\u00e9tablir un climat de respect et de collaboration.<\/h4>\n<h4>Face \u00e0 cet acte de contrition, l&rsquo;ARPL a d\u00e9cid\u00e9 de retirer sa plainte, affirmant que son objectif principal \u00e9tait de d\u00e9fendre l&rsquo;honneur de ses membres et non d&rsquo;entretenir des querelles inutiles. \u00ab\u00a0Nous saluons les excuses de Madame Aissatou Diop Fall et remercions Samba Biagui pour son r\u00f4le d\u00e9terminant dans cette r\u00e9conciliation. La presse s\u00e9n\u00e9galaise a besoin d&rsquo;unit\u00e9 pour relever les d\u00e9fis auxquels elle est confront\u00e9e,\u00a0\u00bb a d\u00e9clar\u00e9 un repr\u00e9sentant de l&rsquo;ARPL.<\/h4>\n<h4>Cette r\u00e9solution montre l&rsquo;importance du dialogue et de la m\u00e9diation dans la gestion des conflits, surtout dans un secteur aussi strat\u00e9gique que la presse. En travaillant main dans la main, les acteurs de ce domaine peuvent continuer \u00e0 jouer leur r\u00f4le essentiel dans la promotion de l&rsquo;information et du d\u00e9bat public au S\u00e9n\u00e9gal.<\/h4>\n","protected":false},"excerpt":{"rendered":"<p>Gr\u00e2ce \u00e0 la m\u00e9diation avis\u00e9e de Samba Biagui, directeur de la Maison de la Presse, un climat d&rsquo;apaisement a \u00e9t\u00e9<\/p>\n","protected":false},"author":2,"featured_media":5823,"comment_status":"open","ping_status":"closed","sticky":false,"template":"","format":"standard","meta":{"colormag_page_container_layout":"default_layout","colormag_page_sidebar_layout":"default_layout","wprm-recipe-roundup-name":"","wprm-recipe-roundup-description":"","footnotes":""},"categories":[6,60,69,12],"tags":[],"class_list":["post-5822","post","type-post","status-publish","format-standard","has-post-thumbnail","hentry","category-actualites","category-economie","category-information","category-recents"],"yoast_head":"<!-- This site is optimized with the Yoast SEO plugin v27.5 - https:\/\/yoast.com\/product\/yoast-seo-wordpress\/ -->\n<title>R\u00e9conciliation au sein de la presse : l&#039;ARPL retire sa plainte contre Aissatou Diop Fall apr\u00e8s des excuses publiques - Ndiaffat Actu<\/title>\n<meta name=\"robots\" content=\"index, follow, max-snippet:-1, max-image-preview:large, max-video-preview:-1\" \/>\n<link rel=\"canonical\" href=\"https:\/\/www.ndiaffatactu.com\/index.php\/2025\/01\/24\/reconciliation-au-sein-de-la-presse-larpl-retire-sa-plainte-contre-aissatou-diop-fall-apres-des-excuses-publiques\/\" \/>\n<meta property=\"og:locale\" content=\"fr_FR\" \/>\n<meta property=\"og:type\" content=\"article\" \/>\n<meta property=\"og:title\" content=\"R\u00e9conciliation au sein de la presse : l&#039;ARPL retire sa plainte contre Aissatou Diop Fall apr\u00e8s des excuses publiques - Ndiaffat Actu\" \/>\n<meta property=\"og:description\" content=\"Gr\u00e2ce \u00e0 la m\u00e9diation avis\u00e9e de Samba Biagui, directeur de la Maison de la Presse, un climat d&rsquo;apaisement a \u00e9t\u00e9\" \/>\n<meta property=\"og:url\" content=\"https:\/\/www.ndiaffatactu.com\/index.php\/2025\/01\/24\/reconciliation-au-sein-de-la-presse-larpl-retire-sa-plainte-contre-aissatou-diop-fall-apres-des-excuses-publiques\/\" \/>\n<meta property=\"og:site_name\" content=\"Ndiaffat Actu\" \/>\n<meta property=\"article:published_time\" content=\"2025-01-24T17:35:39+00:00\" \/>\n<meta property=\"og:image\" content=\"https:\/\/www.ndiaffatactu.com\/wp-content\/uploads\/2025\/01\/9b48b9ef-85a7-4e4c-9955-7f40947fc78d.jpeg\" \/>\n\t<meta property=\"og:image:width\" content=\"1080\" \/>\n\t<meta property=\"og:image:height\" content=\"618\" \/>\n\t<meta property=\"og:image:type\" content=\"image\/jpeg\" \/>\n<meta name=\"author\" content=\"Baidy\" \/>\n<meta name=\"twitter:card\" content=\"summary_large_image\" \/>\n<meta name=\"twitter:label1\" content=\"\u00c9crit par\" \/>\n\t<meta name=\"twitter:data1\" content=\"Baidy\" \/>\n\t<meta name=\"twitter:label2\" content=\"Dur\u00e9e de lecture estim\u00e9e\" \/>\n\t<meta name=\"twitter:data2\" content=\"2 minutes\" \/>\n<script type=\"application\/ld+json\" class=\"yoast-schema-graph\">{\"@context\":\"https:\\\/\\\/schema.org\",\"@graph\":[{\"@type\":\"Article\",\"@id\":\"https:\\\/\\\/www.ndiaffatactu.com\\\/index.php\\\/2025\\\/01\\\/24\\\/reconciliation-au-sein-de-la-presse-larpl-retire-sa-plainte-contre-aissatou-diop-fall-apres-des-excuses-publiques\\\/#article\",\"isPartOf\":{\"@id\":\"https:\\\/\\\/www.ndiaffatactu.com\\\/index.php\\\/2025\\\/01\\\/24\\\/reconciliation-au-sein-de-la-presse-larpl-retire-sa-plainte-contre-aissatou-diop-fall-apres-des-excuses-publiques\\\/\"},\"author\":{\"name\":\"Baidy\",\"@id\":\"https:\\\/\\\/www.ndiaffatactu.com\\\/#\\\/schema\\\/person\\\/58070508ca42c5ea832aca50ebd5390a\"},\"headline\":\"R\u00e9conciliation au sein de la presse : l&rsquo;ARPL retire sa plainte contre Aissatou Diop Fall apr\u00e8s des excuses publiques\",\"datePublished\":\"2025-01-24T17:35:39+00:00\",\"mainEntityOfPage\":{\"@id\":\"https:\\\/\\\/www.ndiaffatactu.com\\\/index.php\\\/2025\\\/01\\\/24\\\/reconciliation-au-sein-de-la-presse-larpl-retire-sa-plainte-contre-aissatou-diop-fall-apres-des-excuses-publiques\\\/\"},\"wordCount\":305,\"commentCount\":0,\"publisher\":{\"@id\":\"https:\\\/\\\/www.ndiaffatactu.com\\\/#organization\"},\"image\":{\"@id\":\"https:\\\/\\\/www.ndiaffatactu.com\\\/index.php\\\/2025\\\/01\\\/24\\\/reconciliation-au-sein-de-la-presse-larpl-retire-sa-plainte-contre-aissatou-diop-fall-apres-des-excuses-publiques\\\/#primaryimage\"},\"thumbnailUrl\":\"https:\\\/\\\/www.ndiaffatactu.com\\\/wp-content\\\/uploads\\\/2025\\\/01\\\/9b48b9ef-85a7-4e4c-9955-7f40947fc78d.jpeg\",\"articleSection\":[\"ACTUALIT\u00c9S\",\"Economie\",\"Information\",\"R\u00e9cents\"],\"inLanguage\":\"fr-FR\",\"potentialAction\":[{\"@type\":\"CommentAction\",\"name\":\"Comment\",\"target\":[\"https:\\\/\\\/www.ndiaffatactu.com\\\/index.php\\\/2025\\\/01\\\/24\\\/reconciliation-au-sein-de-la-presse-larpl-retire-sa-plainte-contre-aissatou-diop-fall-apres-des-excuses-publiques\\\/#respond\"]}]},{\"@type\":\"WebPage\",\"@id\":\"https:\\\/\\\/www.ndiaffatactu.com\\\/index.php\\\/2025\\\/01\\\/24\\\/reconciliation-au-sein-de-la-presse-larpl-retire-sa-plainte-contre-aissatou-diop-fall-apres-des-excuses-publiques\\\/\",\"url\":\"https:\\\/\\\/www.ndiaffatactu.com\\\/index.php\\\/2025\\\/01\\\/24\\\/reconciliation-au-sein-de-la-presse-larpl-retire-sa-plainte-contre-aissatou-diop-fall-apres-des-excuses-publiques\\\/\",\"name\":\"R\u00e9conciliation au sein de la presse : l'ARPL retire sa plainte contre Aissatou Diop Fall apr\u00e8s des excuses publiques - Ndiaffat Actu\",\"isPartOf\":{\"@id\":\"https:\\\/\\\/www.ndiaffatactu.com\\\/#website\"},\"primaryImageOfPage\":{\"@id\":\"https:\\\/\\\/www.ndiaffatactu.com\\\/index.php\\\/2025\\\/01\\\/24\\\/reconciliation-au-sein-de-la-presse-larpl-retire-sa-plainte-contre-aissatou-diop-fall-apres-des-excuses-publiques\\\/#primaryimage\"},\"image\":{\"@id\":\"https:\\\/\\\/www.ndiaffatactu.com\\\/index.php\\\/2025\\\/01\\\/24\\\/reconciliation-au-sein-de-la-presse-larpl-retire-sa-plainte-contre-aissatou-diop-fall-apres-des-excuses-publiques\\\/#primaryimage\"},\"thumbnailUrl\":\"https:\\\/\\\/www.ndiaffatactu.com\\\/wp-content\\\/uploads\\\/2025\\\/01\\\/9b48b9ef-85a7-4e4c-9955-7f40947fc78d.jpeg\",\"datePublished\":\"2025-01-24T17:35:39+00:00\",\"breadcrumb\":{\"@id\":\"https:\\\/\\\/www.ndiaffatactu.com\\\/index.php\\\/2025\\\/01\\\/24\\\/reconciliation-au-sein-de-la-presse-larpl-retire-sa-plainte-contre-aissatou-diop-fall-apres-des-excuses-publiques\\\/#breadcrumb\"},\"inLanguage\":\"fr-FR\",\"potentialAction\":[{\"@type\":\"ReadAction\",\"target\":[\"https:\\\/\\\/www.ndiaffatactu.com\\\/index.php\\\/2025\\\/01\\\/24\\\/reconciliation-au-sein-de-la-presse-larpl-retire-sa-plainte-contre-aissatou-diop-fall-apres-des-excuses-publiques\\\/\"]}]},{\"@type\":\"ImageObject\",\"inLanguage\":\"fr-FR\",\"@id\":\"https:\\\/\\\/www.ndiaffatactu.com\\\/index.php\\\/2025\\\/01\\\/24\\\/reconciliation-au-sein-de-la-presse-larpl-retire-sa-plainte-contre-aissatou-diop-fall-apres-des-excuses-publiques\\\/#primaryimage\",\"url\":\"https:\\\/\\\/www.ndiaffatactu.com\\\/wp-content\\\/uploads\\\/2025\\\/01\\\/9b48b9ef-85a7-4e4c-9955-7f40947fc78d.jpeg\",\"contentUrl\":\"https:\\\/\\\/www.ndiaffatactu.com\\\/wp-content\\\/uploads\\\/2025\\\/01\\\/9b48b9ef-85a7-4e4c-9955-7f40947fc78d.jpeg\",\"width\":1080,\"height\":618},{\"@type\":\"BreadcrumbList\",\"@id\":\"https:\\\/\\\/www.ndiaffatactu.com\\\/index.php\\\/2025\\\/01\\\/24\\\/reconciliation-au-sein-de-la-presse-larpl-retire-sa-plainte-contre-aissatou-diop-fall-apres-des-excuses-publiques\\\/#breadcrumb\",\"itemListElement\":[{\"@type\":\"ListItem\",\"position\":1,\"name\":\"Home\",\"item\":\"https:\\\/\\\/www.ndiaffatactu.com\\\/\"},{\"@type\":\"ListItem\",\"position\":2,\"name\":\"R\u00e9conciliation au sein de la presse : l&rsquo;ARPL retire sa plainte contre Aissatou Diop Fall apr\u00e8s des excuses publiques\"}]},{\"@type\":\"WebSite\",\"@id\":\"https:\\\/\\\/www.ndiaffatactu.com\\\/#website\",\"url\":\"https:\\\/\\\/www.ndiaffatactu.com\\\/\",\"name\":\"Ndiaffat Actu\",\"description\":\"L&#039;iinformation en temps r\u00e9el\",\"publisher\":{\"@id\":\"https:\\\/\\\/www.ndiaffatactu.com\\\/#organization\"},\"potentialAction\":[{\"@type\":\"SearchAction\",\"target\":{\"@type\":\"EntryPoint\",\"urlTemplate\":\"https:\\\/\\\/www.ndiaffatactu.com\\\/?s={search_term_string}\"},\"query-input\":{\"@type\":\"PropertyValueSpecification\",\"valueRequired\":true,\"valueName\":\"search_term_string\"}}],\"inLanguage\":\"fr-FR\"},{\"@type\":\"Organization\",\"@id\":\"https:\\\/\\\/www.ndiaffatactu.com\\\/#organization\",\"name\":\"Ndiaffat Actu\",\"url\":\"https:\\\/\\\/www.ndiaffatactu.com\\\/\",\"logo\":{\"@type\":\"ImageObject\",\"inLanguage\":\"fr-FR\",\"@id\":\"https:\\\/\\\/www.ndiaffatactu.com\\\/#\\\/schema\\\/logo\\\/image\\\/\",\"url\":\"https:\\\/\\\/www.ndiaffatactu.com\\\/wp-content\\\/uploads\\\/2024\\\/11\\\/cropped-BAIDY.png\",\"contentUrl\":\"https:\\\/\\\/www.ndiaffatactu.com\\\/wp-content\\\/uploads\\\/2024\\\/11\\\/cropped-BAIDY.png\",\"width\":1009,\"height\":730,\"caption\":\"Ndiaffat Actu\"},\"image\":{\"@id\":\"https:\\\/\\\/www.ndiaffatactu.com\\\/#\\\/schema\\\/logo\\\/image\\\/\"}},{\"@type\":\"Person\",\"@id\":\"https:\\\/\\\/www.ndiaffatactu.com\\\/#\\\/schema\\\/person\\\/58070508ca42c5ea832aca50ebd5390a\",\"name\":\"Baidy\",\"image\":{\"@type\":\"ImageObject\",\"inLanguage\":\"fr-FR\",\"@id\":\"https:\\\/\\\/secure.gravatar.com\\\/avatar\\\/b9f71a5a3671d82da3185d341775314a0414f0fff1c9048903ccb72d937c5717?s=96&d=mm&r=g\",\"url\":\"https:\\\/\\\/secure.gravatar.com\\\/avatar\\\/b9f71a5a3671d82da3185d341775314a0414f0fff1c9048903ccb72d937c5717?s=96&d=mm&r=g\",\"contentUrl\":\"https:\\\/\\\/secure.gravatar.com\\\/avatar\\\/b9f71a5a3671d82da3185d341775314a0414f0fff1c9048903ccb72d937c5717?s=96&d=mm&r=g\",\"caption\":\"Baidy\"},\"sameAs\":[\"https:\\\/\\\/www.ndiaffatactu.com\\\/\"],\"url\":\"https:\\\/\\\/www.ndiaffatactu.com\\\/index.php\\\/author\\\/ndiaffatactu\\\/\"}]}<\/script>\n<!-- \/ Yoast SEO plugin. -->","yoast_head_json":{"title":"R\u00e9conciliation au sein de la presse : l'ARPL retire sa plainte contre Aissatou Diop Fall apr\u00e8s des excuses publiques - Ndiaffat Actu","robots":{"index":"index","follow":"follow","max-snippet":"max-snippet:-1","max-image-preview":"max-image-preview:large","max-video-preview":"max-video-preview:-1"},"canonical":"https:\/\/www.ndiaffatactu.com\/index.php\/2025\/01\/24\/reconciliation-au-sein-de-la-presse-larpl-retire-sa-plainte-contre-aissatou-diop-fall-apres-des-excuses-publiques\/","og_locale":"fr_FR","og_type":"article","og_title":"R\u00e9conciliation au sein de la presse : l'ARPL retire sa plainte contre Aissatou Diop Fall apr\u00e8s des excuses publiques - Ndiaffat Actu","og_description":"Gr\u00e2ce \u00e0 la m\u00e9diation avis\u00e9e de Samba Biagui, directeur de la Maison de la Presse, un climat d&rsquo;apaisement a \u00e9t\u00e9","og_url":"https:\/\/www.ndiaffatactu.com\/index.php\/2025\/01\/24\/reconciliation-au-sein-de-la-presse-larpl-retire-sa-plainte-contre-aissatou-diop-fall-apres-des-excuses-publiques\/","og_site_name":"Ndiaffat Actu","article_published_time":"2025-01-24T17:35:39+00:00","og_image":[{"width":1080,"height":618,"url":"https:\/\/www.ndiaffatactu.com\/wp-content\/uploads\/2025\/01\/9b48b9ef-85a7-4e4c-9955-7f40947fc78d.jpeg","type":"image\/jpeg"}],"author":"Baidy","twitter_card":"summary_large_image","twitter_misc":{"\u00c9crit par":"Baidy","Dur\u00e9e de lecture estim\u00e9e":"2 minutes"},"schema":{"@context":"https:\/\/schema.org","@graph":[{"@type":"Article","@id":"https:\/\/www.ndiaffatactu.com\/index.php\/2025\/01\/24\/reconciliation-au-sein-de-la-presse-larpl-retire-sa-plainte-contre-aissatou-diop-fall-apres-des-excuses-publiques\/#article","isPartOf":{"@id":"https:\/\/www.ndiaffatactu.com\/index.php\/2025\/01\/24\/reconciliation-au-sein-de-la-presse-larpl-retire-sa-plainte-contre-aissatou-diop-fall-apres-des-excuses-publiques\/"},"author":{"name":"Baidy","@id":"https:\/\/www.ndiaffatactu.com\/#\/schema\/person\/58070508ca42c5ea832aca50ebd5390a"},"headline":"R\u00e9conciliation au sein de la presse : l&rsquo;ARPL retire sa plainte contre Aissatou Diop Fall apr\u00e8s des excuses publiques","datePublished":"2025-01-24T17:35:39+00:00","mainEntityOfPage":{"@id":"https:\/\/www.ndiaffatactu.com\/index.php\/2025\/01\/24\/reconciliation-au-sein-de-la-presse-larpl-retire-sa-plainte-contre-aissatou-diop-fall-apres-des-excuses-publiques\/"},"wordCount":305,"commentCount":0,"publisher":{"@id":"https:\/\/www.ndiaffatactu.com\/#organization"},"image":{"@id":"https:\/\/www.ndiaffatactu.com\/index.php\/2025\/01\/24\/reconciliation-au-sein-de-la-presse-larpl-retire-sa-plainte-contre-aissatou-diop-fall-apres-des-excuses-publiques\/#primaryimage"},"thumbnailUrl":"https:\/\/www.ndiaffatactu.com\/wp-content\/uploads\/2025\/01\/9b48b9ef-85a7-4e4c-9955-7f40947fc78d.jpeg","articleSection":["ACTUALIT\u00c9S","Economie","Information","R\u00e9cents"],"inLanguage":"fr-FR","potentialAction":[{"@type":"CommentAction","name":"Comment","target":["https:\/\/www.ndiaffatactu.com\/index.php\/2025\/01\/24\/reconciliation-au-sein-de-la-presse-larpl-retire-sa-plainte-contre-aissatou-diop-fall-apres-des-excuses-publiques\/#respond"]}]},{"@type":"WebPage","@id":"https:\/\/www.ndiaffatactu.com\/index.php\/2025\/01\/24\/reconciliation-au-sein-de-la-presse-larpl-retire-sa-plainte-contre-aissatou-diop-fall-apres-des-excuses-publiques\/","url":"https:\/\/www.ndiaffatactu.com\/index.php\/2025\/01\/24\/reconciliation-au-sein-de-la-presse-larpl-retire-sa-plainte-contre-aissatou-diop-fall-apres-des-excuses-publiques\/","name":"R\u00e9conciliation au sein de la presse : l'ARPL retire sa plainte contre Aissatou Diop Fall apr\u00e8s des excuses publiques - Ndiaffat Actu","isPartOf":{"@id":"https:\/\/www.ndiaffatactu.com\/#website"},"primaryImageOfPage":{"@id":"https:\/\/www.ndiaffatactu.com\/index.php\/2025\/01\/24\/reconciliation-au-sein-de-la-presse-larpl-retire-sa-plainte-contre-aissatou-diop-fall-apres-des-excuses-publiques\/#primaryimage"},"image":{"@id":"https:\/\/www.ndiaffatactu.com\/index.php\/2025\/01\/24\/reconciliation-au-sein-de-la-presse-larpl-retire-sa-plainte-contre-aissatou-diop-fall-apres-des-excuses-publiques\/#primaryimage"},"thumbnailUrl":"https:\/\/www.ndiaffatactu.com\/wp-content\/uploads\/2025\/01\/9b48b9ef-85a7-4e4c-9955-7f40947fc78d.jpeg","datePublished":"2025-01-24T17:35:39+00:00","breadcrumb":{"@id":"https:\/\/www.ndiaffatactu.com\/index.php\/2025\/01\/24\/reconciliation-au-sein-de-la-presse-larpl-retire-sa-plainte-contre-aissatou-diop-fall-apres-des-excuses-publiques\/#breadcrumb"},"inLanguage":"fr-FR","potentialAction":[{"@type":"ReadAction","target":["https:\/\/www.ndiaffatactu.com\/index.php\/2025\/01\/24\/reconciliation-au-sein-de-la-presse-larpl-retire-sa-plainte-contre-aissatou-diop-fall-apres-des-excuses-publiques\/"]}]},{"@type":"ImageObject","inLanguage":"fr-FR","@id":"https:\/\/www.ndiaffatactu.com\/index.php\/2025\/01\/24\/reconciliation-au-sein-de-la-presse-larpl-retire-sa-plainte-contre-aissatou-diop-fall-apres-des-excuses-publiques\/#primaryimage","url":"https:\/\/www.ndiaffatactu.com\/wp-content\/uploads\/2025\/01\/9b48b9ef-85a7-4e4c-9955-7f40947fc78d.jpeg","contentUrl":"https:\/\/www.ndiaffatactu.com\/wp-content\/uploads\/2025\/01\/9b48b9ef-85a7-4e4c-9955-7f40947fc78d.jpeg","width":1080,"height":618},{"@type":"BreadcrumbList","@id":"https:\/\/www.ndiaffatactu.com\/index.php\/2025\/01\/24\/reconciliation-au-sein-de-la-presse-larpl-retire-sa-plainte-contre-aissatou-diop-fall-apres-des-excuses-publiques\/#breadcrumb","itemListElement":[{"@type":"ListItem","position":1,"name":"Home","item":"https:\/\/www.ndiaffatactu.com\/"},{"@type":"ListItem","position":2,"name":"R\u00e9conciliation au sein de la presse : l&rsquo;ARPL retire sa plainte contre Aissatou Diop Fall apr\u00e8s des excuses publiques"}]},{"@type":"WebSite","@id":"https:\/\/www.ndiaffatactu.com\/#website","url":"https:\/\/www.ndiaffatactu.com\/","name":"Ndiaffat Actu","description":"L&#039;iinformation en temps r\u00e9el","publisher":{"@id":"https:\/\/www.ndiaffatactu.com\/#organization"},"potentialAction":[{"@type":"SearchAction","target":{"@type":"EntryPoint","urlTemplate":"https:\/\/www.ndiaffatactu.com\/?s={search_term_string}"},"query-input":{"@type":"PropertyValueSpecification","valueRequired":true,"valueName":"search_term_string"}}],"inLanguage":"fr-FR"},{"@type":"Organization","@id":"https:\/\/www.ndiaffatactu.com\/#organization","name":"Ndiaffat Actu","url":"https:\/\/www.ndiaffatactu.com\/","logo":{"@type":"ImageObject","inLanguage":"fr-FR","@id":"https:\/\/www.ndiaffatactu.com\/#\/schema\/logo\/image\/","url":"https:\/\/www.ndiaffatactu.com\/wp-content\/uploads\/2024\/11\/cropped-BAIDY.png","contentUrl":"https:\/\/www.ndiaffatactu.com\/wp-content\/uploads\/2024\/11\/cropped-BAIDY.png","width":1009,"height":730,"caption":"Ndiaffat Actu"},"image":{"@id":"https:\/\/www.ndiaffatactu.com\/#\/schema\/logo\/image\/"}},{"@type":"Person","@id":"https:\/\/www.ndiaffatactu.com\/#\/schema\/person\/58070508ca42c5ea832aca50ebd5390a","name":"Baidy","image":{"@type":"ImageObject","inLanguage":"fr-FR","@id":"https:\/\/secure.gravatar.com\/avatar\/b9f71a5a3671d82da3185d341775314a0414f0fff1c9048903ccb72d937c5717?s=96&d=mm&r=g","url":"https:\/\/secure.gravatar.com\/avatar\/b9f71a5a3671d82da3185d341775314a0414f0fff1c9048903ccb72d937c5717?s=96&d=mm&r=g","contentUrl":"https:\/\/secure.gravatar.com\/avatar\/b9f71a5a3671d82da3185d341775314a0414f0fff1c9048903ccb72d937c5717?s=96&d=mm&r=g","caption":"Baidy"},"sameAs":["https:\/\/www.ndiaffatactu.com\/"],"url":"https:\/\/www.ndiaffatactu.com\/index.php\/author\/ndiaffatactu\/"}]}},"_links":{"self":[{"href":"https:\/\/www.ndiaffatactu.com\/index.php\/wp-json\/wp\/v2\/posts\/5822","targetHints":{"allow":["GET"]}}],"collection":[{"href":"https:\/\/www.ndiaffatactu.com\/index.php\/wp-json\/wp\/v2\/posts"}],"about":[{"href":"https:\/\/www.ndiaffatactu.com\/index.php\/wp-json\/wp\/v2\/types\/post"}],"author":[{"embeddable":true,"href":"https:\/\/www.ndiaffatactu.com\/index.php\/wp-json\/wp\/v2\/users\/2"}],"replies":[{"embeddable":true,"href":"https:\/\/www.ndiaffatactu.com\/index.php\/wp-json\/wp\/v2\/comments?post=5822"}],"version-history":[{"count":1,"href":"https:\/\/www.ndiaffatactu.com\/index.php\/wp-json\/wp\/v2\/posts\/5822\/revisions"}],"predecessor-version":[{"id":5824,"href":"https:\/\/www.ndiaffatactu.com\/index.php\/wp-json\/wp\/v2\/posts\/5822\/revisions\/5824"}],"wp:featuredmedia":[{"embeddable":true,"href":"https:\/\/www.ndiaffatactu.com\/index.php\/wp-json\/wp\/v2\/media\/5823"}],"wp:attachment":[{"href":"https:\/\/www.ndiaffatactu.com\/index.php\/wp-json\/wp\/v2\/media?parent=5822"}],"wp:term":[{"taxonomy":"category","embeddable":true,"href":"https:\/\/www.ndiaffatactu.com\/index.php\/wp-json\/wp\/v2\/categories?post=5822"},{"taxonomy":"post_tag","embeddable":true,"href":"https:\/\/www.ndiaffatactu.com\/index.php\/wp-json\/wp\/v2\/tags?post=5822"}],"curies":[{"name":"wp","href":"https:\/\/api.w.org\/{rel}","templated":true}]}}