{"id":5370,"date":"2024-05-02T14:36:41","date_gmt":"2024-05-02T14:36:41","guid":{"rendered":"https:\/\/www.ndiaffatactu.com\/?p=5370"},"modified":"2024-05-02T14:37:07","modified_gmt":"2024-05-02T14:37:07","slug":"necrologie-deces-de-habib-moma","status":"publish","type":"post","link":"https:\/\/www.ndiaffatactu.com\/index.php\/2024\/05\/02\/necrologie-deces-de-habib-moma\/","title":{"rendered":"N\u00e9crologie: D\u00e9c\u00e9s de Habib Moma \u00e0 Ndiaffate"},"content":{"rendered":"<h2>La commune de Ndiaffate en deuil suite \u00e0 l&rsquo;annonce du d\u00e9c\u00e9s de Habib Moma survenu ce jeudi \u00e0 l&rsquo;h\u00f4pital El Hadji Ibrahima Niasse de Kaolack des suites d&rsquo;une maladie.<\/h2>\n<h3>Cet agent de Free \u00e0 Mbour \u00e2g\u00e9 d&rsquo;une quarantaine d&rsquo;ann\u00e9es laisse derri\u00e8re lui une femme et deux enfants.<\/h3>\n<h3>L&rsquo;enterrement est pr\u00e9vu ce jeudi \u00e0 17h \u00e0 Paoskoto .<\/h3>\n<h3>Ndiaffatactu vient de perdre un v\u00e9ritable informateur qui ne cessait d&rsquo;oeuvrer pour le rayonnement de Ndiaffate.<\/h3>\n<h3>Le PDG de Ndiaffatactu pr\u00e9sente ses condol\u00e9ances \u00e1 la famille \u00e8plor\u00e9e et prie pour le repos de son \u00e2me.<\/h3>\n","protected":false},"excerpt":{"rendered":"<p>La commune de Ndiaffate en deuil suite \u00e0 l&rsquo;annonce du d\u00e9c\u00e9s de Habib Moma survenu ce jeudi \u00e0 l&rsquo;h\u00f4pital El<\/p>\n","protected":false},"author":2,"featured_media":0,"comment_status":"open","ping_status":"closed","sticky":false,"template":"","format":"standard","meta":{"colormag_page_container_layout":"default_layout","colormag_page_sidebar_layout":"default_layout","wprm-recipe-roundup-name":"","wprm-recipe-roundup-description":"","footnotes":""},"categories":[6,38,12,30],"tags":[],"class_list":["post-5370","post","type-post","status-publish","format-standard","hentry","category-actualites","category-necrologie","category-recents","category-societe"],"yoast_head":"<!-- This site is optimized with the Yoast SEO plugin v27.5 - https:\/\/yoast.com\/product\/yoast-seo-wordpress\/ -->\n<title>N\u00e9crologie: D\u00e9c\u00e9s de Habib Moma \u00e0 Ndiaffate - Ndiaffat Actu<\/title>\n<meta name=\"robots\" content=\"index, follow, max-snippet:-1, max-image-preview:large, max-video-preview:-1\" \/>\n<link rel=\"canonical\" href=\"https:\/\/www.ndiaffatactu.com\/index.php\/2024\/05\/02\/necrologie-deces-de-habib-moma\/\" \/>\n<meta property=\"og:locale\" content=\"fr_FR\" \/>\n<meta property=\"og:type\" content=\"article\" \/>\n<meta property=\"og:title\" content=\"N\u00e9crologie: D\u00e9c\u00e9s de Habib Moma \u00e0 Ndiaffate - Ndiaffat Actu\" \/>\n<meta property=\"og:description\" content=\"La commune de Ndiaffate en deuil suite \u00e0 l&rsquo;annonce du d\u00e9c\u00e9s de Habib Moma survenu ce jeudi \u00e0 l&rsquo;h\u00f4pital El\" \/>\n<meta property=\"og:url\" content=\"https:\/\/www.ndiaffatactu.com\/index.php\/2024\/05\/02\/necrologie-deces-de-habib-moma\/\" \/>\n<meta property=\"og:site_name\" content=\"Ndiaffat Actu\" \/>\n<meta property=\"article:published_time\" content=\"2024-05-02T14:36:41+00:00\" \/>\n<meta property=\"article:modified_time\" content=\"2024-05-02T14:37:07+00:00\" \/>\n<meta property=\"og:image\" content=\"https:\/\/www.ndiaffatactu.com\/wp-content\/uploads\/2024\/05\/Capture-decran-2024-05-02-a-14.34.34.png\" \/>\n\t<meta property=\"og:image:width\" content=\"374\" \/>\n\t<meta property=\"og:image:height\" content=\"219\" \/>\n\t<meta property=\"og:image:type\" content=\"image\/png\" \/>\n<meta name=\"author\" content=\"Baidy\" \/>\n<meta name=\"twitter:card\" content=\"summary_large_image\" \/>\n<meta name=\"twitter:label1\" content=\"\u00c9crit par\" \/>\n\t<meta name=\"twitter:data1\" content=\"Baidy\" \/>\n\t<meta name=\"twitter:label2\" content=\"Dur\u00e9e de lecture estim\u00e9e\" \/>\n\t<meta name=\"twitter:data2\" content=\"1 minute\" \/>\n<script type=\"application\/ld+json\" class=\"yoast-schema-graph\">{\"@context\":\"https:\\\/\\\/schema.org\",\"@graph\":[{\"@type\":\"Article\",\"@id\":\"https:\\\/\\\/www.ndiaffatactu.com\\\/index.php\\\/2024\\\/05\\\/02\\\/necrologie-deces-de-habib-moma\\\/#article\",\"isPartOf\":{\"@id\":\"https:\\\/\\\/www.ndiaffatactu.com\\\/index.php\\\/2024\\\/05\\\/02\\\/necrologie-deces-de-habib-moma\\\/\"},\"author\":{\"name\":\"Baidy\",\"@id\":\"https:\\\/\\\/www.ndiaffatactu.com\\\/#\\\/schema\\\/person\\\/58070508ca42c5ea832aca50ebd5390a\"},\"headline\":\"N\u00e9crologie: D\u00e9c\u00e9s de Habib Moma \u00e0 Ndiaffate\",\"datePublished\":\"2024-05-02T14:36:41+00:00\",\"dateModified\":\"2024-05-02T14:37:07+00:00\",\"mainEntityOfPage\":{\"@id\":\"https:\\\/\\\/www.ndiaffatactu.com\\\/index.php\\\/2024\\\/05\\\/02\\\/necrologie-deces-de-habib-moma\\\/\"},\"wordCount\":111,\"commentCount\":0,\"publisher\":{\"@id\":\"https:\\\/\\\/www.ndiaffatactu.com\\\/#organization\"},\"articleSection\":[\"ACTUALIT\u00c9S\",\"N\u00e9crologie\",\"R\u00e9cents\",\"Soci\u00e9t\u00e9\"],\"inLanguage\":\"fr-FR\",\"potentialAction\":[{\"@type\":\"CommentAction\",\"name\":\"Comment\",\"target\":[\"https:\\\/\\\/www.ndiaffatactu.com\\\/index.php\\\/2024\\\/05\\\/02\\\/necrologie-deces-de-habib-moma\\\/#respond\"]}]},{\"@type\":\"WebPage\",\"@id\":\"https:\\\/\\\/www.ndiaffatactu.com\\\/index.php\\\/2024\\\/05\\\/02\\\/necrologie-deces-de-habib-moma\\\/\",\"url\":\"https:\\\/\\\/www.ndiaffatactu.com\\\/index.php\\\/2024\\\/05\\\/02\\\/necrologie-deces-de-habib-moma\\\/\",\"name\":\"N\u00e9crologie: D\u00e9c\u00e9s de Habib Moma \u00e0 Ndiaffate - Ndiaffat Actu\",\"isPartOf\":{\"@id\":\"https:\\\/\\\/www.ndiaffatactu.com\\\/#website\"},\"datePublished\":\"2024-05-02T14:36:41+00:00\",\"dateModified\":\"2024-05-02T14:37:07+00:00\",\"breadcrumb\":{\"@id\":\"https:\\\/\\\/www.ndiaffatactu.com\\\/index.php\\\/2024\\\/05\\\/02\\\/necrologie-deces-de-habib-moma\\\/#breadcrumb\"},\"inLanguage\":\"fr-FR\",\"potentialAction\":[{\"@type\":\"ReadAction\",\"target\":[\"https:\\\/\\\/www.ndiaffatactu.com\\\/index.php\\\/2024\\\/05\\\/02\\\/necrologie-deces-de-habib-moma\\\/\"]}]},{\"@type\":\"BreadcrumbList\",\"@id\":\"https:\\\/\\\/www.ndiaffatactu.com\\\/index.php\\\/2024\\\/05\\\/02\\\/necrologie-deces-de-habib-moma\\\/#breadcrumb\",\"itemListElement\":[{\"@type\":\"ListItem\",\"position\":1,\"name\":\"Home\",\"item\":\"https:\\\/\\\/www.ndiaffatactu.com\\\/\"},{\"@type\":\"ListItem\",\"position\":2,\"name\":\"N\u00e9crologie: D\u00e9c\u00e9s de Habib Moma \u00e0 Ndiaffate\"}]},{\"@type\":\"WebSite\",\"@id\":\"https:\\\/\\\/www.ndiaffatactu.com\\\/#website\",\"url\":\"https:\\\/\\\/www.ndiaffatactu.com\\\/\",\"name\":\"Ndiaffat Actu\",\"description\":\"L&#039;iinformation en temps r\u00e9el\",\"publisher\":{\"@id\":\"https:\\\/\\\/www.ndiaffatactu.com\\\/#organization\"},\"potentialAction\":[{\"@type\":\"SearchAction\",\"target\":{\"@type\":\"EntryPoint\",\"urlTemplate\":\"https:\\\/\\\/www.ndiaffatactu.com\\\/?s={search_term_string}\"},\"query-input\":{\"@type\":\"PropertyValueSpecification\",\"valueRequired\":true,\"valueName\":\"search_term_string\"}}],\"inLanguage\":\"fr-FR\"},{\"@type\":\"Organization\",\"@id\":\"https:\\\/\\\/www.ndiaffatactu.com\\\/#organization\",\"name\":\"Ndiaffat Actu\",\"url\":\"https:\\\/\\\/www.ndiaffatactu.com\\\/\",\"logo\":{\"@type\":\"ImageObject\",\"inLanguage\":\"fr-FR\",\"@id\":\"https:\\\/\\\/www.ndiaffatactu.com\\\/#\\\/schema\\\/logo\\\/image\\\/\",\"url\":\"https:\\\/\\\/www.ndiaffatactu.com\\\/wp-content\\\/uploads\\\/2024\\\/11\\\/cropped-BAIDY.png\",\"contentUrl\":\"https:\\\/\\\/www.ndiaffatactu.com\\\/wp-content\\\/uploads\\\/2024\\\/11\\\/cropped-BAIDY.png\",\"width\":1009,\"height\":730,\"caption\":\"Ndiaffat Actu\"},\"image\":{\"@id\":\"https:\\\/\\\/www.ndiaffatactu.com\\\/#\\\/schema\\\/logo\\\/image\\\/\"}},{\"@type\":\"Person\",\"@id\":\"https:\\\/\\\/www.ndiaffatactu.com\\\/#\\\/schema\\\/person\\\/58070508ca42c5ea832aca50ebd5390a\",\"name\":\"Baidy\",\"image\":{\"@type\":\"ImageObject\",\"inLanguage\":\"fr-FR\",\"@id\":\"https:\\\/\\\/secure.gravatar.com\\\/avatar\\\/b9f71a5a3671d82da3185d341775314a0414f0fff1c9048903ccb72d937c5717?s=96&d=mm&r=g\",\"url\":\"https:\\\/\\\/secure.gravatar.com\\\/avatar\\\/b9f71a5a3671d82da3185d341775314a0414f0fff1c9048903ccb72d937c5717?s=96&d=mm&r=g\",\"contentUrl\":\"https:\\\/\\\/secure.gravatar.com\\\/avatar\\\/b9f71a5a3671d82da3185d341775314a0414f0fff1c9048903ccb72d937c5717?s=96&d=mm&r=g\",\"caption\":\"Baidy\"},\"sameAs\":[\"https:\\\/\\\/www.ndiaffatactu.com\\\/\"],\"url\":\"https:\\\/\\\/www.ndiaffatactu.com\\\/index.php\\\/author\\\/ndiaffatactu\\\/\"}]}<\/script>\n<!-- \/ Yoast SEO plugin. -->","yoast_head_json":{"title":"N\u00e9crologie: D\u00e9c\u00e9s de Habib Moma \u00e0 Ndiaffate - Ndiaffat Actu","robots":{"index":"index","follow":"follow","max-snippet":"max-snippet:-1","max-image-preview":"max-image-preview:large","max-video-preview":"max-video-preview:-1"},"canonical":"https:\/\/www.ndiaffatactu.com\/index.php\/2024\/05\/02\/necrologie-deces-de-habib-moma\/","og_locale":"fr_FR","og_type":"article","og_title":"N\u00e9crologie: D\u00e9c\u00e9s de Habib Moma \u00e0 Ndiaffate - Ndiaffat Actu","og_description":"La commune de Ndiaffate en deuil suite \u00e0 l&rsquo;annonce du d\u00e9c\u00e9s de Habib Moma survenu ce jeudi \u00e0 l&rsquo;h\u00f4pital El","og_url":"https:\/\/www.ndiaffatactu.com\/index.php\/2024\/05\/02\/necrologie-deces-de-habib-moma\/","og_site_name":"Ndiaffat Actu","article_published_time":"2024-05-02T14:36:41+00:00","article_modified_time":"2024-05-02T14:37:07+00:00","og_image":[{"width":374,"height":219,"url":"https:\/\/www.ndiaffatactu.com\/wp-content\/uploads\/2024\/05\/Capture-decran-2024-05-02-a-14.34.34.png","type":"image\/png"}],"author":"Baidy","twitter_card":"summary_large_image","twitter_misc":{"\u00c9crit par":"Baidy","Dur\u00e9e de lecture estim\u00e9e":"1 minute"},"schema":{"@context":"https:\/\/schema.org","@graph":[{"@type":"Article","@id":"https:\/\/www.ndiaffatactu.com\/index.php\/2024\/05\/02\/necrologie-deces-de-habib-moma\/#article","isPartOf":{"@id":"https:\/\/www.ndiaffatactu.com\/index.php\/2024\/05\/02\/necrologie-deces-de-habib-moma\/"},"author":{"name":"Baidy","@id":"https:\/\/www.ndiaffatactu.com\/#\/schema\/person\/58070508ca42c5ea832aca50ebd5390a"},"headline":"N\u00e9crologie: D\u00e9c\u00e9s de Habib Moma \u00e0 Ndiaffate","datePublished":"2024-05-02T14:36:41+00:00","dateModified":"2024-05-02T14:37:07+00:00","mainEntityOfPage":{"@id":"https:\/\/www.ndiaffatactu.com\/index.php\/2024\/05\/02\/necrologie-deces-de-habib-moma\/"},"wordCount":111,"commentCount":0,"publisher":{"@id":"https:\/\/www.ndiaffatactu.com\/#organization"},"articleSection":["ACTUALIT\u00c9S","N\u00e9crologie","R\u00e9cents","Soci\u00e9t\u00e9"],"inLanguage":"fr-FR","potentialAction":[{"@type":"CommentAction","name":"Comment","target":["https:\/\/www.ndiaffatactu.com\/index.php\/2024\/05\/02\/necrologie-deces-de-habib-moma\/#respond"]}]},{"@type":"WebPage","@id":"https:\/\/www.ndiaffatactu.com\/index.php\/2024\/05\/02\/necrologie-deces-de-habib-moma\/","url":"https:\/\/www.ndiaffatactu.com\/index.php\/2024\/05\/02\/necrologie-deces-de-habib-moma\/","name":"N\u00e9crologie: D\u00e9c\u00e9s de Habib Moma \u00e0 Ndiaffate - Ndiaffat Actu","isPartOf":{"@id":"https:\/\/www.ndiaffatactu.com\/#website"},"datePublished":"2024-05-02T14:36:41+00:00","dateModified":"2024-05-02T14:37:07+00:00","breadcrumb":{"@id":"https:\/\/www.ndiaffatactu.com\/index.php\/2024\/05\/02\/necrologie-deces-de-habib-moma\/#breadcrumb"},"inLanguage":"fr-FR","potentialAction":[{"@type":"ReadAction","target":["https:\/\/www.ndiaffatactu.com\/index.php\/2024\/05\/02\/necrologie-deces-de-habib-moma\/"]}]},{"@type":"BreadcrumbList","@id":"https:\/\/www.ndiaffatactu.com\/index.php\/2024\/05\/02\/necrologie-deces-de-habib-moma\/#breadcrumb","itemListElement":[{"@type":"ListItem","position":1,"name":"Home","item":"https:\/\/www.ndiaffatactu.com\/"},{"@type":"ListItem","position":2,"name":"N\u00e9crologie: D\u00e9c\u00e9s de Habib Moma \u00e0 Ndiaffate"}]},{"@type":"WebSite","@id":"https:\/\/www.ndiaffatactu.com\/#website","url":"https:\/\/www.ndiaffatactu.com\/","name":"Ndiaffat Actu","description":"L&#039;iinformation en temps r\u00e9el","publisher":{"@id":"https:\/\/www.ndiaffatactu.com\/#organization"},"potentialAction":[{"@type":"SearchAction","target":{"@type":"EntryPoint","urlTemplate":"https:\/\/www.ndiaffatactu.com\/?s={search_term_string}"},"query-input":{"@type":"PropertyValueSpecification","valueRequired":true,"valueName":"search_term_string"}}],"inLanguage":"fr-FR"},{"@type":"Organization","@id":"https:\/\/www.ndiaffatactu.com\/#organization","name":"Ndiaffat Actu","url":"https:\/\/www.ndiaffatactu.com\/","logo":{"@type":"ImageObject","inLanguage":"fr-FR","@id":"https:\/\/www.ndiaffatactu.com\/#\/schema\/logo\/image\/","url":"https:\/\/www.ndiaffatactu.com\/wp-content\/uploads\/2024\/11\/cropped-BAIDY.png","contentUrl":"https:\/\/www.ndiaffatactu.com\/wp-content\/uploads\/2024\/11\/cropped-BAIDY.png","width":1009,"height":730,"caption":"Ndiaffat Actu"},"image":{"@id":"https:\/\/www.ndiaffatactu.com\/#\/schema\/logo\/image\/"}},{"@type":"Person","@id":"https:\/\/www.ndiaffatactu.com\/#\/schema\/person\/58070508ca42c5ea832aca50ebd5390a","name":"Baidy","image":{"@type":"ImageObject","inLanguage":"fr-FR","@id":"https:\/\/secure.gravatar.com\/avatar\/b9f71a5a3671d82da3185d341775314a0414f0fff1c9048903ccb72d937c5717?s=96&d=mm&r=g","url":"https:\/\/secure.gravatar.com\/avatar\/b9f71a5a3671d82da3185d341775314a0414f0fff1c9048903ccb72d937c5717?s=96&d=mm&r=g","contentUrl":"https:\/\/secure.gravatar.com\/avatar\/b9f71a5a3671d82da3185d341775314a0414f0fff1c9048903ccb72d937c5717?s=96&d=mm&r=g","caption":"Baidy"},"sameAs":["https:\/\/www.ndiaffatactu.com\/"],"url":"https:\/\/www.ndiaffatactu.com\/index.php\/author\/ndiaffatactu\/"}]}},"_links":{"self":[{"href":"https:\/\/www.ndiaffatactu.com\/index.php\/wp-json\/wp\/v2\/posts\/5370","targetHints":{"allow":["GET"]}}],"collection":[{"href":"https:\/\/www.ndiaffatactu.com\/index.php\/wp-json\/wp\/v2\/posts"}],"about":[{"href":"https:\/\/www.ndiaffatactu.com\/index.php\/wp-json\/wp\/v2\/types\/post"}],"author":[{"embeddable":true,"href":"https:\/\/www.ndiaffatactu.com\/index.php\/wp-json\/wp\/v2\/users\/2"}],"replies":[{"embeddable":true,"href":"https:\/\/www.ndiaffatactu.com\/index.php\/wp-json\/wp\/v2\/comments?post=5370"}],"version-history":[{"count":2,"href":"https:\/\/www.ndiaffatactu.com\/index.php\/wp-json\/wp\/v2\/posts\/5370\/revisions"}],"predecessor-version":[{"id":5373,"href":"https:\/\/www.ndiaffatactu.com\/index.php\/wp-json\/wp\/v2\/posts\/5370\/revisions\/5373"}],"wp:attachment":[{"href":"https:\/\/www.ndiaffatactu.com\/index.php\/wp-json\/wp\/v2\/media?parent=5370"}],"wp:term":[{"taxonomy":"category","embeddable":true,"href":"https:\/\/www.ndiaffatactu.com\/index.php\/wp-json\/wp\/v2\/categories?post=5370"},{"taxonomy":"post_tag","embeddable":true,"href":"https:\/\/www.ndiaffatactu.com\/index.php\/wp-json\/wp\/v2\/tags?post=5370"}],"curies":[{"name":"wp","href":"https:\/\/api.w.org\/{rel}","templated":true}]}}