{"id":5142,"date":"2024-03-04T11:57:28","date_gmt":"2024-03-04T11:57:28","guid":{"rendered":"https:\/\/www.ndiaffatactu.com\/?p=5142"},"modified":"2024-03-04T11:58:30","modified_gmt":"2024-03-04T11:58:30","slug":"projet-de-loi-damnistie-decouvrez-les-contours-document","status":"publish","type":"post","link":"https:\/\/www.ndiaffatactu.com\/index.php\/2024\/03\/04\/projet-de-loi-damnistie-decouvrez-les-contours-document\/","title":{"rendered":"Projet de loi d\u2019amnistie : D\u00e9couvrez les contours (Document)"},"content":{"rendered":"<p><strong>Le projet de loi d\u2019amnistie sera soumis a l\u2019appr\u00e9ciation de l\u2019Assembl\u00e9e nationale\u2026 Ainsi, suite \u00e0 son adoption en Conseil des ministres le mercredi 28 f\u00e9vrier 2024, le chef de l\u2019Etat est pass\u00e9 \u00e0 l\u2019acte.<\/strong><\/p>\n<h4>Le projet de loi d\u2019amnistie, adopt\u00e9 en Conseil des ministres le 28 f\u00e9vrier 2024, sera soumis \u00e0 l\u2019appr\u00e9ciation de l\u2019Assembl\u00e9e nationale. Ce projet vise \u00e0 amnistier les infractions commises au S\u00e9n\u00e9gal et \u00e0 l\u2019\u00e9tranger, couvrant la p\u00e9riode de 2021 \u00e0 2024.<\/h4>\n<h4>La conf\u00e9rence des pr\u00e9sidents devrait se r\u00e9unir pour \u00e9tablir le calendrier de travail concernant ce projet.<\/h4>\n<p><strong>Projet de loi portant amnistie :<\/strong><\/p>\n<p><strong>DECRETE :<\/strong><\/p>\n<h3>Article premier, \u2013 Le projet de loi dont le texte est annex\u00e9 au pr\u00e9sent d\u00e9cret, sera pr\u00e9sent\u00e9 \u00e0 l\u2019Assembl\u00e9e nationale par le Garde de Sceaux. Ministre de la Justice qui sera \u00e9galement charg\u00e9 d\u2019en exposer les motifs et d\u2019en soutenir la discussion.<\/h3>\n<div class=\"google-auto-placed ap_container\">\n<h3>Article 2.- Le Garde de Sceaux, Ministre de la Justice et le Ministre du Travail, du Dialogue social et des Relations avec les Institutions sont charg\u00e9s, chacun en ce qui le concerne, de L\u2019ex\u00e9cution du pr\u00e9sent d\u00e9cret qui sera publi\u00e9 au Joumal officiel<\/h3>\n<div class=\"google-auto-placed ap_container\">Fait \u00e0 Dakar, le 1\u00b0 mars 2024<\/div>\n<div>\n<div class=\"article-detail-content\">\n<p>Projet de loi portant amnistie<\/p>\n<p><strong>EXPOS\u00c9 DES MOTIFS<\/strong><\/p>\n<h4>Dans le but d\u2019apaisement du climat politique et social, de renforcement de la coh\u00e9sion nationale, de consolidation du dialogue national, et afin de permettre \u00e0 certaines personnes qui ont eu maille \u00e0 partir avec la justice de participer pleinement \u00e0 la vie d\u00e9mocratique, Monsieur le Pr\u00e9sident de la R\u00e9publique entend poursuivre la mise en \u0153uvre des mesures de d\u00e9crispation, au-del\u00e0 du droit de gr\u00e2ce que lui reconna\u00eet la Constitution.<\/h4>\n<h4>De surcro\u00eet, la volont\u00e9 du l\u00e9gislateur a toujours \u00e9t\u00e9 de favoriser l\u2019exercice d\u00e9mocratique dans un contexte de dialogue et d\u2019ouverture politique. Cela s\u2019est traduit \u00e0 chaque fois par l\u2019adoption de lois portant amnistie des infractions criminelles et correctionnelles ayant un lien avec des \u00e9v\u00e9nements politiques conflictuels.<\/h4>\n<h4>Certaines poursuites engag\u00e9es devant les juridictions ont abouti \u00e0 des condamnations ayant entra\u00een\u00e9 des incapacit\u00e9s et des d\u00e9ch\u00e9ances li\u00e9es aux droits de vote et d\u2019\u00e9lection.<\/h4>\n<h4>C\u2019est dans cet esprit que le pr\u00e9sent projet de loi intervient pour amnistier les infractions commises tant au S\u00e9n\u00e9gal qu\u2019\u00e0 l\u2019\u00e9tranger et couvrant une p\u00e9riode allant de 2021 \u00e0 2024.<\/h4>\n<h4>Pendant longtemps, le l\u00e9gislateur a voulu privil\u00e9gier la voie de l\u2019amnistie de plein droit qui a un caract\u00e8re g\u00e9n\u00e9ral et anonyme avec un champ d\u2019application large effa\u00e7ant sans aucune distinction, les infractions vis\u00e9es.<\/h4>\n<h4>Le pr\u00e9sent projet de loi permettra \u00e0 des personnes priv\u00e9es de leurs droits civiques et politiques d\u2019\u00eatre r\u00e9tablies dans leurs droits.<\/h4>\n<h4>Telle est l\u2019\u00e9conomie du pr\u00e9sent projet de loi.<\/h4>\n<h4><strong>Article Premier :<\/strong>\u00a0Sont amnisti\u00e9s, de plein droit, tous les faits, susceptibles de rev\u00eatir la qualification d\u2019infraction criminelle ou correctionnelle, commis entre le 1er f\u00e9vrier 2021 et le 25 f\u00e9vrier 2024 tant au S\u00e9n\u00e9gal qu\u2019\u00e0 l\u2019\u00e9tranger, se rapportant \u00e0 des manifestations ou ayant des motivations politiques y compris celles faites par tous supports de communication, que leurs auteurs aient \u00e9t\u00e9 jug\u00e9s ou non.<\/h4>\n<h4><strong>Article 2 :<\/strong>\u00a0L\u2019amnistie entraine, sans qu\u2019elle ne puisse jamais donner lieu \u00e0 restitution, la remise totale de toutes les peines principales, accessoires et compl\u00e9mentaires, ainsi que la disparition de toutes les d\u00e9ch\u00e9ances, exclusions, incapacit\u00e9s et privations de droits attach\u00e9es \u00e0 la peine.<\/h4>\n<h4><strong>Article 3 :<\/strong>\u00a0L\u2019amnistie ne pr\u00e9judicie pas aux droits des tiers.<\/h4>\n<h4>La contrainte par corps ne peut \u00eatre exerc\u00e9e contre les condamn\u00e9s ayant b\u00e9n\u00e9fici\u00e9 de l\u2019amnistie, si ce n\u2019est \u00e0 la requ\u00eate des victimes de l\u2019infraction ou de leurs ayant droit.<\/h4>\n<h4><strong>Article 4 :<\/strong>\u00a0Les contestations relatives \u00e0 l\u2019application de la pr\u00e9sente loi d\u2019amnistie sont jug\u00e9es par la chambre d\u2019accusation de la Cour d\u2019Appel de Dakar, dans les conditions pr\u00e9vues par l\u2019article 735 du Code de Proc\u00e9dure p\u00e9nale.<\/h4>\n<h4><strong>Article 5 :<\/strong>\u00a0Il est interdit \u00e0 tout magistrat ou fonctionnaire de rappeler ou de laisser subsister sous quelque forme que ce soit dans un dossier judiciaire ou de police ou dans tout document officiel, les condamnations, d\u00e9ch\u00e9ances, exclusions, incapacit\u00e9s et privations de droit attach\u00e9es \u00e0 la peine effac\u00e9e par l\u2019amnistie sauf dispositions pr\u00e9vues \u00e0 l\u2019article 3 de la pr\u00e9sente loi.<\/h4>\n<h4>Toutefois, les minutes des jugements ou arr\u00eats ainsi que les d\u00e9crets, arr\u00eat\u00e9s et d\u00e9cisions pris dans le cadre de la fonction publique ou des Ordres nationaux \u00e9chappent \u00e0 cette interdiction lorsqu\u2019ils ont \u00e9t\u00e9 d\u00e9pos\u00e9s dans les greffes ou aux Archives nationales.<\/h4>\n<p><strong>Document :<\/strong><\/p>\n<p><img fetchpriority=\"high\" decoding=\"async\" class=\"alignnone wp-image-1668812 size-full\" src=\"https:\/\/senego.com\/wp-content\/uploads\/2024\/03\/projet-de-loi-damnistie-1-1.jpg\" sizes=\"(max-width: 540px) 100vw, 540px\" srcset=\"https:\/\/senego.com\/wp-content\/uploads\/2024\/03\/projet-de-loi-damnistie-1-1.jpg 540w, https:\/\/senego.com\/wp-content\/uploads\/2024\/03\/projet-de-loi-damnistie-1-1-274x300.jpg 274w\" alt=\"\" width=\"540\" height=\"591\" \/>\u00a0<img decoding=\"async\" class=\"alignnone wp-image-1668813 size-large\" src=\"https:\/\/senego.com\/wp-content\/uploads\/2024\/03\/projet-de-loi-damnistie-2-1-944x1024.jpg\" sizes=\"(max-width: 944px) 100vw, 944px\" srcset=\"https:\/\/senego.com\/wp-content\/uploads\/2024\/03\/projet-de-loi-damnistie-2-1-944x1024.jpg 944w, https:\/\/senego.com\/wp-content\/uploads\/2024\/03\/projet-de-loi-damnistie-2-1-276x300.jpg 276w, https:\/\/senego.com\/wp-content\/uploads\/2024\/03\/projet-de-loi-damnistie-2-1-768x833.jpg 768w, https:\/\/senego.com\/wp-content\/uploads\/2024\/03\/projet-de-loi-damnistie-2-1.jpg 988w\" alt=\"\" width=\"944\" height=\"1024\" \/>\u00a0<img decoding=\"async\" class=\"alignnone wp-image-1668814 size-large\" src=\"https:\/\/senego.com\/wp-content\/uploads\/2024\/03\/projet-de-loi-damnistie-3-1-915x1024.jpg\" sizes=\"(max-width: 915px) 100vw, 915px\" srcset=\"https:\/\/senego.com\/wp-content\/uploads\/2024\/03\/projet-de-loi-damnistie-3-1-915x1024.jpg 915w, https:\/\/senego.com\/wp-content\/uploads\/2024\/03\/projet-de-loi-damnistie-3-1-268x300.jpg 268w, https:\/\/senego.com\/wp-content\/uploads\/2024\/03\/projet-de-loi-damnistie-3-1-768x860.jpg 768w, https:\/\/senego.com\/wp-content\/uploads\/2024\/03\/projet-de-loi-damnistie-3-1.jpg 965w\" alt=\"\" width=\"915\" height=\"1024\" \/><\/p>\n<\/div>\n<footer>\n<aside class=\"shareButtonContainer\">\n<div class=\"shareButtons\">\n<div class=\"shareFloating shareFloatingFixed\">\n<div class=\"buttonWrapper\"><a class=\"shareButton facebookButton\" href=\"https:\/\/www.facebook.com\/sharer\/sharer.php?u=https%3A%2F%2Fsenego.com%2Fprojet-de-loi-damnistie-decouvrez-les-contours-document_1668793.html\" target=\"_blank\" rel=\"noopener noreferrer\"><span class=\"visually-hidden\">Partager sur Facebook<\/span><\/a><\/div>\n<\/div>\n<\/div>\n<\/aside>\n<\/footer>\n<\/div>\n<\/div>\n","protected":false},"excerpt":{"rendered":"<p>Le projet de loi d\u2019amnistie sera soumis a l\u2019appr\u00e9ciation de l\u2019Assembl\u00e9e nationale\u2026 Ainsi, suite \u00e0 son adoption en Conseil des<\/p>\n","protected":false},"author":2,"featured_media":0,"comment_status":"open","ping_status":"closed","sticky":false,"template":"","format":"standard","meta":{"colormag_page_container_layout":"default_layout","colormag_page_sidebar_layout":"default_layout","wprm-recipe-roundup-name":"","wprm-recipe-roundup-description":"","footnotes":""},"categories":[6,14,12],"tags":[],"class_list":["post-5142","post","type-post","status-publish","format-standard","hentry","category-actualites","category-politique","category-recents"],"yoast_head":"<!-- This site is optimized with the Yoast SEO plugin v27.4 - https:\/\/yoast.com\/product\/yoast-seo-wordpress\/ -->\n<title>Projet de loi d\u2019amnistie : D\u00e9couvrez les contours (Document) - Ndiaffat Actu<\/title>\n<meta name=\"robots\" content=\"index, follow, max-snippet:-1, max-image-preview:large, max-video-preview:-1\" \/>\n<link rel=\"canonical\" href=\"https:\/\/www.ndiaffatactu.com\/index.php\/2024\/03\/04\/projet-de-loi-damnistie-decouvrez-les-contours-document\/\" \/>\n<meta property=\"og:locale\" content=\"fr_FR\" \/>\n<meta property=\"og:type\" content=\"article\" \/>\n<meta property=\"og:title\" content=\"Projet de loi d\u2019amnistie : D\u00e9couvrez les contours (Document) - Ndiaffat Actu\" \/>\n<meta property=\"og:description\" content=\"Le projet de loi d\u2019amnistie sera soumis a l\u2019appr\u00e9ciation de l\u2019Assembl\u00e9e nationale\u2026 Ainsi, suite \u00e0 son adoption en Conseil des\" \/>\n<meta property=\"og:url\" content=\"https:\/\/www.ndiaffatactu.com\/index.php\/2024\/03\/04\/projet-de-loi-damnistie-decouvrez-les-contours-document\/\" \/>\n<meta property=\"og:site_name\" content=\"Ndiaffat Actu\" \/>\n<meta property=\"article:published_time\" content=\"2024-03-04T11:57:28+00:00\" \/>\n<meta property=\"article:modified_time\" content=\"2024-03-04T11:58:30+00:00\" \/>\n<meta property=\"og:image\" content=\"https:\/\/www.ndiaffatactu.com\/wp-content\/uploads\/2024\/03\/assemblee-national.jpeg\" \/>\n\t<meta property=\"og:image:width\" content=\"600\" \/>\n\t<meta property=\"og:image:height\" content=\"400\" \/>\n\t<meta property=\"og:image:type\" content=\"image\/jpeg\" \/>\n<meta name=\"author\" content=\"Baidy\" \/>\n<meta name=\"twitter:card\" content=\"summary_large_image\" \/>\n<meta name=\"twitter:label1\" content=\"\u00c9crit par\" \/>\n\t<meta name=\"twitter:data1\" content=\"Baidy\" \/>\n\t<meta name=\"twitter:label2\" content=\"Dur\u00e9e de lecture estim\u00e9e\" \/>\n\t<meta name=\"twitter:data2\" content=\"5 minutes\" \/>\n<script type=\"application\/ld+json\" class=\"yoast-schema-graph\">{\"@context\":\"https:\\\/\\\/schema.org\",\"@graph\":[{\"@type\":\"Article\",\"@id\":\"https:\\\/\\\/www.ndiaffatactu.com\\\/index.php\\\/2024\\\/03\\\/04\\\/projet-de-loi-damnistie-decouvrez-les-contours-document\\\/#article\",\"isPartOf\":{\"@id\":\"https:\\\/\\\/www.ndiaffatactu.com\\\/index.php\\\/2024\\\/03\\\/04\\\/projet-de-loi-damnistie-decouvrez-les-contours-document\\\/\"},\"author\":{\"name\":\"Baidy\",\"@id\":\"https:\\\/\\\/www.ndiaffatactu.com\\\/#\\\/schema\\\/person\\\/58070508ca42c5ea832aca50ebd5390a\"},\"headline\":\"Projet de loi d\u2019amnistie : D\u00e9couvrez les contours (Document)\",\"datePublished\":\"2024-03-04T11:57:28+00:00\",\"dateModified\":\"2024-03-04T11:58:30+00:00\",\"mainEntityOfPage\":{\"@id\":\"https:\\\/\\\/www.ndiaffatactu.com\\\/index.php\\\/2024\\\/03\\\/04\\\/projet-de-loi-damnistie-decouvrez-les-contours-document\\\/\"},\"wordCount\":810,\"commentCount\":0,\"publisher\":{\"@id\":\"https:\\\/\\\/www.ndiaffatactu.com\\\/#organization\"},\"image\":{\"@id\":\"https:\\\/\\\/www.ndiaffatactu.com\\\/index.php\\\/2024\\\/03\\\/04\\\/projet-de-loi-damnistie-decouvrez-les-contours-document\\\/#primaryimage\"},\"thumbnailUrl\":\"https:\\\/\\\/senego.com\\\/wp-content\\\/uploads\\\/2024\\\/03\\\/projet-de-loi-damnistie-1-1.jpg\",\"articleSection\":[\"ACTUALIT\u00c9S\",\"Politique\",\"R\u00e9cents\"],\"inLanguage\":\"fr-FR\",\"potentialAction\":[{\"@type\":\"CommentAction\",\"name\":\"Comment\",\"target\":[\"https:\\\/\\\/www.ndiaffatactu.com\\\/index.php\\\/2024\\\/03\\\/04\\\/projet-de-loi-damnistie-decouvrez-les-contours-document\\\/#respond\"]}]},{\"@type\":\"WebPage\",\"@id\":\"https:\\\/\\\/www.ndiaffatactu.com\\\/index.php\\\/2024\\\/03\\\/04\\\/projet-de-loi-damnistie-decouvrez-les-contours-document\\\/\",\"url\":\"https:\\\/\\\/www.ndiaffatactu.com\\\/index.php\\\/2024\\\/03\\\/04\\\/projet-de-loi-damnistie-decouvrez-les-contours-document\\\/\",\"name\":\"Projet de loi d\u2019amnistie : D\u00e9couvrez les contours (Document) - Ndiaffat Actu\",\"isPartOf\":{\"@id\":\"https:\\\/\\\/www.ndiaffatactu.com\\\/#website\"},\"primaryImageOfPage\":{\"@id\":\"https:\\\/\\\/www.ndiaffatactu.com\\\/index.php\\\/2024\\\/03\\\/04\\\/projet-de-loi-damnistie-decouvrez-les-contours-document\\\/#primaryimage\"},\"image\":{\"@id\":\"https:\\\/\\\/www.ndiaffatactu.com\\\/index.php\\\/2024\\\/03\\\/04\\\/projet-de-loi-damnistie-decouvrez-les-contours-document\\\/#primaryimage\"},\"thumbnailUrl\":\"https:\\\/\\\/senego.com\\\/wp-content\\\/uploads\\\/2024\\\/03\\\/projet-de-loi-damnistie-1-1.jpg\",\"datePublished\":\"2024-03-04T11:57:28+00:00\",\"dateModified\":\"2024-03-04T11:58:30+00:00\",\"breadcrumb\":{\"@id\":\"https:\\\/\\\/www.ndiaffatactu.com\\\/index.php\\\/2024\\\/03\\\/04\\\/projet-de-loi-damnistie-decouvrez-les-contours-document\\\/#breadcrumb\"},\"inLanguage\":\"fr-FR\",\"potentialAction\":[{\"@type\":\"ReadAction\",\"target\":[\"https:\\\/\\\/www.ndiaffatactu.com\\\/index.php\\\/2024\\\/03\\\/04\\\/projet-de-loi-damnistie-decouvrez-les-contours-document\\\/\"]}]},{\"@type\":\"ImageObject\",\"inLanguage\":\"fr-FR\",\"@id\":\"https:\\\/\\\/www.ndiaffatactu.com\\\/index.php\\\/2024\\\/03\\\/04\\\/projet-de-loi-damnistie-decouvrez-les-contours-document\\\/#primaryimage\",\"url\":\"https:\\\/\\\/senego.com\\\/wp-content\\\/uploads\\\/2024\\\/03\\\/projet-de-loi-damnistie-1-1.jpg\",\"contentUrl\":\"https:\\\/\\\/senego.com\\\/wp-content\\\/uploads\\\/2024\\\/03\\\/projet-de-loi-damnistie-1-1.jpg\"},{\"@type\":\"BreadcrumbList\",\"@id\":\"https:\\\/\\\/www.ndiaffatactu.com\\\/index.php\\\/2024\\\/03\\\/04\\\/projet-de-loi-damnistie-decouvrez-les-contours-document\\\/#breadcrumb\",\"itemListElement\":[{\"@type\":\"ListItem\",\"position\":1,\"name\":\"Home\",\"item\":\"https:\\\/\\\/www.ndiaffatactu.com\\\/\"},{\"@type\":\"ListItem\",\"position\":2,\"name\":\"Projet de loi d\u2019amnistie : D\u00e9couvrez les contours (Document)\"}]},{\"@type\":\"WebSite\",\"@id\":\"https:\\\/\\\/www.ndiaffatactu.com\\\/#website\",\"url\":\"https:\\\/\\\/www.ndiaffatactu.com\\\/\",\"name\":\"Ndiaffat Actu\",\"description\":\"L&#039;iinformation en temps r\u00e9el\",\"publisher\":{\"@id\":\"https:\\\/\\\/www.ndiaffatactu.com\\\/#organization\"},\"potentialAction\":[{\"@type\":\"SearchAction\",\"target\":{\"@type\":\"EntryPoint\",\"urlTemplate\":\"https:\\\/\\\/www.ndiaffatactu.com\\\/?s={search_term_string}\"},\"query-input\":{\"@type\":\"PropertyValueSpecification\",\"valueRequired\":true,\"valueName\":\"search_term_string\"}}],\"inLanguage\":\"fr-FR\"},{\"@type\":\"Organization\",\"@id\":\"https:\\\/\\\/www.ndiaffatactu.com\\\/#organization\",\"name\":\"Ndiaffat Actu\",\"url\":\"https:\\\/\\\/www.ndiaffatactu.com\\\/\",\"logo\":{\"@type\":\"ImageObject\",\"inLanguage\":\"fr-FR\",\"@id\":\"https:\\\/\\\/www.ndiaffatactu.com\\\/#\\\/schema\\\/logo\\\/image\\\/\",\"url\":\"https:\\\/\\\/www.ndiaffatactu.com\\\/wp-content\\\/uploads\\\/2024\\\/11\\\/cropped-BAIDY.png\",\"contentUrl\":\"https:\\\/\\\/www.ndiaffatactu.com\\\/wp-content\\\/uploads\\\/2024\\\/11\\\/cropped-BAIDY.png\",\"width\":1009,\"height\":730,\"caption\":\"Ndiaffat Actu\"},\"image\":{\"@id\":\"https:\\\/\\\/www.ndiaffatactu.com\\\/#\\\/schema\\\/logo\\\/image\\\/\"}},{\"@type\":\"Person\",\"@id\":\"https:\\\/\\\/www.ndiaffatactu.com\\\/#\\\/schema\\\/person\\\/58070508ca42c5ea832aca50ebd5390a\",\"name\":\"Baidy\",\"image\":{\"@type\":\"ImageObject\",\"inLanguage\":\"fr-FR\",\"@id\":\"https:\\\/\\\/secure.gravatar.com\\\/avatar\\\/b9f71a5a3671d82da3185d341775314a0414f0fff1c9048903ccb72d937c5717?s=96&d=mm&r=g\",\"url\":\"https:\\\/\\\/secure.gravatar.com\\\/avatar\\\/b9f71a5a3671d82da3185d341775314a0414f0fff1c9048903ccb72d937c5717?s=96&d=mm&r=g\",\"contentUrl\":\"https:\\\/\\\/secure.gravatar.com\\\/avatar\\\/b9f71a5a3671d82da3185d341775314a0414f0fff1c9048903ccb72d937c5717?s=96&d=mm&r=g\",\"caption\":\"Baidy\"},\"sameAs\":[\"https:\\\/\\\/www.ndiaffatactu.com\\\/\"],\"url\":\"https:\\\/\\\/www.ndiaffatactu.com\\\/index.php\\\/author\\\/ndiaffatactu\\\/\"}]}<\/script>\n<!-- \/ Yoast SEO plugin. -->","yoast_head_json":{"title":"Projet de loi d\u2019amnistie : D\u00e9couvrez les contours (Document) - Ndiaffat Actu","robots":{"index":"index","follow":"follow","max-snippet":"max-snippet:-1","max-image-preview":"max-image-preview:large","max-video-preview":"max-video-preview:-1"},"canonical":"https:\/\/www.ndiaffatactu.com\/index.php\/2024\/03\/04\/projet-de-loi-damnistie-decouvrez-les-contours-document\/","og_locale":"fr_FR","og_type":"article","og_title":"Projet de loi d\u2019amnistie : D\u00e9couvrez les contours (Document) - Ndiaffat Actu","og_description":"Le projet de loi d\u2019amnistie sera soumis a l\u2019appr\u00e9ciation de l\u2019Assembl\u00e9e nationale\u2026 Ainsi, suite \u00e0 son adoption en Conseil des","og_url":"https:\/\/www.ndiaffatactu.com\/index.php\/2024\/03\/04\/projet-de-loi-damnistie-decouvrez-les-contours-document\/","og_site_name":"Ndiaffat Actu","article_published_time":"2024-03-04T11:57:28+00:00","article_modified_time":"2024-03-04T11:58:30+00:00","og_image":[{"width":600,"height":400,"url":"https:\/\/www.ndiaffatactu.com\/wp-content\/uploads\/2024\/03\/assemblee-national.jpeg","type":"image\/jpeg"}],"author":"Baidy","twitter_card":"summary_large_image","twitter_misc":{"\u00c9crit par":"Baidy","Dur\u00e9e de lecture estim\u00e9e":"5 minutes"},"schema":{"@context":"https:\/\/schema.org","@graph":[{"@type":"Article","@id":"https:\/\/www.ndiaffatactu.com\/index.php\/2024\/03\/04\/projet-de-loi-damnistie-decouvrez-les-contours-document\/#article","isPartOf":{"@id":"https:\/\/www.ndiaffatactu.com\/index.php\/2024\/03\/04\/projet-de-loi-damnistie-decouvrez-les-contours-document\/"},"author":{"name":"Baidy","@id":"https:\/\/www.ndiaffatactu.com\/#\/schema\/person\/58070508ca42c5ea832aca50ebd5390a"},"headline":"Projet de loi d\u2019amnistie : D\u00e9couvrez les contours (Document)","datePublished":"2024-03-04T11:57:28+00:00","dateModified":"2024-03-04T11:58:30+00:00","mainEntityOfPage":{"@id":"https:\/\/www.ndiaffatactu.com\/index.php\/2024\/03\/04\/projet-de-loi-damnistie-decouvrez-les-contours-document\/"},"wordCount":810,"commentCount":0,"publisher":{"@id":"https:\/\/www.ndiaffatactu.com\/#organization"},"image":{"@id":"https:\/\/www.ndiaffatactu.com\/index.php\/2024\/03\/04\/projet-de-loi-damnistie-decouvrez-les-contours-document\/#primaryimage"},"thumbnailUrl":"https:\/\/senego.com\/wp-content\/uploads\/2024\/03\/projet-de-loi-damnistie-1-1.jpg","articleSection":["ACTUALIT\u00c9S","Politique","R\u00e9cents"],"inLanguage":"fr-FR","potentialAction":[{"@type":"CommentAction","name":"Comment","target":["https:\/\/www.ndiaffatactu.com\/index.php\/2024\/03\/04\/projet-de-loi-damnistie-decouvrez-les-contours-document\/#respond"]}]},{"@type":"WebPage","@id":"https:\/\/www.ndiaffatactu.com\/index.php\/2024\/03\/04\/projet-de-loi-damnistie-decouvrez-les-contours-document\/","url":"https:\/\/www.ndiaffatactu.com\/index.php\/2024\/03\/04\/projet-de-loi-damnistie-decouvrez-les-contours-document\/","name":"Projet de loi d\u2019amnistie : D\u00e9couvrez les contours (Document) - Ndiaffat Actu","isPartOf":{"@id":"https:\/\/www.ndiaffatactu.com\/#website"},"primaryImageOfPage":{"@id":"https:\/\/www.ndiaffatactu.com\/index.php\/2024\/03\/04\/projet-de-loi-damnistie-decouvrez-les-contours-document\/#primaryimage"},"image":{"@id":"https:\/\/www.ndiaffatactu.com\/index.php\/2024\/03\/04\/projet-de-loi-damnistie-decouvrez-les-contours-document\/#primaryimage"},"thumbnailUrl":"https:\/\/senego.com\/wp-content\/uploads\/2024\/03\/projet-de-loi-damnistie-1-1.jpg","datePublished":"2024-03-04T11:57:28+00:00","dateModified":"2024-03-04T11:58:30+00:00","breadcrumb":{"@id":"https:\/\/www.ndiaffatactu.com\/index.php\/2024\/03\/04\/projet-de-loi-damnistie-decouvrez-les-contours-document\/#breadcrumb"},"inLanguage":"fr-FR","potentialAction":[{"@type":"ReadAction","target":["https:\/\/www.ndiaffatactu.com\/index.php\/2024\/03\/04\/projet-de-loi-damnistie-decouvrez-les-contours-document\/"]}]},{"@type":"ImageObject","inLanguage":"fr-FR","@id":"https:\/\/www.ndiaffatactu.com\/index.php\/2024\/03\/04\/projet-de-loi-damnistie-decouvrez-les-contours-document\/#primaryimage","url":"https:\/\/senego.com\/wp-content\/uploads\/2024\/03\/projet-de-loi-damnistie-1-1.jpg","contentUrl":"https:\/\/senego.com\/wp-content\/uploads\/2024\/03\/projet-de-loi-damnistie-1-1.jpg"},{"@type":"BreadcrumbList","@id":"https:\/\/www.ndiaffatactu.com\/index.php\/2024\/03\/04\/projet-de-loi-damnistie-decouvrez-les-contours-document\/#breadcrumb","itemListElement":[{"@type":"ListItem","position":1,"name":"Home","item":"https:\/\/www.ndiaffatactu.com\/"},{"@type":"ListItem","position":2,"name":"Projet de loi d\u2019amnistie : D\u00e9couvrez les contours (Document)"}]},{"@type":"WebSite","@id":"https:\/\/www.ndiaffatactu.com\/#website","url":"https:\/\/www.ndiaffatactu.com\/","name":"Ndiaffat Actu","description":"L&#039;iinformation en temps r\u00e9el","publisher":{"@id":"https:\/\/www.ndiaffatactu.com\/#organization"},"potentialAction":[{"@type":"SearchAction","target":{"@type":"EntryPoint","urlTemplate":"https:\/\/www.ndiaffatactu.com\/?s={search_term_string}"},"query-input":{"@type":"PropertyValueSpecification","valueRequired":true,"valueName":"search_term_string"}}],"inLanguage":"fr-FR"},{"@type":"Organization","@id":"https:\/\/www.ndiaffatactu.com\/#organization","name":"Ndiaffat Actu","url":"https:\/\/www.ndiaffatactu.com\/","logo":{"@type":"ImageObject","inLanguage":"fr-FR","@id":"https:\/\/www.ndiaffatactu.com\/#\/schema\/logo\/image\/","url":"https:\/\/www.ndiaffatactu.com\/wp-content\/uploads\/2024\/11\/cropped-BAIDY.png","contentUrl":"https:\/\/www.ndiaffatactu.com\/wp-content\/uploads\/2024\/11\/cropped-BAIDY.png","width":1009,"height":730,"caption":"Ndiaffat Actu"},"image":{"@id":"https:\/\/www.ndiaffatactu.com\/#\/schema\/logo\/image\/"}},{"@type":"Person","@id":"https:\/\/www.ndiaffatactu.com\/#\/schema\/person\/58070508ca42c5ea832aca50ebd5390a","name":"Baidy","image":{"@type":"ImageObject","inLanguage":"fr-FR","@id":"https:\/\/secure.gravatar.com\/avatar\/b9f71a5a3671d82da3185d341775314a0414f0fff1c9048903ccb72d937c5717?s=96&d=mm&r=g","url":"https:\/\/secure.gravatar.com\/avatar\/b9f71a5a3671d82da3185d341775314a0414f0fff1c9048903ccb72d937c5717?s=96&d=mm&r=g","contentUrl":"https:\/\/secure.gravatar.com\/avatar\/b9f71a5a3671d82da3185d341775314a0414f0fff1c9048903ccb72d937c5717?s=96&d=mm&r=g","caption":"Baidy"},"sameAs":["https:\/\/www.ndiaffatactu.com\/"],"url":"https:\/\/www.ndiaffatactu.com\/index.php\/author\/ndiaffatactu\/"}]}},"_links":{"self":[{"href":"https:\/\/www.ndiaffatactu.com\/index.php\/wp-json\/wp\/v2\/posts\/5142","targetHints":{"allow":["GET"]}}],"collection":[{"href":"https:\/\/www.ndiaffatactu.com\/index.php\/wp-json\/wp\/v2\/posts"}],"about":[{"href":"https:\/\/www.ndiaffatactu.com\/index.php\/wp-json\/wp\/v2\/types\/post"}],"author":[{"embeddable":true,"href":"https:\/\/www.ndiaffatactu.com\/index.php\/wp-json\/wp\/v2\/users\/2"}],"replies":[{"embeddable":true,"href":"https:\/\/www.ndiaffatactu.com\/index.php\/wp-json\/wp\/v2\/comments?post=5142"}],"version-history":[{"count":2,"href":"https:\/\/www.ndiaffatactu.com\/index.php\/wp-json\/wp\/v2\/posts\/5142\/revisions"}],"predecessor-version":[{"id":5145,"href":"https:\/\/www.ndiaffatactu.com\/index.php\/wp-json\/wp\/v2\/posts\/5142\/revisions\/5145"}],"wp:attachment":[{"href":"https:\/\/www.ndiaffatactu.com\/index.php\/wp-json\/wp\/v2\/media?parent=5142"}],"wp:term":[{"taxonomy":"category","embeddable":true,"href":"https:\/\/www.ndiaffatactu.com\/index.php\/wp-json\/wp\/v2\/categories?post=5142"},{"taxonomy":"post_tag","embeddable":true,"href":"https:\/\/www.ndiaffatactu.com\/index.php\/wp-json\/wp\/v2\/tags?post=5142"}],"curies":[{"name":"wp","href":"https:\/\/api.w.org\/{rel}","templated":true}]}}