{"id":4903,"date":"2023-05-30T11:43:52","date_gmt":"2023-05-30T11:43:52","guid":{"rendered":"https:\/\/www.ndiaffatactu.com\/?p=4903"},"modified":"2023-05-30T11:43:52","modified_gmt":"2023-05-30T11:43:52","slug":"atteint-par-une-grenade-lacrymogene-guy-m-sagna-exprime-sa-solidarite-au-cameraman-de-senego-baidy-ndao","status":"publish","type":"post","link":"https:\/\/www.ndiaffatactu.com\/index.php\/2023\/05\/30\/atteint-par-une-grenade-lacrymogene-guy-m-sagna-exprime-sa-solidarite-au-cameraman-de-senego-baidy-ndao\/","title":{"rendered":"ATTEINT PAR UNE GRENADE LACRYMOG\u00c8NE : GUY M. SAGNA EXPRIME SA SOLIDARIT\u00c9 AU CAMERAMAN DE SENEGO BAIDY NDAO"},"content":{"rendered":"<p><strong>Le d\u00e9put\u00e9 Guy Marius Sagna a exprim\u00e9 sa solidarit\u00e9 au cameraman Baidy Ndao de Senego qui a re\u00e7u hier une grenade lacrymog\u00e8ne \u00e0 la cit\u00e9 K\u00ebr Gorgi. Il a en fait pareil pour toutes les victimes de la strat\u00e9gie du chaos de Macky.<\/strong><\/p>\n<p>\u00ab\u00a0<em>J\u2019exprime toute ma solidarit\u00e9 au cameraman Baidy Ndao de Senego qui a re\u00e7u hier une grenade lacrymog\u00e8ne \u00e0 la cit\u00e9 K\u00ebr Gorgi. Ma solidarit\u00e9 \u00e0 toutes les victimes de la strat\u00e9gie du chaos de Macky. Macky et sa volont\u00e9 d\u2019\u00eatre candidat et de liquider Ousmane Sonko sont un danger pour la paix, un pyromane de la coh\u00e9sion nationale et de la stabilit\u00e9<\/em>\u00ab\u00a0, a-t-il d\u2019embl\u00e9 \u00e9crit ce mardi 30 mai.<\/p>\n<p>Selon le parlementaire, s\u00e9questrer Ousmane Sonko afin de venir le prendre chez lui apr\u00e8s l\u2019avoir condamn\u00e9 pour un viol imaginaire, voil\u00e0 le plan de Macky Sall.<\/p>\n<p>Il invite \u00e0 continuer la r\u00e9sistance constitutionnelle partout jusqu\u2019\u00e0 ce que Ousmane Sonko retrouve ses droits constitutionnels \u00ab\u00a0<em>confisqu\u00e9s par Macky Sall.<\/em>\u00a0\u00bb<\/p>\n<p>source senegal7<\/p>\n","protected":false},"excerpt":{"rendered":"<p>Le d\u00e9put\u00e9 Guy Marius Sagna a exprim\u00e9 sa solidarit\u00e9 au cameraman Baidy Ndao de Senego qui a re\u00e7u hier une<\/p>\n","protected":false},"author":2,"featured_media":4904,"comment_status":"open","ping_status":"closed","sticky":false,"template":"","format":"standard","meta":{"colormag_page_container_layout":"default_layout","colormag_page_sidebar_layout":"default_layout","wprm-recipe-roundup-name":"","wprm-recipe-roundup-description":"","footnotes":""},"categories":[6,14,12,30],"tags":[],"class_list":["post-4903","post","type-post","status-publish","format-standard","has-post-thumbnail","hentry","category-actualites","category-politique","category-recents","category-societe"],"yoast_head":"<!-- This site is optimized with the Yoast SEO plugin v27.5 - https:\/\/yoast.com\/product\/yoast-seo-wordpress\/ -->\n<title>ATTEINT PAR UNE GRENADE LACRYMOG\u00c8NE : GUY M. SAGNA EXPRIME SA SOLIDARIT\u00c9 AU CAMERAMAN DE SENEGO BAIDY NDAO - Ndiaffat Actu<\/title>\n<meta name=\"robots\" content=\"index, follow, max-snippet:-1, max-image-preview:large, max-video-preview:-1\" \/>\n<link rel=\"canonical\" href=\"https:\/\/www.ndiaffatactu.com\/index.php\/2023\/05\/30\/atteint-par-une-grenade-lacrymogene-guy-m-sagna-exprime-sa-solidarite-au-cameraman-de-senego-baidy-ndao\/\" \/>\n<meta property=\"og:locale\" content=\"fr_FR\" \/>\n<meta property=\"og:type\" content=\"article\" \/>\n<meta property=\"og:title\" content=\"ATTEINT PAR UNE GRENADE LACRYMOG\u00c8NE : GUY M. SAGNA EXPRIME SA SOLIDARIT\u00c9 AU CAMERAMAN DE SENEGO BAIDY NDAO - Ndiaffat Actu\" \/>\n<meta property=\"og:description\" content=\"Le d\u00e9put\u00e9 Guy Marius Sagna a exprim\u00e9 sa solidarit\u00e9 au cameraman Baidy Ndao de Senego qui a re\u00e7u hier une\" \/>\n<meta property=\"og:url\" content=\"https:\/\/www.ndiaffatactu.com\/index.php\/2023\/05\/30\/atteint-par-une-grenade-lacrymogene-guy-m-sagna-exprime-sa-solidarite-au-cameraman-de-senego-baidy-ndao\/\" \/>\n<meta property=\"og:site_name\" content=\"Ndiaffat Actu\" \/>\n<meta property=\"article:published_time\" content=\"2023-05-30T11:43:52+00:00\" \/>\n<meta property=\"og:image\" content=\"https:\/\/www.ndiaffatactu.com\/wp-content\/uploads\/2023\/05\/Capture-decran-2023-05-30-a-11.42.20.png\" \/>\n\t<meta property=\"og:image:width\" content=\"703\" \/>\n\t<meta property=\"og:image:height\" content=\"405\" \/>\n\t<meta property=\"og:image:type\" content=\"image\/png\" \/>\n<meta name=\"author\" content=\"Baidy\" \/>\n<meta name=\"twitter:card\" content=\"summary_large_image\" \/>\n<meta name=\"twitter:label1\" content=\"\u00c9crit par\" \/>\n\t<meta name=\"twitter:data1\" content=\"Baidy\" \/>\n\t<meta name=\"twitter:label2\" content=\"Dur\u00e9e de lecture estim\u00e9e\" \/>\n\t<meta name=\"twitter:data2\" content=\"1 minute\" \/>\n<script type=\"application\/ld+json\" class=\"yoast-schema-graph\">{\"@context\":\"https:\\\/\\\/schema.org\",\"@graph\":[{\"@type\":\"Article\",\"@id\":\"https:\\\/\\\/www.ndiaffatactu.com\\\/index.php\\\/2023\\\/05\\\/30\\\/atteint-par-une-grenade-lacrymogene-guy-m-sagna-exprime-sa-solidarite-au-cameraman-de-senego-baidy-ndao\\\/#article\",\"isPartOf\":{\"@id\":\"https:\\\/\\\/www.ndiaffatactu.com\\\/index.php\\\/2023\\\/05\\\/30\\\/atteint-par-une-grenade-lacrymogene-guy-m-sagna-exprime-sa-solidarite-au-cameraman-de-senego-baidy-ndao\\\/\"},\"author\":{\"name\":\"Baidy\",\"@id\":\"https:\\\/\\\/www.ndiaffatactu.com\\\/#\\\/schema\\\/person\\\/58070508ca42c5ea832aca50ebd5390a\"},\"headline\":\"ATTEINT PAR UNE GRENADE LACRYMOG\u00c8NE : GUY M. SAGNA EXPRIME SA SOLIDARIT\u00c9 AU CAMERAMAN DE SENEGO BAIDY NDAO\",\"datePublished\":\"2023-05-30T11:43:52+00:00\",\"mainEntityOfPage\":{\"@id\":\"https:\\\/\\\/www.ndiaffatactu.com\\\/index.php\\\/2023\\\/05\\\/30\\\/atteint-par-une-grenade-lacrymogene-guy-m-sagna-exprime-sa-solidarite-au-cameraman-de-senego-baidy-ndao\\\/\"},\"wordCount\":192,\"commentCount\":0,\"publisher\":{\"@id\":\"https:\\\/\\\/www.ndiaffatactu.com\\\/#organization\"},\"image\":{\"@id\":\"https:\\\/\\\/www.ndiaffatactu.com\\\/index.php\\\/2023\\\/05\\\/30\\\/atteint-par-une-grenade-lacrymogene-guy-m-sagna-exprime-sa-solidarite-au-cameraman-de-senego-baidy-ndao\\\/#primaryimage\"},\"thumbnailUrl\":\"https:\\\/\\\/www.ndiaffatactu.com\\\/wp-content\\\/uploads\\\/2023\\\/05\\\/Capture-decran-2023-05-30-a-11.42.20.png\",\"articleSection\":[\"ACTUALIT\u00c9S\",\"Politique\",\"R\u00e9cents\",\"Soci\u00e9t\u00e9\"],\"inLanguage\":\"fr-FR\",\"potentialAction\":[{\"@type\":\"CommentAction\",\"name\":\"Comment\",\"target\":[\"https:\\\/\\\/www.ndiaffatactu.com\\\/index.php\\\/2023\\\/05\\\/30\\\/atteint-par-une-grenade-lacrymogene-guy-m-sagna-exprime-sa-solidarite-au-cameraman-de-senego-baidy-ndao\\\/#respond\"]}]},{\"@type\":\"WebPage\",\"@id\":\"https:\\\/\\\/www.ndiaffatactu.com\\\/index.php\\\/2023\\\/05\\\/30\\\/atteint-par-une-grenade-lacrymogene-guy-m-sagna-exprime-sa-solidarite-au-cameraman-de-senego-baidy-ndao\\\/\",\"url\":\"https:\\\/\\\/www.ndiaffatactu.com\\\/index.php\\\/2023\\\/05\\\/30\\\/atteint-par-une-grenade-lacrymogene-guy-m-sagna-exprime-sa-solidarite-au-cameraman-de-senego-baidy-ndao\\\/\",\"name\":\"ATTEINT PAR UNE GRENADE LACRYMOG\u00c8NE : GUY M. SAGNA EXPRIME SA SOLIDARIT\u00c9 AU CAMERAMAN DE SENEGO BAIDY NDAO - Ndiaffat Actu\",\"isPartOf\":{\"@id\":\"https:\\\/\\\/www.ndiaffatactu.com\\\/#website\"},\"primaryImageOfPage\":{\"@id\":\"https:\\\/\\\/www.ndiaffatactu.com\\\/index.php\\\/2023\\\/05\\\/30\\\/atteint-par-une-grenade-lacrymogene-guy-m-sagna-exprime-sa-solidarite-au-cameraman-de-senego-baidy-ndao\\\/#primaryimage\"},\"image\":{\"@id\":\"https:\\\/\\\/www.ndiaffatactu.com\\\/index.php\\\/2023\\\/05\\\/30\\\/atteint-par-une-grenade-lacrymogene-guy-m-sagna-exprime-sa-solidarite-au-cameraman-de-senego-baidy-ndao\\\/#primaryimage\"},\"thumbnailUrl\":\"https:\\\/\\\/www.ndiaffatactu.com\\\/wp-content\\\/uploads\\\/2023\\\/05\\\/Capture-decran-2023-05-30-a-11.42.20.png\",\"datePublished\":\"2023-05-30T11:43:52+00:00\",\"breadcrumb\":{\"@id\":\"https:\\\/\\\/www.ndiaffatactu.com\\\/index.php\\\/2023\\\/05\\\/30\\\/atteint-par-une-grenade-lacrymogene-guy-m-sagna-exprime-sa-solidarite-au-cameraman-de-senego-baidy-ndao\\\/#breadcrumb\"},\"inLanguage\":\"fr-FR\",\"potentialAction\":[{\"@type\":\"ReadAction\",\"target\":[\"https:\\\/\\\/www.ndiaffatactu.com\\\/index.php\\\/2023\\\/05\\\/30\\\/atteint-par-une-grenade-lacrymogene-guy-m-sagna-exprime-sa-solidarite-au-cameraman-de-senego-baidy-ndao\\\/\"]}]},{\"@type\":\"ImageObject\",\"inLanguage\":\"fr-FR\",\"@id\":\"https:\\\/\\\/www.ndiaffatactu.com\\\/index.php\\\/2023\\\/05\\\/30\\\/atteint-par-une-grenade-lacrymogene-guy-m-sagna-exprime-sa-solidarite-au-cameraman-de-senego-baidy-ndao\\\/#primaryimage\",\"url\":\"https:\\\/\\\/www.ndiaffatactu.com\\\/wp-content\\\/uploads\\\/2023\\\/05\\\/Capture-decran-2023-05-30-a-11.42.20.png\",\"contentUrl\":\"https:\\\/\\\/www.ndiaffatactu.com\\\/wp-content\\\/uploads\\\/2023\\\/05\\\/Capture-decran-2023-05-30-a-11.42.20.png\",\"width\":703,\"height\":405},{\"@type\":\"BreadcrumbList\",\"@id\":\"https:\\\/\\\/www.ndiaffatactu.com\\\/index.php\\\/2023\\\/05\\\/30\\\/atteint-par-une-grenade-lacrymogene-guy-m-sagna-exprime-sa-solidarite-au-cameraman-de-senego-baidy-ndao\\\/#breadcrumb\",\"itemListElement\":[{\"@type\":\"ListItem\",\"position\":1,\"name\":\"Home\",\"item\":\"https:\\\/\\\/www.ndiaffatactu.com\\\/\"},{\"@type\":\"ListItem\",\"position\":2,\"name\":\"ATTEINT PAR UNE GRENADE LACRYMOG\u00c8NE : GUY M. SAGNA EXPRIME SA SOLIDARIT\u00c9 AU CAMERAMAN DE SENEGO BAIDY NDAO\"}]},{\"@type\":\"WebSite\",\"@id\":\"https:\\\/\\\/www.ndiaffatactu.com\\\/#website\",\"url\":\"https:\\\/\\\/www.ndiaffatactu.com\\\/\",\"name\":\"Ndiaffat Actu\",\"description\":\"L&#039;iinformation en temps r\u00e9el\",\"publisher\":{\"@id\":\"https:\\\/\\\/www.ndiaffatactu.com\\\/#organization\"},\"potentialAction\":[{\"@type\":\"SearchAction\",\"target\":{\"@type\":\"EntryPoint\",\"urlTemplate\":\"https:\\\/\\\/www.ndiaffatactu.com\\\/?s={search_term_string}\"},\"query-input\":{\"@type\":\"PropertyValueSpecification\",\"valueRequired\":true,\"valueName\":\"search_term_string\"}}],\"inLanguage\":\"fr-FR\"},{\"@type\":\"Organization\",\"@id\":\"https:\\\/\\\/www.ndiaffatactu.com\\\/#organization\",\"name\":\"Ndiaffat Actu\",\"url\":\"https:\\\/\\\/www.ndiaffatactu.com\\\/\",\"logo\":{\"@type\":\"ImageObject\",\"inLanguage\":\"fr-FR\",\"@id\":\"https:\\\/\\\/www.ndiaffatactu.com\\\/#\\\/schema\\\/logo\\\/image\\\/\",\"url\":\"https:\\\/\\\/www.ndiaffatactu.com\\\/wp-content\\\/uploads\\\/2024\\\/11\\\/cropped-BAIDY.png\",\"contentUrl\":\"https:\\\/\\\/www.ndiaffatactu.com\\\/wp-content\\\/uploads\\\/2024\\\/11\\\/cropped-BAIDY.png\",\"width\":1009,\"height\":730,\"caption\":\"Ndiaffat Actu\"},\"image\":{\"@id\":\"https:\\\/\\\/www.ndiaffatactu.com\\\/#\\\/schema\\\/logo\\\/image\\\/\"}},{\"@type\":\"Person\",\"@id\":\"https:\\\/\\\/www.ndiaffatactu.com\\\/#\\\/schema\\\/person\\\/58070508ca42c5ea832aca50ebd5390a\",\"name\":\"Baidy\",\"image\":{\"@type\":\"ImageObject\",\"inLanguage\":\"fr-FR\",\"@id\":\"https:\\\/\\\/secure.gravatar.com\\\/avatar\\\/b9f71a5a3671d82da3185d341775314a0414f0fff1c9048903ccb72d937c5717?s=96&d=mm&r=g\",\"url\":\"https:\\\/\\\/secure.gravatar.com\\\/avatar\\\/b9f71a5a3671d82da3185d341775314a0414f0fff1c9048903ccb72d937c5717?s=96&d=mm&r=g\",\"contentUrl\":\"https:\\\/\\\/secure.gravatar.com\\\/avatar\\\/b9f71a5a3671d82da3185d341775314a0414f0fff1c9048903ccb72d937c5717?s=96&d=mm&r=g\",\"caption\":\"Baidy\"},\"sameAs\":[\"https:\\\/\\\/www.ndiaffatactu.com\\\/\"],\"url\":\"https:\\\/\\\/www.ndiaffatactu.com\\\/index.php\\\/author\\\/ndiaffatactu\\\/\"}]}<\/script>\n<!-- \/ Yoast SEO plugin. -->","yoast_head_json":{"title":"ATTEINT PAR UNE GRENADE LACRYMOG\u00c8NE : GUY M. SAGNA EXPRIME SA SOLIDARIT\u00c9 AU CAMERAMAN DE SENEGO BAIDY NDAO - Ndiaffat Actu","robots":{"index":"index","follow":"follow","max-snippet":"max-snippet:-1","max-image-preview":"max-image-preview:large","max-video-preview":"max-video-preview:-1"},"canonical":"https:\/\/www.ndiaffatactu.com\/index.php\/2023\/05\/30\/atteint-par-une-grenade-lacrymogene-guy-m-sagna-exprime-sa-solidarite-au-cameraman-de-senego-baidy-ndao\/","og_locale":"fr_FR","og_type":"article","og_title":"ATTEINT PAR UNE GRENADE LACRYMOG\u00c8NE : GUY M. SAGNA EXPRIME SA SOLIDARIT\u00c9 AU CAMERAMAN DE SENEGO BAIDY NDAO - Ndiaffat Actu","og_description":"Le d\u00e9put\u00e9 Guy Marius Sagna a exprim\u00e9 sa solidarit\u00e9 au cameraman Baidy Ndao de Senego qui a re\u00e7u hier une","og_url":"https:\/\/www.ndiaffatactu.com\/index.php\/2023\/05\/30\/atteint-par-une-grenade-lacrymogene-guy-m-sagna-exprime-sa-solidarite-au-cameraman-de-senego-baidy-ndao\/","og_site_name":"Ndiaffat Actu","article_published_time":"2023-05-30T11:43:52+00:00","og_image":[{"width":703,"height":405,"url":"https:\/\/www.ndiaffatactu.com\/wp-content\/uploads\/2023\/05\/Capture-decran-2023-05-30-a-11.42.20.png","type":"image\/png"}],"author":"Baidy","twitter_card":"summary_large_image","twitter_misc":{"\u00c9crit par":"Baidy","Dur\u00e9e de lecture estim\u00e9e":"1 minute"},"schema":{"@context":"https:\/\/schema.org","@graph":[{"@type":"Article","@id":"https:\/\/www.ndiaffatactu.com\/index.php\/2023\/05\/30\/atteint-par-une-grenade-lacrymogene-guy-m-sagna-exprime-sa-solidarite-au-cameraman-de-senego-baidy-ndao\/#article","isPartOf":{"@id":"https:\/\/www.ndiaffatactu.com\/index.php\/2023\/05\/30\/atteint-par-une-grenade-lacrymogene-guy-m-sagna-exprime-sa-solidarite-au-cameraman-de-senego-baidy-ndao\/"},"author":{"name":"Baidy","@id":"https:\/\/www.ndiaffatactu.com\/#\/schema\/person\/58070508ca42c5ea832aca50ebd5390a"},"headline":"ATTEINT PAR UNE GRENADE LACRYMOG\u00c8NE : GUY M. SAGNA EXPRIME SA SOLIDARIT\u00c9 AU CAMERAMAN DE SENEGO BAIDY NDAO","datePublished":"2023-05-30T11:43:52+00:00","mainEntityOfPage":{"@id":"https:\/\/www.ndiaffatactu.com\/index.php\/2023\/05\/30\/atteint-par-une-grenade-lacrymogene-guy-m-sagna-exprime-sa-solidarite-au-cameraman-de-senego-baidy-ndao\/"},"wordCount":192,"commentCount":0,"publisher":{"@id":"https:\/\/www.ndiaffatactu.com\/#organization"},"image":{"@id":"https:\/\/www.ndiaffatactu.com\/index.php\/2023\/05\/30\/atteint-par-une-grenade-lacrymogene-guy-m-sagna-exprime-sa-solidarite-au-cameraman-de-senego-baidy-ndao\/#primaryimage"},"thumbnailUrl":"https:\/\/www.ndiaffatactu.com\/wp-content\/uploads\/2023\/05\/Capture-decran-2023-05-30-a-11.42.20.png","articleSection":["ACTUALIT\u00c9S","Politique","R\u00e9cents","Soci\u00e9t\u00e9"],"inLanguage":"fr-FR","potentialAction":[{"@type":"CommentAction","name":"Comment","target":["https:\/\/www.ndiaffatactu.com\/index.php\/2023\/05\/30\/atteint-par-une-grenade-lacrymogene-guy-m-sagna-exprime-sa-solidarite-au-cameraman-de-senego-baidy-ndao\/#respond"]}]},{"@type":"WebPage","@id":"https:\/\/www.ndiaffatactu.com\/index.php\/2023\/05\/30\/atteint-par-une-grenade-lacrymogene-guy-m-sagna-exprime-sa-solidarite-au-cameraman-de-senego-baidy-ndao\/","url":"https:\/\/www.ndiaffatactu.com\/index.php\/2023\/05\/30\/atteint-par-une-grenade-lacrymogene-guy-m-sagna-exprime-sa-solidarite-au-cameraman-de-senego-baidy-ndao\/","name":"ATTEINT PAR UNE GRENADE LACRYMOG\u00c8NE : GUY M. SAGNA EXPRIME SA SOLIDARIT\u00c9 AU CAMERAMAN DE SENEGO BAIDY NDAO - Ndiaffat Actu","isPartOf":{"@id":"https:\/\/www.ndiaffatactu.com\/#website"},"primaryImageOfPage":{"@id":"https:\/\/www.ndiaffatactu.com\/index.php\/2023\/05\/30\/atteint-par-une-grenade-lacrymogene-guy-m-sagna-exprime-sa-solidarite-au-cameraman-de-senego-baidy-ndao\/#primaryimage"},"image":{"@id":"https:\/\/www.ndiaffatactu.com\/index.php\/2023\/05\/30\/atteint-par-une-grenade-lacrymogene-guy-m-sagna-exprime-sa-solidarite-au-cameraman-de-senego-baidy-ndao\/#primaryimage"},"thumbnailUrl":"https:\/\/www.ndiaffatactu.com\/wp-content\/uploads\/2023\/05\/Capture-decran-2023-05-30-a-11.42.20.png","datePublished":"2023-05-30T11:43:52+00:00","breadcrumb":{"@id":"https:\/\/www.ndiaffatactu.com\/index.php\/2023\/05\/30\/atteint-par-une-grenade-lacrymogene-guy-m-sagna-exprime-sa-solidarite-au-cameraman-de-senego-baidy-ndao\/#breadcrumb"},"inLanguage":"fr-FR","potentialAction":[{"@type":"ReadAction","target":["https:\/\/www.ndiaffatactu.com\/index.php\/2023\/05\/30\/atteint-par-une-grenade-lacrymogene-guy-m-sagna-exprime-sa-solidarite-au-cameraman-de-senego-baidy-ndao\/"]}]},{"@type":"ImageObject","inLanguage":"fr-FR","@id":"https:\/\/www.ndiaffatactu.com\/index.php\/2023\/05\/30\/atteint-par-une-grenade-lacrymogene-guy-m-sagna-exprime-sa-solidarite-au-cameraman-de-senego-baidy-ndao\/#primaryimage","url":"https:\/\/www.ndiaffatactu.com\/wp-content\/uploads\/2023\/05\/Capture-decran-2023-05-30-a-11.42.20.png","contentUrl":"https:\/\/www.ndiaffatactu.com\/wp-content\/uploads\/2023\/05\/Capture-decran-2023-05-30-a-11.42.20.png","width":703,"height":405},{"@type":"BreadcrumbList","@id":"https:\/\/www.ndiaffatactu.com\/index.php\/2023\/05\/30\/atteint-par-une-grenade-lacrymogene-guy-m-sagna-exprime-sa-solidarite-au-cameraman-de-senego-baidy-ndao\/#breadcrumb","itemListElement":[{"@type":"ListItem","position":1,"name":"Home","item":"https:\/\/www.ndiaffatactu.com\/"},{"@type":"ListItem","position":2,"name":"ATTEINT PAR UNE GRENADE LACRYMOG\u00c8NE : GUY M. SAGNA EXPRIME SA SOLIDARIT\u00c9 AU CAMERAMAN DE SENEGO BAIDY NDAO"}]},{"@type":"WebSite","@id":"https:\/\/www.ndiaffatactu.com\/#website","url":"https:\/\/www.ndiaffatactu.com\/","name":"Ndiaffat Actu","description":"L&#039;iinformation en temps r\u00e9el","publisher":{"@id":"https:\/\/www.ndiaffatactu.com\/#organization"},"potentialAction":[{"@type":"SearchAction","target":{"@type":"EntryPoint","urlTemplate":"https:\/\/www.ndiaffatactu.com\/?s={search_term_string}"},"query-input":{"@type":"PropertyValueSpecification","valueRequired":true,"valueName":"search_term_string"}}],"inLanguage":"fr-FR"},{"@type":"Organization","@id":"https:\/\/www.ndiaffatactu.com\/#organization","name":"Ndiaffat Actu","url":"https:\/\/www.ndiaffatactu.com\/","logo":{"@type":"ImageObject","inLanguage":"fr-FR","@id":"https:\/\/www.ndiaffatactu.com\/#\/schema\/logo\/image\/","url":"https:\/\/www.ndiaffatactu.com\/wp-content\/uploads\/2024\/11\/cropped-BAIDY.png","contentUrl":"https:\/\/www.ndiaffatactu.com\/wp-content\/uploads\/2024\/11\/cropped-BAIDY.png","width":1009,"height":730,"caption":"Ndiaffat Actu"},"image":{"@id":"https:\/\/www.ndiaffatactu.com\/#\/schema\/logo\/image\/"}},{"@type":"Person","@id":"https:\/\/www.ndiaffatactu.com\/#\/schema\/person\/58070508ca42c5ea832aca50ebd5390a","name":"Baidy","image":{"@type":"ImageObject","inLanguage":"fr-FR","@id":"https:\/\/secure.gravatar.com\/avatar\/b9f71a5a3671d82da3185d341775314a0414f0fff1c9048903ccb72d937c5717?s=96&d=mm&r=g","url":"https:\/\/secure.gravatar.com\/avatar\/b9f71a5a3671d82da3185d341775314a0414f0fff1c9048903ccb72d937c5717?s=96&d=mm&r=g","contentUrl":"https:\/\/secure.gravatar.com\/avatar\/b9f71a5a3671d82da3185d341775314a0414f0fff1c9048903ccb72d937c5717?s=96&d=mm&r=g","caption":"Baidy"},"sameAs":["https:\/\/www.ndiaffatactu.com\/"],"url":"https:\/\/www.ndiaffatactu.com\/index.php\/author\/ndiaffatactu\/"}]}},"_links":{"self":[{"href":"https:\/\/www.ndiaffatactu.com\/index.php\/wp-json\/wp\/v2\/posts\/4903","targetHints":{"allow":["GET"]}}],"collection":[{"href":"https:\/\/www.ndiaffatactu.com\/index.php\/wp-json\/wp\/v2\/posts"}],"about":[{"href":"https:\/\/www.ndiaffatactu.com\/index.php\/wp-json\/wp\/v2\/types\/post"}],"author":[{"embeddable":true,"href":"https:\/\/www.ndiaffatactu.com\/index.php\/wp-json\/wp\/v2\/users\/2"}],"replies":[{"embeddable":true,"href":"https:\/\/www.ndiaffatactu.com\/index.php\/wp-json\/wp\/v2\/comments?post=4903"}],"version-history":[{"count":1,"href":"https:\/\/www.ndiaffatactu.com\/index.php\/wp-json\/wp\/v2\/posts\/4903\/revisions"}],"predecessor-version":[{"id":4905,"href":"https:\/\/www.ndiaffatactu.com\/index.php\/wp-json\/wp\/v2\/posts\/4903\/revisions\/4905"}],"wp:featuredmedia":[{"embeddable":true,"href":"https:\/\/www.ndiaffatactu.com\/index.php\/wp-json\/wp\/v2\/media\/4904"}],"wp:attachment":[{"href":"https:\/\/www.ndiaffatactu.com\/index.php\/wp-json\/wp\/v2\/media?parent=4903"}],"wp:term":[{"taxonomy":"category","embeddable":true,"href":"https:\/\/www.ndiaffatactu.com\/index.php\/wp-json\/wp\/v2\/categories?post=4903"},{"taxonomy":"post_tag","embeddable":true,"href":"https:\/\/www.ndiaffatactu.com\/index.php\/wp-json\/wp\/v2\/tags?post=4903"}],"curies":[{"name":"wp","href":"https:\/\/api.w.org\/{rel}","templated":true}]}}