{"id":464,"date":"2021-02-07T22:12:45","date_gmt":"2021-02-07T22:12:45","guid":{"rendered":"https:\/\/www.ndiaffatactu.com\/?p=464"},"modified":"2021-02-07T22:12:45","modified_gmt":"2021-02-07T22:12:45","slug":"ousmane-sonko-ce-qui-sest-reellement-passe-dans-laffaire-sweet-beaute","status":"publish","type":"post","link":"https:\/\/www.ndiaffatactu.com\/index.php\/2021\/02\/07\/ousmane-sonko-ce-qui-sest-reellement-passe-dans-laffaire-sweet-beaute\/","title":{"rendered":"Ousmane Sonko : \u00ab\u00a0Ce qui s&rsquo;est r\u00e9ellement pass\u00e9 dans l&rsquo;affaire Sweet Beaut\u00e9\u00a0\u00bb"},"content":{"rendered":"<p style=\"text-align: left;\">\nAccus\u00e9 de viol et menaces de mort, le leader du Pastef\/ Les Patriotes a fait face \u00e0 la presse, dans son domicile, ce dimanche 7 f\u00e9vrier. Ceci, avant sa convocation \u00e0 la Section de Recherches (SR) sise \u00e0 Colobane demain lundi, 8 f\u00e9vrier. Dans sa d\u00e9claration, Ousmane Sonko a d&#8217;embl\u00e9e fait savoir beaucoup de S\u00e9n\u00e9galais ne croient pas aux accusations qui sont port\u00e9es \u00e0 son encontre.<\/p>\n<p>Toutefois, le chef de parti a relev\u00e9 avoir des probl\u00e8mes de sant\u00e9 depuis tr\u00e8s longtemps. Ainsi, son m\u00e9decin lui a sugg\u00e9r\u00e9 de faire de la natation et d&rsquo;arr\u00eater le karat\u00e9, le footballeur, entre autres sports de combat. \u00ab\u00a0L\u00e0, j&rsquo;ai commenc\u00e9 les s\u00e9ances de massage en 2007 pour soulager les douleurs. Par la suite, je suis all\u00e9 voir les Chinois. L&rsquo;ann\u00e9e derni\u00e8re, j&rsquo;avais m\u00eame envisag\u00e9 de voyager pour des soins m\u00e9dicaux. Mais, mes m\u00e9decins m&rsquo;en ont dissuad\u00e9. Finalement, j&rsquo;ai eu un masseur Cor\u00e9en \u00e0 pr\u00e8s de 200000 FCFA\u00a0\u00bb, a d\u00e9clar\u00e9 Ousmane Sonko.<\/p>\n<p>Avant de poursuivre: \u00ab\u00a0C&rsquo;est ainsi qu&rsquo;un de mes amis m&rsquo;a propos\u00e9 l&rsquo;institut l\u00e9gal qu&rsquo;est Sweet Beaut\u00e9 pour faire un massage th\u00e9rapeutique. L\u00e0, les responsables m&rsquo;ont dit qu&rsquo;il n&rsquo;y a que des masseuses mais elles sont professionnelles. Malgr\u00e9 cela, j&rsquo;ai appel\u00e9 un de mes ma\u00eetres coraniques pour des conseils. Ce dernier m&rsquo;a fait savoir que si c&rsquo;est pour un traitement, il n&rsquo;y a aucun inconv\u00e9nient. Et \u00e0 chaque fois, il y avait deux filles dans la salle pour s&rsquo;occuper de moi. Je n&rsquo;ai jamais \u00e9t\u00e9 seule avec l&rsquo;une d&rsquo;elles. Pis, je ne ne suis jamais venu sur les lieux avec des armes\u00a0\u00bb.<\/p>\n<p>\u00ab\u00a0C&rsquo;est un complot ourdi par Macky Sall\u00a0\u00bb<\/p>\n<p>Le leader du Pastef de reconna\u00eetre, toutefois, qu&rsquo;il est all\u00e9 l\u00e0-bas vers 21 heures. \u00ab\u00a0la loi me le permet en tant que d\u00e9put\u00e9\u00a0\u00bb, dira-t-il.<\/p>\n<p>Poursuivant, Ousmane Sonko renseigne qu&rsquo;il y a m\u00eame des cam\u00e9ras de surveillance dans les couloirs de l&rsquo;Institut. \u00ab\u00a0Donc, comment je peux violer une fille \u00e0 quatre reprises? C&rsquo;est impensable! Je voudrais dire aux S\u00e9n\u00e9galais que c&rsquo;est un complot ourdi par Macky Sall.<\/p>\n<p>Mieux, Ousmane Sonko accuse \u00e9galement le ministre de l&rsquo;Int\u00e9rieur et le Procureur de la R\u00e9publique\u00a0\u00bb, peste-t-il.<\/p>\n<p>Par ailleurs, il a remerci\u00e9 les S\u00e9n\u00e9galais, les acteurs politiques surtout ceux de l&rsquo;opposition, la Soci\u00e9t\u00e9 civile, ses avocats, ses voisins, ses deux \u00e9pouses, bref toute sa famille<\/p>\n","protected":false},"excerpt":{"rendered":"<p>Accus\u00e9 de viol et menaces de mort, le leader du Pastef\/ Les Patriotes a fait face \u00e0 la presse, dans<\/p>\n","protected":false},"author":2,"featured_media":409,"comment_status":"open","ping_status":"closed","sticky":false,"template":"","format":"standard","meta":{"colormag_page_container_layout":"default_layout","colormag_page_sidebar_layout":"default_layout","wprm-recipe-roundup-name":"","wprm-recipe-roundup-description":"","footnotes":""},"categories":[6,14,12,30],"tags":[],"class_list":["post-464","post","type-post","status-publish","format-standard","has-post-thumbnail","hentry","category-actualites","category-politique","category-recents","category-societe"],"yoast_head":"<!-- This site is optimized with the Yoast SEO plugin v27.5 - https:\/\/yoast.com\/product\/yoast-seo-wordpress\/ -->\n<title>Ousmane Sonko : &quot;Ce qui s&#039;est r\u00e9ellement pass\u00e9 dans l&#039;affaire Sweet Beaut\u00e9&quot; - Ndiaffat Actu<\/title>\n<meta name=\"robots\" content=\"index, follow, max-snippet:-1, max-image-preview:large, max-video-preview:-1\" \/>\n<link rel=\"canonical\" href=\"https:\/\/www.ndiaffatactu.com\/index.php\/2021\/02\/07\/ousmane-sonko-ce-qui-sest-reellement-passe-dans-laffaire-sweet-beaute\/\" \/>\n<meta property=\"og:locale\" content=\"fr_FR\" \/>\n<meta property=\"og:type\" content=\"article\" \/>\n<meta property=\"og:title\" content=\"Ousmane Sonko : &quot;Ce qui s&#039;est r\u00e9ellement pass\u00e9 dans l&#039;affaire Sweet Beaut\u00e9&quot; - Ndiaffat Actu\" \/>\n<meta property=\"og:description\" content=\"Accus\u00e9 de viol et menaces de mort, le leader du Pastef\/ Les Patriotes a fait face \u00e0 la presse, dans\" \/>\n<meta property=\"og:url\" content=\"https:\/\/www.ndiaffatactu.com\/index.php\/2021\/02\/07\/ousmane-sonko-ce-qui-sest-reellement-passe-dans-laffaire-sweet-beaute\/\" \/>\n<meta property=\"og:site_name\" content=\"Ndiaffat Actu\" \/>\n<meta property=\"article:published_time\" content=\"2021-02-07T22:12:45+00:00\" \/>\n<meta property=\"og:image\" content=\"https:\/\/www.ndiaffatactu.com\/wp-content\/uploads\/2021\/02\/sonko.jpg\" \/>\n\t<meta property=\"og:image:width\" content=\"612\" \/>\n\t<meta property=\"og:image:height\" content=\"298\" \/>\n\t<meta property=\"og:image:type\" content=\"image\/jpeg\" \/>\n<meta name=\"author\" content=\"Baidy\" \/>\n<meta name=\"twitter:card\" content=\"summary_large_image\" \/>\n<meta name=\"twitter:label1\" content=\"\u00c9crit par\" \/>\n\t<meta name=\"twitter:data1\" content=\"Baidy\" \/>\n\t<meta name=\"twitter:label2\" content=\"Dur\u00e9e de lecture estim\u00e9e\" \/>\n\t<meta name=\"twitter:data2\" content=\"2 minutes\" \/>\n<script type=\"application\/ld+json\" class=\"yoast-schema-graph\">{\"@context\":\"https:\\\/\\\/schema.org\",\"@graph\":[{\"@type\":\"Article\",\"@id\":\"https:\\\/\\\/www.ndiaffatactu.com\\\/index.php\\\/2021\\\/02\\\/07\\\/ousmane-sonko-ce-qui-sest-reellement-passe-dans-laffaire-sweet-beaute\\\/#article\",\"isPartOf\":{\"@id\":\"https:\\\/\\\/www.ndiaffatactu.com\\\/index.php\\\/2021\\\/02\\\/07\\\/ousmane-sonko-ce-qui-sest-reellement-passe-dans-laffaire-sweet-beaute\\\/\"},\"author\":{\"name\":\"Baidy\",\"@id\":\"https:\\\/\\\/www.ndiaffatactu.com\\\/#\\\/schema\\\/person\\\/58070508ca42c5ea832aca50ebd5390a\"},\"headline\":\"Ousmane Sonko : \u00ab\u00a0Ce qui s&rsquo;est r\u00e9ellement pass\u00e9 dans l&rsquo;affaire Sweet Beaut\u00e9\u00a0\u00bb\",\"datePublished\":\"2021-02-07T22:12:45+00:00\",\"mainEntityOfPage\":{\"@id\":\"https:\\\/\\\/www.ndiaffatactu.com\\\/index.php\\\/2021\\\/02\\\/07\\\/ousmane-sonko-ce-qui-sest-reellement-passe-dans-laffaire-sweet-beaute\\\/\"},\"wordCount\":445,\"commentCount\":0,\"publisher\":{\"@id\":\"https:\\\/\\\/www.ndiaffatactu.com\\\/#organization\"},\"image\":{\"@id\":\"https:\\\/\\\/www.ndiaffatactu.com\\\/index.php\\\/2021\\\/02\\\/07\\\/ousmane-sonko-ce-qui-sest-reellement-passe-dans-laffaire-sweet-beaute\\\/#primaryimage\"},\"thumbnailUrl\":\"https:\\\/\\\/www.ndiaffatactu.com\\\/wp-content\\\/uploads\\\/2021\\\/02\\\/sonko.jpg\",\"articleSection\":[\"ACTUALIT\u00c9S\",\"Politique\",\"R\u00e9cents\",\"Soci\u00e9t\u00e9\"],\"inLanguage\":\"fr-FR\",\"potentialAction\":[{\"@type\":\"CommentAction\",\"name\":\"Comment\",\"target\":[\"https:\\\/\\\/www.ndiaffatactu.com\\\/index.php\\\/2021\\\/02\\\/07\\\/ousmane-sonko-ce-qui-sest-reellement-passe-dans-laffaire-sweet-beaute\\\/#respond\"]}]},{\"@type\":\"WebPage\",\"@id\":\"https:\\\/\\\/www.ndiaffatactu.com\\\/index.php\\\/2021\\\/02\\\/07\\\/ousmane-sonko-ce-qui-sest-reellement-passe-dans-laffaire-sweet-beaute\\\/\",\"url\":\"https:\\\/\\\/www.ndiaffatactu.com\\\/index.php\\\/2021\\\/02\\\/07\\\/ousmane-sonko-ce-qui-sest-reellement-passe-dans-laffaire-sweet-beaute\\\/\",\"name\":\"Ousmane Sonko : \\\"Ce qui s'est r\u00e9ellement pass\u00e9 dans l'affaire Sweet Beaut\u00e9\\\" - Ndiaffat Actu\",\"isPartOf\":{\"@id\":\"https:\\\/\\\/www.ndiaffatactu.com\\\/#website\"},\"primaryImageOfPage\":{\"@id\":\"https:\\\/\\\/www.ndiaffatactu.com\\\/index.php\\\/2021\\\/02\\\/07\\\/ousmane-sonko-ce-qui-sest-reellement-passe-dans-laffaire-sweet-beaute\\\/#primaryimage\"},\"image\":{\"@id\":\"https:\\\/\\\/www.ndiaffatactu.com\\\/index.php\\\/2021\\\/02\\\/07\\\/ousmane-sonko-ce-qui-sest-reellement-passe-dans-laffaire-sweet-beaute\\\/#primaryimage\"},\"thumbnailUrl\":\"https:\\\/\\\/www.ndiaffatactu.com\\\/wp-content\\\/uploads\\\/2021\\\/02\\\/sonko.jpg\",\"datePublished\":\"2021-02-07T22:12:45+00:00\",\"breadcrumb\":{\"@id\":\"https:\\\/\\\/www.ndiaffatactu.com\\\/index.php\\\/2021\\\/02\\\/07\\\/ousmane-sonko-ce-qui-sest-reellement-passe-dans-laffaire-sweet-beaute\\\/#breadcrumb\"},\"inLanguage\":\"fr-FR\",\"potentialAction\":[{\"@type\":\"ReadAction\",\"target\":[\"https:\\\/\\\/www.ndiaffatactu.com\\\/index.php\\\/2021\\\/02\\\/07\\\/ousmane-sonko-ce-qui-sest-reellement-passe-dans-laffaire-sweet-beaute\\\/\"]}]},{\"@type\":\"ImageObject\",\"inLanguage\":\"fr-FR\",\"@id\":\"https:\\\/\\\/www.ndiaffatactu.com\\\/index.php\\\/2021\\\/02\\\/07\\\/ousmane-sonko-ce-qui-sest-reellement-passe-dans-laffaire-sweet-beaute\\\/#primaryimage\",\"url\":\"https:\\\/\\\/www.ndiaffatactu.com\\\/wp-content\\\/uploads\\\/2021\\\/02\\\/sonko.jpg\",\"contentUrl\":\"https:\\\/\\\/www.ndiaffatactu.com\\\/wp-content\\\/uploads\\\/2021\\\/02\\\/sonko.jpg\",\"width\":612,\"height\":298},{\"@type\":\"BreadcrumbList\",\"@id\":\"https:\\\/\\\/www.ndiaffatactu.com\\\/index.php\\\/2021\\\/02\\\/07\\\/ousmane-sonko-ce-qui-sest-reellement-passe-dans-laffaire-sweet-beaute\\\/#breadcrumb\",\"itemListElement\":[{\"@type\":\"ListItem\",\"position\":1,\"name\":\"Home\",\"item\":\"https:\\\/\\\/www.ndiaffatactu.com\\\/\"},{\"@type\":\"ListItem\",\"position\":2,\"name\":\"Ousmane Sonko : \u00ab\u00a0Ce qui s&rsquo;est r\u00e9ellement pass\u00e9 dans l&rsquo;affaire Sweet Beaut\u00e9\u00a0\u00bb\"}]},{\"@type\":\"WebSite\",\"@id\":\"https:\\\/\\\/www.ndiaffatactu.com\\\/#website\",\"url\":\"https:\\\/\\\/www.ndiaffatactu.com\\\/\",\"name\":\"Ndiaffat Actu\",\"description\":\"L&#039;iinformation en temps r\u00e9el\",\"publisher\":{\"@id\":\"https:\\\/\\\/www.ndiaffatactu.com\\\/#organization\"},\"potentialAction\":[{\"@type\":\"SearchAction\",\"target\":{\"@type\":\"EntryPoint\",\"urlTemplate\":\"https:\\\/\\\/www.ndiaffatactu.com\\\/?s={search_term_string}\"},\"query-input\":{\"@type\":\"PropertyValueSpecification\",\"valueRequired\":true,\"valueName\":\"search_term_string\"}}],\"inLanguage\":\"fr-FR\"},{\"@type\":\"Organization\",\"@id\":\"https:\\\/\\\/www.ndiaffatactu.com\\\/#organization\",\"name\":\"Ndiaffat Actu\",\"url\":\"https:\\\/\\\/www.ndiaffatactu.com\\\/\",\"logo\":{\"@type\":\"ImageObject\",\"inLanguage\":\"fr-FR\",\"@id\":\"https:\\\/\\\/www.ndiaffatactu.com\\\/#\\\/schema\\\/logo\\\/image\\\/\",\"url\":\"https:\\\/\\\/www.ndiaffatactu.com\\\/wp-content\\\/uploads\\\/2024\\\/11\\\/cropped-BAIDY.png\",\"contentUrl\":\"https:\\\/\\\/www.ndiaffatactu.com\\\/wp-content\\\/uploads\\\/2024\\\/11\\\/cropped-BAIDY.png\",\"width\":1009,\"height\":730,\"caption\":\"Ndiaffat Actu\"},\"image\":{\"@id\":\"https:\\\/\\\/www.ndiaffatactu.com\\\/#\\\/schema\\\/logo\\\/image\\\/\"}},{\"@type\":\"Person\",\"@id\":\"https:\\\/\\\/www.ndiaffatactu.com\\\/#\\\/schema\\\/person\\\/58070508ca42c5ea832aca50ebd5390a\",\"name\":\"Baidy\",\"image\":{\"@type\":\"ImageObject\",\"inLanguage\":\"fr-FR\",\"@id\":\"https:\\\/\\\/secure.gravatar.com\\\/avatar\\\/b9f71a5a3671d82da3185d341775314a0414f0fff1c9048903ccb72d937c5717?s=96&d=mm&r=g\",\"url\":\"https:\\\/\\\/secure.gravatar.com\\\/avatar\\\/b9f71a5a3671d82da3185d341775314a0414f0fff1c9048903ccb72d937c5717?s=96&d=mm&r=g\",\"contentUrl\":\"https:\\\/\\\/secure.gravatar.com\\\/avatar\\\/b9f71a5a3671d82da3185d341775314a0414f0fff1c9048903ccb72d937c5717?s=96&d=mm&r=g\",\"caption\":\"Baidy\"},\"sameAs\":[\"https:\\\/\\\/www.ndiaffatactu.com\\\/\"],\"url\":\"https:\\\/\\\/www.ndiaffatactu.com\\\/index.php\\\/author\\\/ndiaffatactu\\\/\"}]}<\/script>\n<!-- \/ Yoast SEO plugin. -->","yoast_head_json":{"title":"Ousmane Sonko : \"Ce qui s'est r\u00e9ellement pass\u00e9 dans l'affaire Sweet Beaut\u00e9\" - Ndiaffat Actu","robots":{"index":"index","follow":"follow","max-snippet":"max-snippet:-1","max-image-preview":"max-image-preview:large","max-video-preview":"max-video-preview:-1"},"canonical":"https:\/\/www.ndiaffatactu.com\/index.php\/2021\/02\/07\/ousmane-sonko-ce-qui-sest-reellement-passe-dans-laffaire-sweet-beaute\/","og_locale":"fr_FR","og_type":"article","og_title":"Ousmane Sonko : \"Ce qui s'est r\u00e9ellement pass\u00e9 dans l'affaire Sweet Beaut\u00e9\" - Ndiaffat Actu","og_description":"Accus\u00e9 de viol et menaces de mort, le leader du Pastef\/ Les Patriotes a fait face \u00e0 la presse, dans","og_url":"https:\/\/www.ndiaffatactu.com\/index.php\/2021\/02\/07\/ousmane-sonko-ce-qui-sest-reellement-passe-dans-laffaire-sweet-beaute\/","og_site_name":"Ndiaffat Actu","article_published_time":"2021-02-07T22:12:45+00:00","og_image":[{"width":612,"height":298,"url":"https:\/\/www.ndiaffatactu.com\/wp-content\/uploads\/2021\/02\/sonko.jpg","type":"image\/jpeg"}],"author":"Baidy","twitter_card":"summary_large_image","twitter_misc":{"\u00c9crit par":"Baidy","Dur\u00e9e de lecture estim\u00e9e":"2 minutes"},"schema":{"@context":"https:\/\/schema.org","@graph":[{"@type":"Article","@id":"https:\/\/www.ndiaffatactu.com\/index.php\/2021\/02\/07\/ousmane-sonko-ce-qui-sest-reellement-passe-dans-laffaire-sweet-beaute\/#article","isPartOf":{"@id":"https:\/\/www.ndiaffatactu.com\/index.php\/2021\/02\/07\/ousmane-sonko-ce-qui-sest-reellement-passe-dans-laffaire-sweet-beaute\/"},"author":{"name":"Baidy","@id":"https:\/\/www.ndiaffatactu.com\/#\/schema\/person\/58070508ca42c5ea832aca50ebd5390a"},"headline":"Ousmane Sonko : \u00ab\u00a0Ce qui s&rsquo;est r\u00e9ellement pass\u00e9 dans l&rsquo;affaire Sweet Beaut\u00e9\u00a0\u00bb","datePublished":"2021-02-07T22:12:45+00:00","mainEntityOfPage":{"@id":"https:\/\/www.ndiaffatactu.com\/index.php\/2021\/02\/07\/ousmane-sonko-ce-qui-sest-reellement-passe-dans-laffaire-sweet-beaute\/"},"wordCount":445,"commentCount":0,"publisher":{"@id":"https:\/\/www.ndiaffatactu.com\/#organization"},"image":{"@id":"https:\/\/www.ndiaffatactu.com\/index.php\/2021\/02\/07\/ousmane-sonko-ce-qui-sest-reellement-passe-dans-laffaire-sweet-beaute\/#primaryimage"},"thumbnailUrl":"https:\/\/www.ndiaffatactu.com\/wp-content\/uploads\/2021\/02\/sonko.jpg","articleSection":["ACTUALIT\u00c9S","Politique","R\u00e9cents","Soci\u00e9t\u00e9"],"inLanguage":"fr-FR","potentialAction":[{"@type":"CommentAction","name":"Comment","target":["https:\/\/www.ndiaffatactu.com\/index.php\/2021\/02\/07\/ousmane-sonko-ce-qui-sest-reellement-passe-dans-laffaire-sweet-beaute\/#respond"]}]},{"@type":"WebPage","@id":"https:\/\/www.ndiaffatactu.com\/index.php\/2021\/02\/07\/ousmane-sonko-ce-qui-sest-reellement-passe-dans-laffaire-sweet-beaute\/","url":"https:\/\/www.ndiaffatactu.com\/index.php\/2021\/02\/07\/ousmane-sonko-ce-qui-sest-reellement-passe-dans-laffaire-sweet-beaute\/","name":"Ousmane Sonko : \"Ce qui s'est r\u00e9ellement pass\u00e9 dans l'affaire Sweet Beaut\u00e9\" - Ndiaffat Actu","isPartOf":{"@id":"https:\/\/www.ndiaffatactu.com\/#website"},"primaryImageOfPage":{"@id":"https:\/\/www.ndiaffatactu.com\/index.php\/2021\/02\/07\/ousmane-sonko-ce-qui-sest-reellement-passe-dans-laffaire-sweet-beaute\/#primaryimage"},"image":{"@id":"https:\/\/www.ndiaffatactu.com\/index.php\/2021\/02\/07\/ousmane-sonko-ce-qui-sest-reellement-passe-dans-laffaire-sweet-beaute\/#primaryimage"},"thumbnailUrl":"https:\/\/www.ndiaffatactu.com\/wp-content\/uploads\/2021\/02\/sonko.jpg","datePublished":"2021-02-07T22:12:45+00:00","breadcrumb":{"@id":"https:\/\/www.ndiaffatactu.com\/index.php\/2021\/02\/07\/ousmane-sonko-ce-qui-sest-reellement-passe-dans-laffaire-sweet-beaute\/#breadcrumb"},"inLanguage":"fr-FR","potentialAction":[{"@type":"ReadAction","target":["https:\/\/www.ndiaffatactu.com\/index.php\/2021\/02\/07\/ousmane-sonko-ce-qui-sest-reellement-passe-dans-laffaire-sweet-beaute\/"]}]},{"@type":"ImageObject","inLanguage":"fr-FR","@id":"https:\/\/www.ndiaffatactu.com\/index.php\/2021\/02\/07\/ousmane-sonko-ce-qui-sest-reellement-passe-dans-laffaire-sweet-beaute\/#primaryimage","url":"https:\/\/www.ndiaffatactu.com\/wp-content\/uploads\/2021\/02\/sonko.jpg","contentUrl":"https:\/\/www.ndiaffatactu.com\/wp-content\/uploads\/2021\/02\/sonko.jpg","width":612,"height":298},{"@type":"BreadcrumbList","@id":"https:\/\/www.ndiaffatactu.com\/index.php\/2021\/02\/07\/ousmane-sonko-ce-qui-sest-reellement-passe-dans-laffaire-sweet-beaute\/#breadcrumb","itemListElement":[{"@type":"ListItem","position":1,"name":"Home","item":"https:\/\/www.ndiaffatactu.com\/"},{"@type":"ListItem","position":2,"name":"Ousmane Sonko : \u00ab\u00a0Ce qui s&rsquo;est r\u00e9ellement pass\u00e9 dans l&rsquo;affaire Sweet Beaut\u00e9\u00a0\u00bb"}]},{"@type":"WebSite","@id":"https:\/\/www.ndiaffatactu.com\/#website","url":"https:\/\/www.ndiaffatactu.com\/","name":"Ndiaffat Actu","description":"L&#039;iinformation en temps r\u00e9el","publisher":{"@id":"https:\/\/www.ndiaffatactu.com\/#organization"},"potentialAction":[{"@type":"SearchAction","target":{"@type":"EntryPoint","urlTemplate":"https:\/\/www.ndiaffatactu.com\/?s={search_term_string}"},"query-input":{"@type":"PropertyValueSpecification","valueRequired":true,"valueName":"search_term_string"}}],"inLanguage":"fr-FR"},{"@type":"Organization","@id":"https:\/\/www.ndiaffatactu.com\/#organization","name":"Ndiaffat Actu","url":"https:\/\/www.ndiaffatactu.com\/","logo":{"@type":"ImageObject","inLanguage":"fr-FR","@id":"https:\/\/www.ndiaffatactu.com\/#\/schema\/logo\/image\/","url":"https:\/\/www.ndiaffatactu.com\/wp-content\/uploads\/2024\/11\/cropped-BAIDY.png","contentUrl":"https:\/\/www.ndiaffatactu.com\/wp-content\/uploads\/2024\/11\/cropped-BAIDY.png","width":1009,"height":730,"caption":"Ndiaffat Actu"},"image":{"@id":"https:\/\/www.ndiaffatactu.com\/#\/schema\/logo\/image\/"}},{"@type":"Person","@id":"https:\/\/www.ndiaffatactu.com\/#\/schema\/person\/58070508ca42c5ea832aca50ebd5390a","name":"Baidy","image":{"@type":"ImageObject","inLanguage":"fr-FR","@id":"https:\/\/secure.gravatar.com\/avatar\/b9f71a5a3671d82da3185d341775314a0414f0fff1c9048903ccb72d937c5717?s=96&d=mm&r=g","url":"https:\/\/secure.gravatar.com\/avatar\/b9f71a5a3671d82da3185d341775314a0414f0fff1c9048903ccb72d937c5717?s=96&d=mm&r=g","contentUrl":"https:\/\/secure.gravatar.com\/avatar\/b9f71a5a3671d82da3185d341775314a0414f0fff1c9048903ccb72d937c5717?s=96&d=mm&r=g","caption":"Baidy"},"sameAs":["https:\/\/www.ndiaffatactu.com\/"],"url":"https:\/\/www.ndiaffatactu.com\/index.php\/author\/ndiaffatactu\/"}]}},"_links":{"self":[{"href":"https:\/\/www.ndiaffatactu.com\/index.php\/wp-json\/wp\/v2\/posts\/464","targetHints":{"allow":["GET"]}}],"collection":[{"href":"https:\/\/www.ndiaffatactu.com\/index.php\/wp-json\/wp\/v2\/posts"}],"about":[{"href":"https:\/\/www.ndiaffatactu.com\/index.php\/wp-json\/wp\/v2\/types\/post"}],"author":[{"embeddable":true,"href":"https:\/\/www.ndiaffatactu.com\/index.php\/wp-json\/wp\/v2\/users\/2"}],"replies":[{"embeddable":true,"href":"https:\/\/www.ndiaffatactu.com\/index.php\/wp-json\/wp\/v2\/comments?post=464"}],"version-history":[{"count":1,"href":"https:\/\/www.ndiaffatactu.com\/index.php\/wp-json\/wp\/v2\/posts\/464\/revisions"}],"predecessor-version":[{"id":465,"href":"https:\/\/www.ndiaffatactu.com\/index.php\/wp-json\/wp\/v2\/posts\/464\/revisions\/465"}],"wp:featuredmedia":[{"embeddable":true,"href":"https:\/\/www.ndiaffatactu.com\/index.php\/wp-json\/wp\/v2\/media\/409"}],"wp:attachment":[{"href":"https:\/\/www.ndiaffatactu.com\/index.php\/wp-json\/wp\/v2\/media?parent=464"}],"wp:term":[{"taxonomy":"category","embeddable":true,"href":"https:\/\/www.ndiaffatactu.com\/index.php\/wp-json\/wp\/v2\/categories?post=464"},{"taxonomy":"post_tag","embeddable":true,"href":"https:\/\/www.ndiaffatactu.com\/index.php\/wp-json\/wp\/v2\/tags?post=464"}],"curies":[{"name":"wp","href":"https:\/\/api.w.org\/{rel}","templated":true}]}}