{"id":449,"date":"2021-02-06T18:35:24","date_gmt":"2021-02-06T18:35:24","guid":{"rendered":"https:\/\/www.ndiaffatactu.com\/?p=449"},"modified":"2021-02-06T18:35:24","modified_gmt":"2021-02-06T18:35:24","slug":"suivez-en-direct-la-ceremonie-de-presentation-et-de-dedicace-du-libre-de-ibn-bachir-ndao-sur-ndiaffatactu","status":"publish","type":"post","link":"https:\/\/www.ndiaffatactu.com\/index.php\/2021\/02\/06\/suivez-en-direct-la-ceremonie-de-presentation-et-de-dedicace-du-libre-de-ibn-bachir-ndao-sur-ndiaffatactu\/","title":{"rendered":"Suivez en direct la c\u00e9r\u00e9monie de pr\u00e9sentation et de d\u00e9dicace du libre de Ibn Bachir Ndao sur ndiaffatactu"},"content":{"rendered":"<p>La commune de Ndiaffate \u00e0 l&rsquo;honneur, un de ses illustres fils Saliou Ibn Bachir Ndao baptise son premier roman &lt;&lt;oc\u00e9an manicheiste&gt;&gt;<\/p>\n<p><a href=\"https:\/\/youtu.be\/YWJY9231MkA\">https:\/\/youtu.be\/YWJY9231MkA<\/a><\/p>\n","protected":false},"excerpt":{"rendered":"<p>La commune de Ndiaffate \u00e0 l&rsquo;honneur, un de ses illustres fils Saliou Ibn Bachir Ndao baptise son premier roman &lt;&lt;oc\u00e9an<\/p>\n","protected":false},"author":2,"featured_media":451,"comment_status":"open","ping_status":"closed","sticky":false,"template":"","format":"link","meta":{"colormag_page_container_layout":"default_layout","colormag_page_sidebar_layout":"default_layout","wprm-recipe-roundup-name":"","wprm-recipe-roundup-description":"","footnotes":""},"categories":[6,29,13,30],"tags":[],"class_list":["post-449","post","type-post","status-publish","format-link","has-post-thumbnail","hentry","category-actualites","category-education","category-news","category-societe","post_format-post-format-link"],"yoast_head":"<!-- This site is optimized with the Yoast SEO plugin v27.5 - https:\/\/yoast.com\/product\/yoast-seo-wordpress\/ -->\n<title>Suivez en direct la c\u00e9r\u00e9monie de pr\u00e9sentation et de d\u00e9dicace du libre de Ibn Bachir Ndao sur ndiaffatactu - Ndiaffat Actu<\/title>\n<meta name=\"robots\" content=\"index, follow, max-snippet:-1, max-image-preview:large, max-video-preview:-1\" \/>\n<link rel=\"canonical\" href=\"https:\/\/www.ndiaffatactu.com\/index.php\/2021\/02\/06\/suivez-en-direct-la-ceremonie-de-presentation-et-de-dedicace-du-libre-de-ibn-bachir-ndao-sur-ndiaffatactu\/\" \/>\n<meta property=\"og:locale\" content=\"fr_FR\" \/>\n<meta property=\"og:type\" content=\"article\" \/>\n<meta property=\"og:title\" content=\"Suivez en direct la c\u00e9r\u00e9monie de pr\u00e9sentation et de d\u00e9dicace du libre de Ibn Bachir Ndao sur ndiaffatactu - Ndiaffat Actu\" \/>\n<meta property=\"og:description\" content=\"La commune de Ndiaffate \u00e0 l&rsquo;honneur, un de ses illustres fils Saliou Ibn Bachir Ndao baptise son premier roman &lt;&lt;oc\u00e9an\" \/>\n<meta property=\"og:url\" content=\"https:\/\/www.ndiaffatactu.com\/index.php\/2021\/02\/06\/suivez-en-direct-la-ceremonie-de-presentation-et-de-dedicace-du-libre-de-ibn-bachir-ndao-sur-ndiaffatactu\/\" \/>\n<meta property=\"og:site_name\" content=\"Ndiaffat Actu\" \/>\n<meta property=\"article:published_time\" content=\"2021-02-06T18:35:24+00:00\" \/>\n<meta property=\"og:image\" content=\"https:\/\/www.ndiaffatactu.com\/wp-content\/uploads\/2021\/02\/bachir-1.jpg\" \/>\n\t<meta property=\"og:image:width\" content=\"499\" \/>\n\t<meta property=\"og:image:height\" content=\"999\" \/>\n\t<meta property=\"og:image:type\" content=\"image\/jpeg\" \/>\n<meta name=\"author\" content=\"Baidy\" \/>\n<meta name=\"twitter:card\" content=\"summary_large_image\" \/>\n<meta name=\"twitter:label1\" content=\"\u00c9crit par\" \/>\n\t<meta name=\"twitter:data1\" content=\"Baidy\" \/>\n\t<meta name=\"twitter:label2\" content=\"Dur\u00e9e de lecture estim\u00e9e\" \/>\n\t<meta name=\"twitter:data2\" content=\"1 minute\" \/>\n<script type=\"application\/ld+json\" class=\"yoast-schema-graph\">{\"@context\":\"https:\\\/\\\/schema.org\",\"@graph\":[{\"@type\":\"Article\",\"@id\":\"https:\\\/\\\/www.ndiaffatactu.com\\\/index.php\\\/2021\\\/02\\\/06\\\/suivez-en-direct-la-ceremonie-de-presentation-et-de-dedicace-du-libre-de-ibn-bachir-ndao-sur-ndiaffatactu\\\/#article\",\"isPartOf\":{\"@id\":\"https:\\\/\\\/www.ndiaffatactu.com\\\/index.php\\\/2021\\\/02\\\/06\\\/suivez-en-direct-la-ceremonie-de-presentation-et-de-dedicace-du-libre-de-ibn-bachir-ndao-sur-ndiaffatactu\\\/\"},\"author\":{\"name\":\"Baidy\",\"@id\":\"https:\\\/\\\/www.ndiaffatactu.com\\\/#\\\/schema\\\/person\\\/58070508ca42c5ea832aca50ebd5390a\"},\"headline\":\"Suivez en direct la c\u00e9r\u00e9monie de pr\u00e9sentation et de d\u00e9dicace du libre de Ibn Bachir Ndao sur ndiaffatactu\",\"datePublished\":\"2021-02-06T18:35:24+00:00\",\"mainEntityOfPage\":{\"@id\":\"https:\\\/\\\/www.ndiaffatactu.com\\\/index.php\\\/2021\\\/02\\\/06\\\/suivez-en-direct-la-ceremonie-de-presentation-et-de-dedicace-du-libre-de-ibn-bachir-ndao-sur-ndiaffatactu\\\/\"},\"wordCount\":53,\"commentCount\":0,\"publisher\":{\"@id\":\"https:\\\/\\\/www.ndiaffatactu.com\\\/#organization\"},\"image\":{\"@id\":\"https:\\\/\\\/www.ndiaffatactu.com\\\/index.php\\\/2021\\\/02\\\/06\\\/suivez-en-direct-la-ceremonie-de-presentation-et-de-dedicace-du-libre-de-ibn-bachir-ndao-sur-ndiaffatactu\\\/#primaryimage\"},\"thumbnailUrl\":\"https:\\\/\\\/www.ndiaffatactu.com\\\/wp-content\\\/uploads\\\/2021\\\/02\\\/bachir-1.jpg\",\"articleSection\":[\"ACTUALIT\u00c9S\",\"\u00e9ducation\",\"News\",\"Soci\u00e9t\u00e9\"],\"inLanguage\":\"fr-FR\",\"potentialAction\":[{\"@type\":\"CommentAction\",\"name\":\"Comment\",\"target\":[\"https:\\\/\\\/www.ndiaffatactu.com\\\/index.php\\\/2021\\\/02\\\/06\\\/suivez-en-direct-la-ceremonie-de-presentation-et-de-dedicace-du-libre-de-ibn-bachir-ndao-sur-ndiaffatactu\\\/#respond\"]}]},{\"@type\":\"WebPage\",\"@id\":\"https:\\\/\\\/www.ndiaffatactu.com\\\/index.php\\\/2021\\\/02\\\/06\\\/suivez-en-direct-la-ceremonie-de-presentation-et-de-dedicace-du-libre-de-ibn-bachir-ndao-sur-ndiaffatactu\\\/\",\"url\":\"https:\\\/\\\/www.ndiaffatactu.com\\\/index.php\\\/2021\\\/02\\\/06\\\/suivez-en-direct-la-ceremonie-de-presentation-et-de-dedicace-du-libre-de-ibn-bachir-ndao-sur-ndiaffatactu\\\/\",\"name\":\"Suivez en direct la c\u00e9r\u00e9monie de pr\u00e9sentation et de d\u00e9dicace du libre de Ibn Bachir Ndao sur ndiaffatactu - Ndiaffat Actu\",\"isPartOf\":{\"@id\":\"https:\\\/\\\/www.ndiaffatactu.com\\\/#website\"},\"primaryImageOfPage\":{\"@id\":\"https:\\\/\\\/www.ndiaffatactu.com\\\/index.php\\\/2021\\\/02\\\/06\\\/suivez-en-direct-la-ceremonie-de-presentation-et-de-dedicace-du-libre-de-ibn-bachir-ndao-sur-ndiaffatactu\\\/#primaryimage\"},\"image\":{\"@id\":\"https:\\\/\\\/www.ndiaffatactu.com\\\/index.php\\\/2021\\\/02\\\/06\\\/suivez-en-direct-la-ceremonie-de-presentation-et-de-dedicace-du-libre-de-ibn-bachir-ndao-sur-ndiaffatactu\\\/#primaryimage\"},\"thumbnailUrl\":\"https:\\\/\\\/www.ndiaffatactu.com\\\/wp-content\\\/uploads\\\/2021\\\/02\\\/bachir-1.jpg\",\"datePublished\":\"2021-02-06T18:35:24+00:00\",\"breadcrumb\":{\"@id\":\"https:\\\/\\\/www.ndiaffatactu.com\\\/index.php\\\/2021\\\/02\\\/06\\\/suivez-en-direct-la-ceremonie-de-presentation-et-de-dedicace-du-libre-de-ibn-bachir-ndao-sur-ndiaffatactu\\\/#breadcrumb\"},\"inLanguage\":\"fr-FR\",\"potentialAction\":[{\"@type\":\"ReadAction\",\"target\":[\"https:\\\/\\\/www.ndiaffatactu.com\\\/index.php\\\/2021\\\/02\\\/06\\\/suivez-en-direct-la-ceremonie-de-presentation-et-de-dedicace-du-libre-de-ibn-bachir-ndao-sur-ndiaffatactu\\\/\"]}]},{\"@type\":\"ImageObject\",\"inLanguage\":\"fr-FR\",\"@id\":\"https:\\\/\\\/www.ndiaffatactu.com\\\/index.php\\\/2021\\\/02\\\/06\\\/suivez-en-direct-la-ceremonie-de-presentation-et-de-dedicace-du-libre-de-ibn-bachir-ndao-sur-ndiaffatactu\\\/#primaryimage\",\"url\":\"https:\\\/\\\/www.ndiaffatactu.com\\\/wp-content\\\/uploads\\\/2021\\\/02\\\/bachir-1.jpg\",\"contentUrl\":\"https:\\\/\\\/www.ndiaffatactu.com\\\/wp-content\\\/uploads\\\/2021\\\/02\\\/bachir-1.jpg\",\"width\":499,\"height\":999},{\"@type\":\"BreadcrumbList\",\"@id\":\"https:\\\/\\\/www.ndiaffatactu.com\\\/index.php\\\/2021\\\/02\\\/06\\\/suivez-en-direct-la-ceremonie-de-presentation-et-de-dedicace-du-libre-de-ibn-bachir-ndao-sur-ndiaffatactu\\\/#breadcrumb\",\"itemListElement\":[{\"@type\":\"ListItem\",\"position\":1,\"name\":\"Home\",\"item\":\"https:\\\/\\\/www.ndiaffatactu.com\\\/\"},{\"@type\":\"ListItem\",\"position\":2,\"name\":\"Suivez en direct la c\u00e9r\u00e9monie de pr\u00e9sentation et de d\u00e9dicace du libre de Ibn Bachir Ndao sur ndiaffatactu\"}]},{\"@type\":\"WebSite\",\"@id\":\"https:\\\/\\\/www.ndiaffatactu.com\\\/#website\",\"url\":\"https:\\\/\\\/www.ndiaffatactu.com\\\/\",\"name\":\"Ndiaffat Actu\",\"description\":\"L&#039;iinformation en temps r\u00e9el\",\"publisher\":{\"@id\":\"https:\\\/\\\/www.ndiaffatactu.com\\\/#organization\"},\"potentialAction\":[{\"@type\":\"SearchAction\",\"target\":{\"@type\":\"EntryPoint\",\"urlTemplate\":\"https:\\\/\\\/www.ndiaffatactu.com\\\/?s={search_term_string}\"},\"query-input\":{\"@type\":\"PropertyValueSpecification\",\"valueRequired\":true,\"valueName\":\"search_term_string\"}}],\"inLanguage\":\"fr-FR\"},{\"@type\":\"Organization\",\"@id\":\"https:\\\/\\\/www.ndiaffatactu.com\\\/#organization\",\"name\":\"Ndiaffat Actu\",\"url\":\"https:\\\/\\\/www.ndiaffatactu.com\\\/\",\"logo\":{\"@type\":\"ImageObject\",\"inLanguage\":\"fr-FR\",\"@id\":\"https:\\\/\\\/www.ndiaffatactu.com\\\/#\\\/schema\\\/logo\\\/image\\\/\",\"url\":\"https:\\\/\\\/www.ndiaffatactu.com\\\/wp-content\\\/uploads\\\/2024\\\/11\\\/cropped-BAIDY.png\",\"contentUrl\":\"https:\\\/\\\/www.ndiaffatactu.com\\\/wp-content\\\/uploads\\\/2024\\\/11\\\/cropped-BAIDY.png\",\"width\":1009,\"height\":730,\"caption\":\"Ndiaffat Actu\"},\"image\":{\"@id\":\"https:\\\/\\\/www.ndiaffatactu.com\\\/#\\\/schema\\\/logo\\\/image\\\/\"}},{\"@type\":\"Person\",\"@id\":\"https:\\\/\\\/www.ndiaffatactu.com\\\/#\\\/schema\\\/person\\\/58070508ca42c5ea832aca50ebd5390a\",\"name\":\"Baidy\",\"image\":{\"@type\":\"ImageObject\",\"inLanguage\":\"fr-FR\",\"@id\":\"https:\\\/\\\/secure.gravatar.com\\\/avatar\\\/b9f71a5a3671d82da3185d341775314a0414f0fff1c9048903ccb72d937c5717?s=96&d=mm&r=g\",\"url\":\"https:\\\/\\\/secure.gravatar.com\\\/avatar\\\/b9f71a5a3671d82da3185d341775314a0414f0fff1c9048903ccb72d937c5717?s=96&d=mm&r=g\",\"contentUrl\":\"https:\\\/\\\/secure.gravatar.com\\\/avatar\\\/b9f71a5a3671d82da3185d341775314a0414f0fff1c9048903ccb72d937c5717?s=96&d=mm&r=g\",\"caption\":\"Baidy\"},\"sameAs\":[\"https:\\\/\\\/www.ndiaffatactu.com\\\/\"],\"url\":\"https:\\\/\\\/www.ndiaffatactu.com\\\/index.php\\\/author\\\/ndiaffatactu\\\/\"}]}<\/script>\n<!-- \/ Yoast SEO plugin. -->","yoast_head_json":{"title":"Suivez en direct la c\u00e9r\u00e9monie de pr\u00e9sentation et de d\u00e9dicace du libre de Ibn Bachir Ndao sur ndiaffatactu - Ndiaffat Actu","robots":{"index":"index","follow":"follow","max-snippet":"max-snippet:-1","max-image-preview":"max-image-preview:large","max-video-preview":"max-video-preview:-1"},"canonical":"https:\/\/www.ndiaffatactu.com\/index.php\/2021\/02\/06\/suivez-en-direct-la-ceremonie-de-presentation-et-de-dedicace-du-libre-de-ibn-bachir-ndao-sur-ndiaffatactu\/","og_locale":"fr_FR","og_type":"article","og_title":"Suivez en direct la c\u00e9r\u00e9monie de pr\u00e9sentation et de d\u00e9dicace du libre de Ibn Bachir Ndao sur ndiaffatactu - Ndiaffat Actu","og_description":"La commune de Ndiaffate \u00e0 l&rsquo;honneur, un de ses illustres fils Saliou Ibn Bachir Ndao baptise son premier roman &lt;&lt;oc\u00e9an","og_url":"https:\/\/www.ndiaffatactu.com\/index.php\/2021\/02\/06\/suivez-en-direct-la-ceremonie-de-presentation-et-de-dedicace-du-libre-de-ibn-bachir-ndao-sur-ndiaffatactu\/","og_site_name":"Ndiaffat Actu","article_published_time":"2021-02-06T18:35:24+00:00","og_image":[{"width":499,"height":999,"url":"https:\/\/www.ndiaffatactu.com\/wp-content\/uploads\/2021\/02\/bachir-1.jpg","type":"image\/jpeg"}],"author":"Baidy","twitter_card":"summary_large_image","twitter_misc":{"\u00c9crit par":"Baidy","Dur\u00e9e de lecture estim\u00e9e":"1 minute"},"schema":{"@context":"https:\/\/schema.org","@graph":[{"@type":"Article","@id":"https:\/\/www.ndiaffatactu.com\/index.php\/2021\/02\/06\/suivez-en-direct-la-ceremonie-de-presentation-et-de-dedicace-du-libre-de-ibn-bachir-ndao-sur-ndiaffatactu\/#article","isPartOf":{"@id":"https:\/\/www.ndiaffatactu.com\/index.php\/2021\/02\/06\/suivez-en-direct-la-ceremonie-de-presentation-et-de-dedicace-du-libre-de-ibn-bachir-ndao-sur-ndiaffatactu\/"},"author":{"name":"Baidy","@id":"https:\/\/www.ndiaffatactu.com\/#\/schema\/person\/58070508ca42c5ea832aca50ebd5390a"},"headline":"Suivez en direct la c\u00e9r\u00e9monie de pr\u00e9sentation et de d\u00e9dicace du libre de Ibn Bachir Ndao sur ndiaffatactu","datePublished":"2021-02-06T18:35:24+00:00","mainEntityOfPage":{"@id":"https:\/\/www.ndiaffatactu.com\/index.php\/2021\/02\/06\/suivez-en-direct-la-ceremonie-de-presentation-et-de-dedicace-du-libre-de-ibn-bachir-ndao-sur-ndiaffatactu\/"},"wordCount":53,"commentCount":0,"publisher":{"@id":"https:\/\/www.ndiaffatactu.com\/#organization"},"image":{"@id":"https:\/\/www.ndiaffatactu.com\/index.php\/2021\/02\/06\/suivez-en-direct-la-ceremonie-de-presentation-et-de-dedicace-du-libre-de-ibn-bachir-ndao-sur-ndiaffatactu\/#primaryimage"},"thumbnailUrl":"https:\/\/www.ndiaffatactu.com\/wp-content\/uploads\/2021\/02\/bachir-1.jpg","articleSection":["ACTUALIT\u00c9S","\u00e9ducation","News","Soci\u00e9t\u00e9"],"inLanguage":"fr-FR","potentialAction":[{"@type":"CommentAction","name":"Comment","target":["https:\/\/www.ndiaffatactu.com\/index.php\/2021\/02\/06\/suivez-en-direct-la-ceremonie-de-presentation-et-de-dedicace-du-libre-de-ibn-bachir-ndao-sur-ndiaffatactu\/#respond"]}]},{"@type":"WebPage","@id":"https:\/\/www.ndiaffatactu.com\/index.php\/2021\/02\/06\/suivez-en-direct-la-ceremonie-de-presentation-et-de-dedicace-du-libre-de-ibn-bachir-ndao-sur-ndiaffatactu\/","url":"https:\/\/www.ndiaffatactu.com\/index.php\/2021\/02\/06\/suivez-en-direct-la-ceremonie-de-presentation-et-de-dedicace-du-libre-de-ibn-bachir-ndao-sur-ndiaffatactu\/","name":"Suivez en direct la c\u00e9r\u00e9monie de pr\u00e9sentation et de d\u00e9dicace du libre de Ibn Bachir Ndao sur ndiaffatactu - Ndiaffat Actu","isPartOf":{"@id":"https:\/\/www.ndiaffatactu.com\/#website"},"primaryImageOfPage":{"@id":"https:\/\/www.ndiaffatactu.com\/index.php\/2021\/02\/06\/suivez-en-direct-la-ceremonie-de-presentation-et-de-dedicace-du-libre-de-ibn-bachir-ndao-sur-ndiaffatactu\/#primaryimage"},"image":{"@id":"https:\/\/www.ndiaffatactu.com\/index.php\/2021\/02\/06\/suivez-en-direct-la-ceremonie-de-presentation-et-de-dedicace-du-libre-de-ibn-bachir-ndao-sur-ndiaffatactu\/#primaryimage"},"thumbnailUrl":"https:\/\/www.ndiaffatactu.com\/wp-content\/uploads\/2021\/02\/bachir-1.jpg","datePublished":"2021-02-06T18:35:24+00:00","breadcrumb":{"@id":"https:\/\/www.ndiaffatactu.com\/index.php\/2021\/02\/06\/suivez-en-direct-la-ceremonie-de-presentation-et-de-dedicace-du-libre-de-ibn-bachir-ndao-sur-ndiaffatactu\/#breadcrumb"},"inLanguage":"fr-FR","potentialAction":[{"@type":"ReadAction","target":["https:\/\/www.ndiaffatactu.com\/index.php\/2021\/02\/06\/suivez-en-direct-la-ceremonie-de-presentation-et-de-dedicace-du-libre-de-ibn-bachir-ndao-sur-ndiaffatactu\/"]}]},{"@type":"ImageObject","inLanguage":"fr-FR","@id":"https:\/\/www.ndiaffatactu.com\/index.php\/2021\/02\/06\/suivez-en-direct-la-ceremonie-de-presentation-et-de-dedicace-du-libre-de-ibn-bachir-ndao-sur-ndiaffatactu\/#primaryimage","url":"https:\/\/www.ndiaffatactu.com\/wp-content\/uploads\/2021\/02\/bachir-1.jpg","contentUrl":"https:\/\/www.ndiaffatactu.com\/wp-content\/uploads\/2021\/02\/bachir-1.jpg","width":499,"height":999},{"@type":"BreadcrumbList","@id":"https:\/\/www.ndiaffatactu.com\/index.php\/2021\/02\/06\/suivez-en-direct-la-ceremonie-de-presentation-et-de-dedicace-du-libre-de-ibn-bachir-ndao-sur-ndiaffatactu\/#breadcrumb","itemListElement":[{"@type":"ListItem","position":1,"name":"Home","item":"https:\/\/www.ndiaffatactu.com\/"},{"@type":"ListItem","position":2,"name":"Suivez en direct la c\u00e9r\u00e9monie de pr\u00e9sentation et de d\u00e9dicace du libre de Ibn Bachir Ndao sur ndiaffatactu"}]},{"@type":"WebSite","@id":"https:\/\/www.ndiaffatactu.com\/#website","url":"https:\/\/www.ndiaffatactu.com\/","name":"Ndiaffat Actu","description":"L&#039;iinformation en temps r\u00e9el","publisher":{"@id":"https:\/\/www.ndiaffatactu.com\/#organization"},"potentialAction":[{"@type":"SearchAction","target":{"@type":"EntryPoint","urlTemplate":"https:\/\/www.ndiaffatactu.com\/?s={search_term_string}"},"query-input":{"@type":"PropertyValueSpecification","valueRequired":true,"valueName":"search_term_string"}}],"inLanguage":"fr-FR"},{"@type":"Organization","@id":"https:\/\/www.ndiaffatactu.com\/#organization","name":"Ndiaffat Actu","url":"https:\/\/www.ndiaffatactu.com\/","logo":{"@type":"ImageObject","inLanguage":"fr-FR","@id":"https:\/\/www.ndiaffatactu.com\/#\/schema\/logo\/image\/","url":"https:\/\/www.ndiaffatactu.com\/wp-content\/uploads\/2024\/11\/cropped-BAIDY.png","contentUrl":"https:\/\/www.ndiaffatactu.com\/wp-content\/uploads\/2024\/11\/cropped-BAIDY.png","width":1009,"height":730,"caption":"Ndiaffat Actu"},"image":{"@id":"https:\/\/www.ndiaffatactu.com\/#\/schema\/logo\/image\/"}},{"@type":"Person","@id":"https:\/\/www.ndiaffatactu.com\/#\/schema\/person\/58070508ca42c5ea832aca50ebd5390a","name":"Baidy","image":{"@type":"ImageObject","inLanguage":"fr-FR","@id":"https:\/\/secure.gravatar.com\/avatar\/b9f71a5a3671d82da3185d341775314a0414f0fff1c9048903ccb72d937c5717?s=96&d=mm&r=g","url":"https:\/\/secure.gravatar.com\/avatar\/b9f71a5a3671d82da3185d341775314a0414f0fff1c9048903ccb72d937c5717?s=96&d=mm&r=g","contentUrl":"https:\/\/secure.gravatar.com\/avatar\/b9f71a5a3671d82da3185d341775314a0414f0fff1c9048903ccb72d937c5717?s=96&d=mm&r=g","caption":"Baidy"},"sameAs":["https:\/\/www.ndiaffatactu.com\/"],"url":"https:\/\/www.ndiaffatactu.com\/index.php\/author\/ndiaffatactu\/"}]}},"_links":{"self":[{"href":"https:\/\/www.ndiaffatactu.com\/index.php\/wp-json\/wp\/v2\/posts\/449","targetHints":{"allow":["GET"]}}],"collection":[{"href":"https:\/\/www.ndiaffatactu.com\/index.php\/wp-json\/wp\/v2\/posts"}],"about":[{"href":"https:\/\/www.ndiaffatactu.com\/index.php\/wp-json\/wp\/v2\/types\/post"}],"author":[{"embeddable":true,"href":"https:\/\/www.ndiaffatactu.com\/index.php\/wp-json\/wp\/v2\/users\/2"}],"replies":[{"embeddable":true,"href":"https:\/\/www.ndiaffatactu.com\/index.php\/wp-json\/wp\/v2\/comments?post=449"}],"version-history":[{"count":2,"href":"https:\/\/www.ndiaffatactu.com\/index.php\/wp-json\/wp\/v2\/posts\/449\/revisions"}],"predecessor-version":[{"id":453,"href":"https:\/\/www.ndiaffatactu.com\/index.php\/wp-json\/wp\/v2\/posts\/449\/revisions\/453"}],"wp:featuredmedia":[{"embeddable":true,"href":"https:\/\/www.ndiaffatactu.com\/index.php\/wp-json\/wp\/v2\/media\/451"}],"wp:attachment":[{"href":"https:\/\/www.ndiaffatactu.com\/index.php\/wp-json\/wp\/v2\/media?parent=449"}],"wp:term":[{"taxonomy":"category","embeddable":true,"href":"https:\/\/www.ndiaffatactu.com\/index.php\/wp-json\/wp\/v2\/categories?post=449"},{"taxonomy":"post_tag","embeddable":true,"href":"https:\/\/www.ndiaffatactu.com\/index.php\/wp-json\/wp\/v2\/tags?post=449"}],"curies":[{"name":"wp","href":"https:\/\/api.w.org\/{rel}","templated":true}]}}