{"id":4134,"date":"2021-12-20T15:39:01","date_gmt":"2021-12-20T15:39:01","guid":{"rendered":"https:\/\/www.ndiaffatactu.com\/?p=4134"},"modified":"2021-12-20T15:39:01","modified_gmt":"2021-12-20T15:39:01","slug":"report-ou-non-de-la-can-2022-patrice-motsepe-fait-durer-le-suspens","status":"publish","type":"post","link":"https:\/\/www.ndiaffatactu.com\/index.php\/2021\/12\/20\/report-ou-non-de-la-can-2022-patrice-motsepe-fait-durer-le-suspens\/","title":{"rendered":"Report ou non de la CAN 2022: Patrice Motsepe fait durer le suspens"},"content":{"rendered":"<h2>Atterri ce lundi au Cameroun o\u00f9 il devrait annoncer le verdict sur le maintien, le report ou l\u2019annulation de la CAN 2022, le pr\u00e9sident de la CAF, Patrice Motsepe, a pr\u00e9f\u00e9r\u00e9 se lancer dans des d\u00e9clarations ambigu\u00eb, faisant plus planer le doute sur l\u2019avenir de la comp\u00e9tition africaine.<\/h2>\n<h3>Le pr\u00e9sident de la CAF, Patrice Motsepe, est en visite depuis ce lundi au Cameroun. Le dirigeant sud-africain, qui assist\u00e9 la veille \u00e0 une r\u00e9union avec la FIFA et les f\u00e9d\u00e9rations africaine pour d\u00e9cider du sort de la CAN 2022, a atterri ce matin \u00e0 l\u2019a\u00e9roport international de Yaound\u00e9-Nsimalen un peu apr\u00e8s 8h ce matin.\u00e0 l\u2019a\u00e9roport. Il \u00e9tait accompagn\u00e9 de son vice-pr\u00e9sident Augustin Senghor et du nouveau pr\u00e9sident de la FECAFOOT, Samuel Eto\u2019o.<\/h3>\n<h3>Assailli par la presse \u00e0 sa descente d\u2019avion, le dirigeant sud-africain a pr\u00e9f\u00e9r\u00e9 d\u00e9cliner la question qui br\u00fble les l\u00e8vres de tous les amateurs du cuir rond rond sur le continent. En effet, interrog\u00e9 sur la d\u00e9cision prise par l\u2019instance panafricaine, l\u2019homme d\u2019affaires de 59 ans\u00a0s\u2019est fendu d\u2019une d\u00e9claration ambig\u00fce, laissant planer le doute sur l\u2019avenir de la comp\u00e9tition.<\/h3>\n<div class=\"jfxlygih jfxlygih-post-inline jfxlygih-float-center jfxlygih-align-center jfxlygih-column-1 jfxlygih-clearfix no-bg-box-model\">\n<div>\n<h3>\u00abC\u2019est notre chez nous (le Cameroun), c\u2019est la maison de l\u2019Afrique. Nous allons discuter aujourd\u2019hui et demain et vous faire un retour apr\u00e8s. Nous sommes tr\u00e8s clairs en ce qui concerne nos engagements: faire de la Coupe d\u2019Afrique des Nations un succ\u00e8s au Cameroun\u00bb, a-t-il indiqu\u00e9 avant d\u2019ajouter:\u00a0\u00abJe suis tr\u00e8s confiant. Nous travaillerons ensemble avec les Camerounais, les amoureux du football qui rendent leur pays fier et l\u2019Afrique en g\u00e9n\u00e9ral\u00bb.<\/h3>\n<h3>Selon la presse camerounaise, Patrice Motsepe devrait avoir une r\u00e9union avec les nouveaux dirigeants de la F\u00e9d\u00e9ration camerounaise de football, avant d\u2019aller visiter le stade d\u2019Olemb\u00e9, qui doit abriter la c\u00e9r\u00e9monie d\u2019ouverture du tournoi mais toujours en chantier \u00e0 quelques semaines du d\u00e9but de la comp\u00e9tition.<\/h3>\n<figure class=\"wp-block-embed is-type-rich is-provider-twitter wp-block-embed-twitter\">\n<div class=\"wp-block-embed__wrapper\"><\/div>\n<\/figure>\n<\/div>\n<\/div>\n","protected":false},"excerpt":{"rendered":"<p>Atterri ce lundi au Cameroun o\u00f9 il devrait annoncer le verdict sur le maintien, le report ou l\u2019annulation de la<\/p>\n","protected":false},"author":2,"featured_media":4135,"comment_status":"open","ping_status":"closed","sticky":false,"template":"","format":"standard","meta":{"colormag_page_container_layout":"default_layout","colormag_page_sidebar_layout":"default_layout","wprm-recipe-roundup-name":"","wprm-recipe-roundup-description":"","footnotes":""},"categories":[6,40,12,15],"tags":[],"class_list":["post-4134","post","type-post","status-publish","format-standard","has-post-thumbnail","hentry","category-actualites","category-football","category-recents","category-sport"],"yoast_head":"<!-- This site is optimized with the Yoast SEO plugin v27.5 - https:\/\/yoast.com\/product\/yoast-seo-wordpress\/ -->\n<title>Report ou non de la CAN 2022: Patrice Motsepe fait durer le suspens - Ndiaffat Actu<\/title>\n<meta name=\"robots\" content=\"index, follow, max-snippet:-1, max-image-preview:large, max-video-preview:-1\" \/>\n<link rel=\"canonical\" href=\"https:\/\/www.ndiaffatactu.com\/index.php\/2021\/12\/20\/report-ou-non-de-la-can-2022-patrice-motsepe-fait-durer-le-suspens\/\" \/>\n<meta property=\"og:locale\" content=\"fr_FR\" \/>\n<meta property=\"og:type\" content=\"article\" \/>\n<meta property=\"og:title\" content=\"Report ou non de la CAN 2022: Patrice Motsepe fait durer le suspens - Ndiaffat Actu\" \/>\n<meta property=\"og:description\" content=\"Atterri ce lundi au Cameroun o\u00f9 il devrait annoncer le verdict sur le maintien, le report ou l\u2019annulation de la\" \/>\n<meta property=\"og:url\" content=\"https:\/\/www.ndiaffatactu.com\/index.php\/2021\/12\/20\/report-ou-non-de-la-can-2022-patrice-motsepe-fait-durer-le-suspens\/\" \/>\n<meta property=\"og:site_name\" content=\"Ndiaffat Actu\" \/>\n<meta property=\"article:published_time\" content=\"2021-12-20T15:39:01+00:00\" \/>\n<meta property=\"og:image\" content=\"https:\/\/www.ndiaffatactu.com\/wp-content\/uploads\/2021\/12\/CAF.jpeg\" \/>\n\t<meta property=\"og:image:width\" content=\"696\" \/>\n\t<meta property=\"og:image:height\" content=\"397\" \/>\n\t<meta property=\"og:image:type\" content=\"image\/jpeg\" \/>\n<meta name=\"author\" content=\"Baidy\" \/>\n<meta name=\"twitter:card\" content=\"summary_large_image\" \/>\n<meta name=\"twitter:label1\" content=\"\u00c9crit par\" \/>\n\t<meta name=\"twitter:data1\" content=\"Baidy\" \/>\n\t<meta name=\"twitter:label2\" content=\"Dur\u00e9e de lecture estim\u00e9e\" \/>\n\t<meta name=\"twitter:data2\" content=\"2 minutes\" \/>\n<script type=\"application\/ld+json\" class=\"yoast-schema-graph\">{\"@context\":\"https:\\\/\\\/schema.org\",\"@graph\":[{\"@type\":\"Article\",\"@id\":\"https:\\\/\\\/www.ndiaffatactu.com\\\/index.php\\\/2021\\\/12\\\/20\\\/report-ou-non-de-la-can-2022-patrice-motsepe-fait-durer-le-suspens\\\/#article\",\"isPartOf\":{\"@id\":\"https:\\\/\\\/www.ndiaffatactu.com\\\/index.php\\\/2021\\\/12\\\/20\\\/report-ou-non-de-la-can-2022-patrice-motsepe-fait-durer-le-suspens\\\/\"},\"author\":{\"name\":\"Baidy\",\"@id\":\"https:\\\/\\\/www.ndiaffatactu.com\\\/#\\\/schema\\\/person\\\/58070508ca42c5ea832aca50ebd5390a\"},\"headline\":\"Report ou non de la CAN 2022: Patrice Motsepe fait durer le suspens\",\"datePublished\":\"2021-12-20T15:39:01+00:00\",\"mainEntityOfPage\":{\"@id\":\"https:\\\/\\\/www.ndiaffatactu.com\\\/index.php\\\/2021\\\/12\\\/20\\\/report-ou-non-de-la-can-2022-patrice-motsepe-fait-durer-le-suspens\\\/\"},\"wordCount\":363,\"commentCount\":0,\"publisher\":{\"@id\":\"https:\\\/\\\/www.ndiaffatactu.com\\\/#organization\"},\"image\":{\"@id\":\"https:\\\/\\\/www.ndiaffatactu.com\\\/index.php\\\/2021\\\/12\\\/20\\\/report-ou-non-de-la-can-2022-patrice-motsepe-fait-durer-le-suspens\\\/#primaryimage\"},\"thumbnailUrl\":\"https:\\\/\\\/www.ndiaffatactu.com\\\/wp-content\\\/uploads\\\/2021\\\/12\\\/CAF.jpeg\",\"articleSection\":[\"ACTUALIT\u00c9S\",\"Football\",\"R\u00e9cents\",\"Sport\"],\"inLanguage\":\"fr-FR\",\"potentialAction\":[{\"@type\":\"CommentAction\",\"name\":\"Comment\",\"target\":[\"https:\\\/\\\/www.ndiaffatactu.com\\\/index.php\\\/2021\\\/12\\\/20\\\/report-ou-non-de-la-can-2022-patrice-motsepe-fait-durer-le-suspens\\\/#respond\"]}]},{\"@type\":\"WebPage\",\"@id\":\"https:\\\/\\\/www.ndiaffatactu.com\\\/index.php\\\/2021\\\/12\\\/20\\\/report-ou-non-de-la-can-2022-patrice-motsepe-fait-durer-le-suspens\\\/\",\"url\":\"https:\\\/\\\/www.ndiaffatactu.com\\\/index.php\\\/2021\\\/12\\\/20\\\/report-ou-non-de-la-can-2022-patrice-motsepe-fait-durer-le-suspens\\\/\",\"name\":\"Report ou non de la CAN 2022: Patrice Motsepe fait durer le suspens - Ndiaffat Actu\",\"isPartOf\":{\"@id\":\"https:\\\/\\\/www.ndiaffatactu.com\\\/#website\"},\"primaryImageOfPage\":{\"@id\":\"https:\\\/\\\/www.ndiaffatactu.com\\\/index.php\\\/2021\\\/12\\\/20\\\/report-ou-non-de-la-can-2022-patrice-motsepe-fait-durer-le-suspens\\\/#primaryimage\"},\"image\":{\"@id\":\"https:\\\/\\\/www.ndiaffatactu.com\\\/index.php\\\/2021\\\/12\\\/20\\\/report-ou-non-de-la-can-2022-patrice-motsepe-fait-durer-le-suspens\\\/#primaryimage\"},\"thumbnailUrl\":\"https:\\\/\\\/www.ndiaffatactu.com\\\/wp-content\\\/uploads\\\/2021\\\/12\\\/CAF.jpeg\",\"datePublished\":\"2021-12-20T15:39:01+00:00\",\"breadcrumb\":{\"@id\":\"https:\\\/\\\/www.ndiaffatactu.com\\\/index.php\\\/2021\\\/12\\\/20\\\/report-ou-non-de-la-can-2022-patrice-motsepe-fait-durer-le-suspens\\\/#breadcrumb\"},\"inLanguage\":\"fr-FR\",\"potentialAction\":[{\"@type\":\"ReadAction\",\"target\":[\"https:\\\/\\\/www.ndiaffatactu.com\\\/index.php\\\/2021\\\/12\\\/20\\\/report-ou-non-de-la-can-2022-patrice-motsepe-fait-durer-le-suspens\\\/\"]}]},{\"@type\":\"ImageObject\",\"inLanguage\":\"fr-FR\",\"@id\":\"https:\\\/\\\/www.ndiaffatactu.com\\\/index.php\\\/2021\\\/12\\\/20\\\/report-ou-non-de-la-can-2022-patrice-motsepe-fait-durer-le-suspens\\\/#primaryimage\",\"url\":\"https:\\\/\\\/www.ndiaffatactu.com\\\/wp-content\\\/uploads\\\/2021\\\/12\\\/CAF.jpeg\",\"contentUrl\":\"https:\\\/\\\/www.ndiaffatactu.com\\\/wp-content\\\/uploads\\\/2021\\\/12\\\/CAF.jpeg\",\"width\":696,\"height\":397},{\"@type\":\"BreadcrumbList\",\"@id\":\"https:\\\/\\\/www.ndiaffatactu.com\\\/index.php\\\/2021\\\/12\\\/20\\\/report-ou-non-de-la-can-2022-patrice-motsepe-fait-durer-le-suspens\\\/#breadcrumb\",\"itemListElement\":[{\"@type\":\"ListItem\",\"position\":1,\"name\":\"Home\",\"item\":\"https:\\\/\\\/www.ndiaffatactu.com\\\/\"},{\"@type\":\"ListItem\",\"position\":2,\"name\":\"Report ou non de la CAN 2022: Patrice Motsepe fait durer le suspens\"}]},{\"@type\":\"WebSite\",\"@id\":\"https:\\\/\\\/www.ndiaffatactu.com\\\/#website\",\"url\":\"https:\\\/\\\/www.ndiaffatactu.com\\\/\",\"name\":\"Ndiaffat Actu\",\"description\":\"L&#039;iinformation en temps r\u00e9el\",\"publisher\":{\"@id\":\"https:\\\/\\\/www.ndiaffatactu.com\\\/#organization\"},\"potentialAction\":[{\"@type\":\"SearchAction\",\"target\":{\"@type\":\"EntryPoint\",\"urlTemplate\":\"https:\\\/\\\/www.ndiaffatactu.com\\\/?s={search_term_string}\"},\"query-input\":{\"@type\":\"PropertyValueSpecification\",\"valueRequired\":true,\"valueName\":\"search_term_string\"}}],\"inLanguage\":\"fr-FR\"},{\"@type\":\"Organization\",\"@id\":\"https:\\\/\\\/www.ndiaffatactu.com\\\/#organization\",\"name\":\"Ndiaffat Actu\",\"url\":\"https:\\\/\\\/www.ndiaffatactu.com\\\/\",\"logo\":{\"@type\":\"ImageObject\",\"inLanguage\":\"fr-FR\",\"@id\":\"https:\\\/\\\/www.ndiaffatactu.com\\\/#\\\/schema\\\/logo\\\/image\\\/\",\"url\":\"https:\\\/\\\/www.ndiaffatactu.com\\\/wp-content\\\/uploads\\\/2024\\\/11\\\/cropped-BAIDY.png\",\"contentUrl\":\"https:\\\/\\\/www.ndiaffatactu.com\\\/wp-content\\\/uploads\\\/2024\\\/11\\\/cropped-BAIDY.png\",\"width\":1009,\"height\":730,\"caption\":\"Ndiaffat Actu\"},\"image\":{\"@id\":\"https:\\\/\\\/www.ndiaffatactu.com\\\/#\\\/schema\\\/logo\\\/image\\\/\"}},{\"@type\":\"Person\",\"@id\":\"https:\\\/\\\/www.ndiaffatactu.com\\\/#\\\/schema\\\/person\\\/58070508ca42c5ea832aca50ebd5390a\",\"name\":\"Baidy\",\"image\":{\"@type\":\"ImageObject\",\"inLanguage\":\"fr-FR\",\"@id\":\"https:\\\/\\\/secure.gravatar.com\\\/avatar\\\/b9f71a5a3671d82da3185d341775314a0414f0fff1c9048903ccb72d937c5717?s=96&d=mm&r=g\",\"url\":\"https:\\\/\\\/secure.gravatar.com\\\/avatar\\\/b9f71a5a3671d82da3185d341775314a0414f0fff1c9048903ccb72d937c5717?s=96&d=mm&r=g\",\"contentUrl\":\"https:\\\/\\\/secure.gravatar.com\\\/avatar\\\/b9f71a5a3671d82da3185d341775314a0414f0fff1c9048903ccb72d937c5717?s=96&d=mm&r=g\",\"caption\":\"Baidy\"},\"sameAs\":[\"https:\\\/\\\/www.ndiaffatactu.com\\\/\"],\"url\":\"https:\\\/\\\/www.ndiaffatactu.com\\\/index.php\\\/author\\\/ndiaffatactu\\\/\"}]}<\/script>\n<!-- \/ Yoast SEO plugin. -->","yoast_head_json":{"title":"Report ou non de la CAN 2022: Patrice Motsepe fait durer le suspens - Ndiaffat Actu","robots":{"index":"index","follow":"follow","max-snippet":"max-snippet:-1","max-image-preview":"max-image-preview:large","max-video-preview":"max-video-preview:-1"},"canonical":"https:\/\/www.ndiaffatactu.com\/index.php\/2021\/12\/20\/report-ou-non-de-la-can-2022-patrice-motsepe-fait-durer-le-suspens\/","og_locale":"fr_FR","og_type":"article","og_title":"Report ou non de la CAN 2022: Patrice Motsepe fait durer le suspens - Ndiaffat Actu","og_description":"Atterri ce lundi au Cameroun o\u00f9 il devrait annoncer le verdict sur le maintien, le report ou l\u2019annulation de la","og_url":"https:\/\/www.ndiaffatactu.com\/index.php\/2021\/12\/20\/report-ou-non-de-la-can-2022-patrice-motsepe-fait-durer-le-suspens\/","og_site_name":"Ndiaffat Actu","article_published_time":"2021-12-20T15:39:01+00:00","og_image":[{"width":696,"height":397,"url":"https:\/\/www.ndiaffatactu.com\/wp-content\/uploads\/2021\/12\/CAF.jpeg","type":"image\/jpeg"}],"author":"Baidy","twitter_card":"summary_large_image","twitter_misc":{"\u00c9crit par":"Baidy","Dur\u00e9e de lecture estim\u00e9e":"2 minutes"},"schema":{"@context":"https:\/\/schema.org","@graph":[{"@type":"Article","@id":"https:\/\/www.ndiaffatactu.com\/index.php\/2021\/12\/20\/report-ou-non-de-la-can-2022-patrice-motsepe-fait-durer-le-suspens\/#article","isPartOf":{"@id":"https:\/\/www.ndiaffatactu.com\/index.php\/2021\/12\/20\/report-ou-non-de-la-can-2022-patrice-motsepe-fait-durer-le-suspens\/"},"author":{"name":"Baidy","@id":"https:\/\/www.ndiaffatactu.com\/#\/schema\/person\/58070508ca42c5ea832aca50ebd5390a"},"headline":"Report ou non de la CAN 2022: Patrice Motsepe fait durer le suspens","datePublished":"2021-12-20T15:39:01+00:00","mainEntityOfPage":{"@id":"https:\/\/www.ndiaffatactu.com\/index.php\/2021\/12\/20\/report-ou-non-de-la-can-2022-patrice-motsepe-fait-durer-le-suspens\/"},"wordCount":363,"commentCount":0,"publisher":{"@id":"https:\/\/www.ndiaffatactu.com\/#organization"},"image":{"@id":"https:\/\/www.ndiaffatactu.com\/index.php\/2021\/12\/20\/report-ou-non-de-la-can-2022-patrice-motsepe-fait-durer-le-suspens\/#primaryimage"},"thumbnailUrl":"https:\/\/www.ndiaffatactu.com\/wp-content\/uploads\/2021\/12\/CAF.jpeg","articleSection":["ACTUALIT\u00c9S","Football","R\u00e9cents","Sport"],"inLanguage":"fr-FR","potentialAction":[{"@type":"CommentAction","name":"Comment","target":["https:\/\/www.ndiaffatactu.com\/index.php\/2021\/12\/20\/report-ou-non-de-la-can-2022-patrice-motsepe-fait-durer-le-suspens\/#respond"]}]},{"@type":"WebPage","@id":"https:\/\/www.ndiaffatactu.com\/index.php\/2021\/12\/20\/report-ou-non-de-la-can-2022-patrice-motsepe-fait-durer-le-suspens\/","url":"https:\/\/www.ndiaffatactu.com\/index.php\/2021\/12\/20\/report-ou-non-de-la-can-2022-patrice-motsepe-fait-durer-le-suspens\/","name":"Report ou non de la CAN 2022: Patrice Motsepe fait durer le suspens - Ndiaffat Actu","isPartOf":{"@id":"https:\/\/www.ndiaffatactu.com\/#website"},"primaryImageOfPage":{"@id":"https:\/\/www.ndiaffatactu.com\/index.php\/2021\/12\/20\/report-ou-non-de-la-can-2022-patrice-motsepe-fait-durer-le-suspens\/#primaryimage"},"image":{"@id":"https:\/\/www.ndiaffatactu.com\/index.php\/2021\/12\/20\/report-ou-non-de-la-can-2022-patrice-motsepe-fait-durer-le-suspens\/#primaryimage"},"thumbnailUrl":"https:\/\/www.ndiaffatactu.com\/wp-content\/uploads\/2021\/12\/CAF.jpeg","datePublished":"2021-12-20T15:39:01+00:00","breadcrumb":{"@id":"https:\/\/www.ndiaffatactu.com\/index.php\/2021\/12\/20\/report-ou-non-de-la-can-2022-patrice-motsepe-fait-durer-le-suspens\/#breadcrumb"},"inLanguage":"fr-FR","potentialAction":[{"@type":"ReadAction","target":["https:\/\/www.ndiaffatactu.com\/index.php\/2021\/12\/20\/report-ou-non-de-la-can-2022-patrice-motsepe-fait-durer-le-suspens\/"]}]},{"@type":"ImageObject","inLanguage":"fr-FR","@id":"https:\/\/www.ndiaffatactu.com\/index.php\/2021\/12\/20\/report-ou-non-de-la-can-2022-patrice-motsepe-fait-durer-le-suspens\/#primaryimage","url":"https:\/\/www.ndiaffatactu.com\/wp-content\/uploads\/2021\/12\/CAF.jpeg","contentUrl":"https:\/\/www.ndiaffatactu.com\/wp-content\/uploads\/2021\/12\/CAF.jpeg","width":696,"height":397},{"@type":"BreadcrumbList","@id":"https:\/\/www.ndiaffatactu.com\/index.php\/2021\/12\/20\/report-ou-non-de-la-can-2022-patrice-motsepe-fait-durer-le-suspens\/#breadcrumb","itemListElement":[{"@type":"ListItem","position":1,"name":"Home","item":"https:\/\/www.ndiaffatactu.com\/"},{"@type":"ListItem","position":2,"name":"Report ou non de la CAN 2022: Patrice Motsepe fait durer le suspens"}]},{"@type":"WebSite","@id":"https:\/\/www.ndiaffatactu.com\/#website","url":"https:\/\/www.ndiaffatactu.com\/","name":"Ndiaffat Actu","description":"L&#039;iinformation en temps r\u00e9el","publisher":{"@id":"https:\/\/www.ndiaffatactu.com\/#organization"},"potentialAction":[{"@type":"SearchAction","target":{"@type":"EntryPoint","urlTemplate":"https:\/\/www.ndiaffatactu.com\/?s={search_term_string}"},"query-input":{"@type":"PropertyValueSpecification","valueRequired":true,"valueName":"search_term_string"}}],"inLanguage":"fr-FR"},{"@type":"Organization","@id":"https:\/\/www.ndiaffatactu.com\/#organization","name":"Ndiaffat Actu","url":"https:\/\/www.ndiaffatactu.com\/","logo":{"@type":"ImageObject","inLanguage":"fr-FR","@id":"https:\/\/www.ndiaffatactu.com\/#\/schema\/logo\/image\/","url":"https:\/\/www.ndiaffatactu.com\/wp-content\/uploads\/2024\/11\/cropped-BAIDY.png","contentUrl":"https:\/\/www.ndiaffatactu.com\/wp-content\/uploads\/2024\/11\/cropped-BAIDY.png","width":1009,"height":730,"caption":"Ndiaffat Actu"},"image":{"@id":"https:\/\/www.ndiaffatactu.com\/#\/schema\/logo\/image\/"}},{"@type":"Person","@id":"https:\/\/www.ndiaffatactu.com\/#\/schema\/person\/58070508ca42c5ea832aca50ebd5390a","name":"Baidy","image":{"@type":"ImageObject","inLanguage":"fr-FR","@id":"https:\/\/secure.gravatar.com\/avatar\/b9f71a5a3671d82da3185d341775314a0414f0fff1c9048903ccb72d937c5717?s=96&d=mm&r=g","url":"https:\/\/secure.gravatar.com\/avatar\/b9f71a5a3671d82da3185d341775314a0414f0fff1c9048903ccb72d937c5717?s=96&d=mm&r=g","contentUrl":"https:\/\/secure.gravatar.com\/avatar\/b9f71a5a3671d82da3185d341775314a0414f0fff1c9048903ccb72d937c5717?s=96&d=mm&r=g","caption":"Baidy"},"sameAs":["https:\/\/www.ndiaffatactu.com\/"],"url":"https:\/\/www.ndiaffatactu.com\/index.php\/author\/ndiaffatactu\/"}]}},"_links":{"self":[{"href":"https:\/\/www.ndiaffatactu.com\/index.php\/wp-json\/wp\/v2\/posts\/4134","targetHints":{"allow":["GET"]}}],"collection":[{"href":"https:\/\/www.ndiaffatactu.com\/index.php\/wp-json\/wp\/v2\/posts"}],"about":[{"href":"https:\/\/www.ndiaffatactu.com\/index.php\/wp-json\/wp\/v2\/types\/post"}],"author":[{"embeddable":true,"href":"https:\/\/www.ndiaffatactu.com\/index.php\/wp-json\/wp\/v2\/users\/2"}],"replies":[{"embeddable":true,"href":"https:\/\/www.ndiaffatactu.com\/index.php\/wp-json\/wp\/v2\/comments?post=4134"}],"version-history":[{"count":1,"href":"https:\/\/www.ndiaffatactu.com\/index.php\/wp-json\/wp\/v2\/posts\/4134\/revisions"}],"predecessor-version":[{"id":4136,"href":"https:\/\/www.ndiaffatactu.com\/index.php\/wp-json\/wp\/v2\/posts\/4134\/revisions\/4136"}],"wp:featuredmedia":[{"embeddable":true,"href":"https:\/\/www.ndiaffatactu.com\/index.php\/wp-json\/wp\/v2\/media\/4135"}],"wp:attachment":[{"href":"https:\/\/www.ndiaffatactu.com\/index.php\/wp-json\/wp\/v2\/media?parent=4134"}],"wp:term":[{"taxonomy":"category","embeddable":true,"href":"https:\/\/www.ndiaffatactu.com\/index.php\/wp-json\/wp\/v2\/categories?post=4134"},{"taxonomy":"post_tag","embeddable":true,"href":"https:\/\/www.ndiaffatactu.com\/index.php\/wp-json\/wp\/v2\/tags?post=4134"}],"curies":[{"name":"wp","href":"https:\/\/api.w.org\/{rel}","templated":true}]}}