{"id":3803,"date":"2021-11-23T18:09:27","date_gmt":"2021-11-23T18:09:27","guid":{"rendered":"https:\/\/www.ndiaffatactu.com\/?p=3803"},"modified":"2021-11-23T18:09:27","modified_gmt":"2021-11-23T18:09:27","slug":"emigration-clandestine-75-migrants-morts-noyes-au-large-des-cotes-libyennes","status":"publish","type":"post","link":"https:\/\/www.ndiaffatactu.com\/index.php\/2021\/11\/23\/emigration-clandestine-75-migrants-morts-noyes-au-large-des-cotes-libyennes\/","title":{"rendered":"Emigration Clandestine : 75 migrants morts noy\u00e9s au large des c\u00f4tes libyennes"},"content":{"rendered":"<div class=\"single_post_content_wrapper\">\n<div><span style=\"font-size: large;\">Les victimes de l\u2019\u00e9migration clandestine continuent sur les c\u00f4tes libyennes. D\u2019apr\u00e8s le rapport de l\u2019organisation Internationale pour les migrations (Oim), rendu public, ce lundi 22 novembre, au moins 75 migrants se sont noy\u00e9s dans la mer M\u00e9diterran\u00e9e au nord de la Libye alors qu\u2019ils tentaient de rejoindre l\u2019Italie par bateau. Le Bureau de l\u2019Oim en Libye renseigne que \u00ab plus de 75 migrants se sont noy\u00e9s mercredi (17 novembre) apr\u00e8s avoir quitt\u00e9 la Libye, selon 15 survivants secourus par des p\u00eacheurs et ramen\u00e9s \u00e0 (la ville c\u00f4ti\u00e8re libyenne de) Zwara. Cette derni\u00e8re trag\u00e9die porte \u00e0 plus de 1 300 le nombre de vies perdues en M\u00e9diterran\u00e9e centrale cette ann\u00e9e \u00bb, indique l\u2019agence.<\/span><\/div>\n<div><span style=\"font-size: large;\">\u00a0<\/span><\/div>\n<div><span style=\"font-size: large;\">Cela fait de la M\u00e9diterran\u00e9e centrale (de la Libye et Tunisie vers l\u2019Italie et Malte), l\u2019une des voies les plus p\u00e9rilleuses pour tous ces migrants et r\u00e9fugi\u00e9s tentant de rejoindre l\u2019Europe depuis l\u2019Afrique du Nord.<\/span><\/div>\n<div><span style=\"font-size: large;\">\u00a0<\/span><\/div>\n<div><span style=\"font-size: large;\">La Libye est devenue une plaque tournante essentielle pour les migrants clandestins qui tentent de rejoindre l\u2019Europe en qu\u00eate d\u2019une vie meilleure ou pour fuir les conflits dans leur pays d\u2019origine. Entre le 7 et le 13 novembre, l\u2019Oim note que 791 migrants ont \u00e9t\u00e9 secourus ou intercept\u00e9s en mer avant d\u2019\u00eatre renvoy\u00e9s en Libye. Au total, pr\u00e8s de 30.000 migrants et r\u00e9fugi\u00e9s ont \u00e9t\u00e9 intercept\u00e9s en M\u00e9diterran\u00e9e centrale avant d\u2019\u00eatre renvoy\u00e9s en Libye.<\/span><\/div>\n<div class=\"google-auto-placed ap_container\"><ins class=\"adsbygoogle adsbygoogle-noablate\" data-ad-format=\"auto\" data-ad-client=\"ca-pub-8828150749052494\" data-adsbygoogle-status=\"done\" data-ad-status=\"unfilled\"><ins id=\"aswift_3_expand\" tabindex=\"0\" title=\"Advertisement\" aria-label=\"Advertisement\"><ins id=\"aswift_3_anchor\"><iframe id=\"aswift_3\" src=\"https:\/\/googleads.g.doubleclick.net\/pagead\/ads?client=ca-pub-8828150749052494&amp;output=html&amp;h=280&amp;adk=3163015902&amp;adf=3309155403&amp;pi=t.aa~a.1991318427~i.7~rp.4&amp;w=830&amp;fwrn=4&amp;fwrnh=100&amp;lmt=1637690422&amp;num_ads=1&amp;rafmt=1&amp;armr=3&amp;sem=mc&amp;pwprc=3404016368&amp;psa=1&amp;ad_type=text_image&amp;format=830x280&amp;url=https%3A%2F%2Fwww.seneweb.com%2Fnews%2FAfrique%2Femigration-clandestine-75-migrants-morts_n_364663.html&amp;flash=0&amp;fwr=0&amp;pra=3&amp;rh=200&amp;rw=830&amp;rpe=1&amp;resp_fmts=3&amp;wgl=1&amp;fa=27&amp;uach=WyJtYWNPUyIsIjEwLjE1LjAiLCJ4ODYiLCIiLCI5NS4wLjQ2MzguNjkiLFtdLG51bGwsbnVsbCwiNjQiXQ..&amp;dt=1637690422606&amp;bpp=5&amp;bdt=9206&amp;idt=-M&amp;shv=r20211111&amp;mjsv=m202111110101&amp;ptt=9&amp;saldr=aa&amp;abxe=1&amp;cookie=ID%3D851e6132989269ae-228939078fcc0022%3AT%3D1635338605%3AS%3DALNI_Mb-rcdFu4bzviPKO-NX55m-odffig&amp;prev_fmts=830x280%2C0x0&amp;nras=2&amp;correlator=6232597306733&amp;frm=20&amp;pv=1&amp;ga_vid=1865740369.1633913881&amp;ga_sid=1637688593&amp;ga_hid=848610067&amp;ga_fc=1&amp;ga_cid=1900652651.1637155449&amp;u_tz=0&amp;u_his=3&amp;u_h=800&amp;u_w=1280&amp;u_ah=721&amp;u_aw=1280&amp;u_cd=24&amp;dmc=8&amp;adx=50&amp;ady=1719&amp;biw=1234&amp;bih=548&amp;scr_x=0&amp;scr_y=1028&amp;eid=44748553&amp;oid=2&amp;psts=AGkb-H__b1UhY9zfaHjIJ8uMe5p3iCk4SWweO6rqvHQmZS7X2m2qE5mikDdKQb6rJ_Kvya4RLaxgTc6CXoJE8EA&amp;pvsid=3815757834576137&amp;pem=680&amp;tmod=968299963&amp;ref=https%3A%2F%2Fwww.seneweb.com%2F&amp;eae=0&amp;fc=384&amp;brdim=44%2C23%2C44%2C23%2C1280%2C23%2C1234%2C716%2C1234%2C548&amp;vis=1&amp;rsz=%7C%7Cs%7C&amp;abl=NS&amp;fu=1152&amp;bc=31&amp;ifi=5&amp;uci=a!5&amp;btvi=2&amp;fsb=1&amp;xpc=Dr5tZBR0ZQ&amp;p=https%3A\/\/www.seneweb.com&amp;dtd=288\" name=\"aswift_3\" width=\"830\" height=\"0\" frameborder=\"0\" marginwidth=\"0\" marginheight=\"0\" scrolling=\"no\" sandbox=\"allow-forms allow-popups allow-popups-to-escape-sandbox allow-same-origin allow-scripts allow-top-navigation-by-user-activation\" allowfullscreen=\"allowfullscreen\" data-google-container-id=\"a!5\" data-google-query-id=\"CKb7qJ-Ir_QCFRb_uwgdXtEAxQ\" data-load-complete=\"true\" data-mce-fragment=\"1\"><\/iframe><\/ins><\/ins><\/ins><\/div>\n<div><span style=\"font-size: large;\">\u00a0<\/span><\/div>\n<div><span style=\"font-size: large;\">Selon le Haut Commissariat des Nations-Unies pour les refugies , \u00ab plus de 105.000 migrants et r\u00e9fugi\u00e9s sont entr\u00e9s en Europe depuis le d\u00e9but de l\u2019ann\u00e9e dont plus de 100.000 arriv\u00e9es par la mer et le reste arrivant par voie terrestre depuis la Gr\u00e8ce et en Espagne \u00bb, informe le document.<\/span><\/div>\n<div><\/div>\n<div><span style=\"font-size: large;\">L\u2019Italie reste la premi\u00e8re destination, avec pr\u00e8s de 59.000 arriv\u00e9es. Suivent l\u2019Espagne (36.455), la Gr\u00e8ce (7.681), Chypre (1.515) et Malte (607).<\/span><\/div>\n<div id=\"smilewanted-2120-1018-01\"><\/div>\n<div id=\"sw_infeed\">\n<div id=\"sw_infeed_d\">\n<div id=\"slot_sw_infeed_d_algo\"><\/div>\n<div id=\"slot_sw_infeed_v\"><\/div>\n<\/div>\n<\/div>\n<\/div>\n","protected":false},"excerpt":{"rendered":"<p>Les victimes de l\u2019\u00e9migration clandestine continuent sur les c\u00f4tes libyennes. D\u2019apr\u00e8s le rapport de l\u2019organisation Internationale pour les migrations (Oim),<\/p>\n","protected":false},"author":2,"featured_media":3804,"comment_status":"open","ping_status":"closed","sticky":false,"template":"","format":"standard","meta":{"colormag_page_container_layout":"default_layout","colormag_page_sidebar_layout":"default_layout","wprm-recipe-roundup-name":"","wprm-recipe-roundup-description":"","footnotes":""},"categories":[1],"tags":[],"class_list":["post-3803","post","type-post","status-publish","format-standard","has-post-thumbnail","hentry","category-uncategorized"],"yoast_head":"<!-- This site is optimized with the Yoast SEO plugin v27.5 - https:\/\/yoast.com\/product\/yoast-seo-wordpress\/ -->\n<title>Emigration Clandestine : 75 migrants morts noy\u00e9s au large des c\u00f4tes libyennes - Ndiaffat Actu<\/title>\n<meta name=\"robots\" content=\"index, follow, max-snippet:-1, max-image-preview:large, max-video-preview:-1\" \/>\n<link rel=\"canonical\" href=\"https:\/\/www.ndiaffatactu.com\/index.php\/2021\/11\/23\/emigration-clandestine-75-migrants-morts-noyes-au-large-des-cotes-libyennes\/\" \/>\n<meta property=\"og:locale\" content=\"fr_FR\" \/>\n<meta property=\"og:type\" content=\"article\" \/>\n<meta property=\"og:title\" content=\"Emigration Clandestine : 75 migrants morts noy\u00e9s au large des c\u00f4tes libyennes - Ndiaffat Actu\" \/>\n<meta property=\"og:description\" content=\"Les victimes de l\u2019\u00e9migration clandestine continuent sur les c\u00f4tes libyennes. D\u2019apr\u00e8s le rapport de l\u2019organisation Internationale pour les migrations (Oim),\" \/>\n<meta property=\"og:url\" content=\"https:\/\/www.ndiaffatactu.com\/index.php\/2021\/11\/23\/emigration-clandestine-75-migrants-morts-noyes-au-large-des-cotes-libyennes\/\" \/>\n<meta property=\"og:site_name\" content=\"Ndiaffat Actu\" \/>\n<meta property=\"article:published_time\" content=\"2021-11-23T18:09:27+00:00\" \/>\n<meta property=\"og:image\" content=\"https:\/\/www.ndiaffatactu.com\/wp-content\/uploads\/2021\/11\/Capture-de\u0301cran-2021-11-23-a\u0300-18.08.47.png\" \/>\n\t<meta property=\"og:image:width\" content=\"418\" \/>\n\t<meta property=\"og:image:height\" content=\"243\" \/>\n\t<meta property=\"og:image:type\" content=\"image\/png\" \/>\n<meta name=\"author\" content=\"Baidy\" \/>\n<meta name=\"twitter:card\" content=\"summary_large_image\" \/>\n<meta name=\"twitter:label1\" content=\"\u00c9crit par\" \/>\n\t<meta name=\"twitter:data1\" content=\"Baidy\" \/>\n\t<meta name=\"twitter:label2\" content=\"Dur\u00e9e de lecture estim\u00e9e\" \/>\n\t<meta name=\"twitter:data2\" content=\"2 minutes\" \/>\n<script type=\"application\/ld+json\" class=\"yoast-schema-graph\">{\"@context\":\"https:\\\/\\\/schema.org\",\"@graph\":[{\"@type\":\"Article\",\"@id\":\"https:\\\/\\\/www.ndiaffatactu.com\\\/index.php\\\/2021\\\/11\\\/23\\\/emigration-clandestine-75-migrants-morts-noyes-au-large-des-cotes-libyennes\\\/#article\",\"isPartOf\":{\"@id\":\"https:\\\/\\\/www.ndiaffatactu.com\\\/index.php\\\/2021\\\/11\\\/23\\\/emigration-clandestine-75-migrants-morts-noyes-au-large-des-cotes-libyennes\\\/\"},\"author\":{\"name\":\"Baidy\",\"@id\":\"https:\\\/\\\/www.ndiaffatactu.com\\\/#\\\/schema\\\/person\\\/58070508ca42c5ea832aca50ebd5390a\"},\"headline\":\"Emigration Clandestine : 75 migrants morts noy\u00e9s au large des c\u00f4tes libyennes\",\"datePublished\":\"2021-11-23T18:09:27+00:00\",\"mainEntityOfPage\":{\"@id\":\"https:\\\/\\\/www.ndiaffatactu.com\\\/index.php\\\/2021\\\/11\\\/23\\\/emigration-clandestine-75-migrants-morts-noyes-au-large-des-cotes-libyennes\\\/\"},\"wordCount\":342,\"commentCount\":0,\"publisher\":{\"@id\":\"https:\\\/\\\/www.ndiaffatactu.com\\\/#organization\"},\"image\":{\"@id\":\"https:\\\/\\\/www.ndiaffatactu.com\\\/index.php\\\/2021\\\/11\\\/23\\\/emigration-clandestine-75-migrants-morts-noyes-au-large-des-cotes-libyennes\\\/#primaryimage\"},\"thumbnailUrl\":\"https:\\\/\\\/www.ndiaffatactu.com\\\/wp-content\\\/uploads\\\/2021\\\/11\\\/Capture-de\u0301cran-2021-11-23-a\u0300-18.08.47.png\",\"articleSection\":[\"Uncategorized\"],\"inLanguage\":\"fr-FR\",\"potentialAction\":[{\"@type\":\"CommentAction\",\"name\":\"Comment\",\"target\":[\"https:\\\/\\\/www.ndiaffatactu.com\\\/index.php\\\/2021\\\/11\\\/23\\\/emigration-clandestine-75-migrants-morts-noyes-au-large-des-cotes-libyennes\\\/#respond\"]}]},{\"@type\":\"WebPage\",\"@id\":\"https:\\\/\\\/www.ndiaffatactu.com\\\/index.php\\\/2021\\\/11\\\/23\\\/emigration-clandestine-75-migrants-morts-noyes-au-large-des-cotes-libyennes\\\/\",\"url\":\"https:\\\/\\\/www.ndiaffatactu.com\\\/index.php\\\/2021\\\/11\\\/23\\\/emigration-clandestine-75-migrants-morts-noyes-au-large-des-cotes-libyennes\\\/\",\"name\":\"Emigration Clandestine : 75 migrants morts noy\u00e9s au large des c\u00f4tes libyennes - Ndiaffat Actu\",\"isPartOf\":{\"@id\":\"https:\\\/\\\/www.ndiaffatactu.com\\\/#website\"},\"primaryImageOfPage\":{\"@id\":\"https:\\\/\\\/www.ndiaffatactu.com\\\/index.php\\\/2021\\\/11\\\/23\\\/emigration-clandestine-75-migrants-morts-noyes-au-large-des-cotes-libyennes\\\/#primaryimage\"},\"image\":{\"@id\":\"https:\\\/\\\/www.ndiaffatactu.com\\\/index.php\\\/2021\\\/11\\\/23\\\/emigration-clandestine-75-migrants-morts-noyes-au-large-des-cotes-libyennes\\\/#primaryimage\"},\"thumbnailUrl\":\"https:\\\/\\\/www.ndiaffatactu.com\\\/wp-content\\\/uploads\\\/2021\\\/11\\\/Capture-de\u0301cran-2021-11-23-a\u0300-18.08.47.png\",\"datePublished\":\"2021-11-23T18:09:27+00:00\",\"breadcrumb\":{\"@id\":\"https:\\\/\\\/www.ndiaffatactu.com\\\/index.php\\\/2021\\\/11\\\/23\\\/emigration-clandestine-75-migrants-morts-noyes-au-large-des-cotes-libyennes\\\/#breadcrumb\"},\"inLanguage\":\"fr-FR\",\"potentialAction\":[{\"@type\":\"ReadAction\",\"target\":[\"https:\\\/\\\/www.ndiaffatactu.com\\\/index.php\\\/2021\\\/11\\\/23\\\/emigration-clandestine-75-migrants-morts-noyes-au-large-des-cotes-libyennes\\\/\"]}]},{\"@type\":\"ImageObject\",\"inLanguage\":\"fr-FR\",\"@id\":\"https:\\\/\\\/www.ndiaffatactu.com\\\/index.php\\\/2021\\\/11\\\/23\\\/emigration-clandestine-75-migrants-morts-noyes-au-large-des-cotes-libyennes\\\/#primaryimage\",\"url\":\"https:\\\/\\\/www.ndiaffatactu.com\\\/wp-content\\\/uploads\\\/2021\\\/11\\\/Capture-de\u0301cran-2021-11-23-a\u0300-18.08.47.png\",\"contentUrl\":\"https:\\\/\\\/www.ndiaffatactu.com\\\/wp-content\\\/uploads\\\/2021\\\/11\\\/Capture-de\u0301cran-2021-11-23-a\u0300-18.08.47.png\",\"width\":418,\"height\":243},{\"@type\":\"BreadcrumbList\",\"@id\":\"https:\\\/\\\/www.ndiaffatactu.com\\\/index.php\\\/2021\\\/11\\\/23\\\/emigration-clandestine-75-migrants-morts-noyes-au-large-des-cotes-libyennes\\\/#breadcrumb\",\"itemListElement\":[{\"@type\":\"ListItem\",\"position\":1,\"name\":\"Home\",\"item\":\"https:\\\/\\\/www.ndiaffatactu.com\\\/\"},{\"@type\":\"ListItem\",\"position\":2,\"name\":\"Emigration Clandestine : 75 migrants morts noy\u00e9s au large des c\u00f4tes libyennes\"}]},{\"@type\":\"WebSite\",\"@id\":\"https:\\\/\\\/www.ndiaffatactu.com\\\/#website\",\"url\":\"https:\\\/\\\/www.ndiaffatactu.com\\\/\",\"name\":\"Ndiaffat Actu\",\"description\":\"L&#039;iinformation en temps r\u00e9el\",\"publisher\":{\"@id\":\"https:\\\/\\\/www.ndiaffatactu.com\\\/#organization\"},\"potentialAction\":[{\"@type\":\"SearchAction\",\"target\":{\"@type\":\"EntryPoint\",\"urlTemplate\":\"https:\\\/\\\/www.ndiaffatactu.com\\\/?s={search_term_string}\"},\"query-input\":{\"@type\":\"PropertyValueSpecification\",\"valueRequired\":true,\"valueName\":\"search_term_string\"}}],\"inLanguage\":\"fr-FR\"},{\"@type\":\"Organization\",\"@id\":\"https:\\\/\\\/www.ndiaffatactu.com\\\/#organization\",\"name\":\"Ndiaffat Actu\",\"url\":\"https:\\\/\\\/www.ndiaffatactu.com\\\/\",\"logo\":{\"@type\":\"ImageObject\",\"inLanguage\":\"fr-FR\",\"@id\":\"https:\\\/\\\/www.ndiaffatactu.com\\\/#\\\/schema\\\/logo\\\/image\\\/\",\"url\":\"https:\\\/\\\/www.ndiaffatactu.com\\\/wp-content\\\/uploads\\\/2024\\\/11\\\/cropped-BAIDY.png\",\"contentUrl\":\"https:\\\/\\\/www.ndiaffatactu.com\\\/wp-content\\\/uploads\\\/2024\\\/11\\\/cropped-BAIDY.png\",\"width\":1009,\"height\":730,\"caption\":\"Ndiaffat Actu\"},\"image\":{\"@id\":\"https:\\\/\\\/www.ndiaffatactu.com\\\/#\\\/schema\\\/logo\\\/image\\\/\"}},{\"@type\":\"Person\",\"@id\":\"https:\\\/\\\/www.ndiaffatactu.com\\\/#\\\/schema\\\/person\\\/58070508ca42c5ea832aca50ebd5390a\",\"name\":\"Baidy\",\"image\":{\"@type\":\"ImageObject\",\"inLanguage\":\"fr-FR\",\"@id\":\"https:\\\/\\\/secure.gravatar.com\\\/avatar\\\/b9f71a5a3671d82da3185d341775314a0414f0fff1c9048903ccb72d937c5717?s=96&d=mm&r=g\",\"url\":\"https:\\\/\\\/secure.gravatar.com\\\/avatar\\\/b9f71a5a3671d82da3185d341775314a0414f0fff1c9048903ccb72d937c5717?s=96&d=mm&r=g\",\"contentUrl\":\"https:\\\/\\\/secure.gravatar.com\\\/avatar\\\/b9f71a5a3671d82da3185d341775314a0414f0fff1c9048903ccb72d937c5717?s=96&d=mm&r=g\",\"caption\":\"Baidy\"},\"sameAs\":[\"https:\\\/\\\/www.ndiaffatactu.com\\\/\"],\"url\":\"https:\\\/\\\/www.ndiaffatactu.com\\\/index.php\\\/author\\\/ndiaffatactu\\\/\"}]}<\/script>\n<!-- \/ Yoast SEO plugin. -->","yoast_head_json":{"title":"Emigration Clandestine : 75 migrants morts noy\u00e9s au large des c\u00f4tes libyennes - Ndiaffat Actu","robots":{"index":"index","follow":"follow","max-snippet":"max-snippet:-1","max-image-preview":"max-image-preview:large","max-video-preview":"max-video-preview:-1"},"canonical":"https:\/\/www.ndiaffatactu.com\/index.php\/2021\/11\/23\/emigration-clandestine-75-migrants-morts-noyes-au-large-des-cotes-libyennes\/","og_locale":"fr_FR","og_type":"article","og_title":"Emigration Clandestine : 75 migrants morts noy\u00e9s au large des c\u00f4tes libyennes - Ndiaffat Actu","og_description":"Les victimes de l\u2019\u00e9migration clandestine continuent sur les c\u00f4tes libyennes. D\u2019apr\u00e8s le rapport de l\u2019organisation Internationale pour les migrations (Oim),","og_url":"https:\/\/www.ndiaffatactu.com\/index.php\/2021\/11\/23\/emigration-clandestine-75-migrants-morts-noyes-au-large-des-cotes-libyennes\/","og_site_name":"Ndiaffat Actu","article_published_time":"2021-11-23T18:09:27+00:00","og_image":[{"width":418,"height":243,"url":"https:\/\/www.ndiaffatactu.com\/wp-content\/uploads\/2021\/11\/Capture-de\u0301cran-2021-11-23-a\u0300-18.08.47.png","type":"image\/png"}],"author":"Baidy","twitter_card":"summary_large_image","twitter_misc":{"\u00c9crit par":"Baidy","Dur\u00e9e de lecture estim\u00e9e":"2 minutes"},"schema":{"@context":"https:\/\/schema.org","@graph":[{"@type":"Article","@id":"https:\/\/www.ndiaffatactu.com\/index.php\/2021\/11\/23\/emigration-clandestine-75-migrants-morts-noyes-au-large-des-cotes-libyennes\/#article","isPartOf":{"@id":"https:\/\/www.ndiaffatactu.com\/index.php\/2021\/11\/23\/emigration-clandestine-75-migrants-morts-noyes-au-large-des-cotes-libyennes\/"},"author":{"name":"Baidy","@id":"https:\/\/www.ndiaffatactu.com\/#\/schema\/person\/58070508ca42c5ea832aca50ebd5390a"},"headline":"Emigration Clandestine : 75 migrants morts noy\u00e9s au large des c\u00f4tes libyennes","datePublished":"2021-11-23T18:09:27+00:00","mainEntityOfPage":{"@id":"https:\/\/www.ndiaffatactu.com\/index.php\/2021\/11\/23\/emigration-clandestine-75-migrants-morts-noyes-au-large-des-cotes-libyennes\/"},"wordCount":342,"commentCount":0,"publisher":{"@id":"https:\/\/www.ndiaffatactu.com\/#organization"},"image":{"@id":"https:\/\/www.ndiaffatactu.com\/index.php\/2021\/11\/23\/emigration-clandestine-75-migrants-morts-noyes-au-large-des-cotes-libyennes\/#primaryimage"},"thumbnailUrl":"https:\/\/www.ndiaffatactu.com\/wp-content\/uploads\/2021\/11\/Capture-de\u0301cran-2021-11-23-a\u0300-18.08.47.png","articleSection":["Uncategorized"],"inLanguage":"fr-FR","potentialAction":[{"@type":"CommentAction","name":"Comment","target":["https:\/\/www.ndiaffatactu.com\/index.php\/2021\/11\/23\/emigration-clandestine-75-migrants-morts-noyes-au-large-des-cotes-libyennes\/#respond"]}]},{"@type":"WebPage","@id":"https:\/\/www.ndiaffatactu.com\/index.php\/2021\/11\/23\/emigration-clandestine-75-migrants-morts-noyes-au-large-des-cotes-libyennes\/","url":"https:\/\/www.ndiaffatactu.com\/index.php\/2021\/11\/23\/emigration-clandestine-75-migrants-morts-noyes-au-large-des-cotes-libyennes\/","name":"Emigration Clandestine : 75 migrants morts noy\u00e9s au large des c\u00f4tes libyennes - Ndiaffat Actu","isPartOf":{"@id":"https:\/\/www.ndiaffatactu.com\/#website"},"primaryImageOfPage":{"@id":"https:\/\/www.ndiaffatactu.com\/index.php\/2021\/11\/23\/emigration-clandestine-75-migrants-morts-noyes-au-large-des-cotes-libyennes\/#primaryimage"},"image":{"@id":"https:\/\/www.ndiaffatactu.com\/index.php\/2021\/11\/23\/emigration-clandestine-75-migrants-morts-noyes-au-large-des-cotes-libyennes\/#primaryimage"},"thumbnailUrl":"https:\/\/www.ndiaffatactu.com\/wp-content\/uploads\/2021\/11\/Capture-de\u0301cran-2021-11-23-a\u0300-18.08.47.png","datePublished":"2021-11-23T18:09:27+00:00","breadcrumb":{"@id":"https:\/\/www.ndiaffatactu.com\/index.php\/2021\/11\/23\/emigration-clandestine-75-migrants-morts-noyes-au-large-des-cotes-libyennes\/#breadcrumb"},"inLanguage":"fr-FR","potentialAction":[{"@type":"ReadAction","target":["https:\/\/www.ndiaffatactu.com\/index.php\/2021\/11\/23\/emigration-clandestine-75-migrants-morts-noyes-au-large-des-cotes-libyennes\/"]}]},{"@type":"ImageObject","inLanguage":"fr-FR","@id":"https:\/\/www.ndiaffatactu.com\/index.php\/2021\/11\/23\/emigration-clandestine-75-migrants-morts-noyes-au-large-des-cotes-libyennes\/#primaryimage","url":"https:\/\/www.ndiaffatactu.com\/wp-content\/uploads\/2021\/11\/Capture-de\u0301cran-2021-11-23-a\u0300-18.08.47.png","contentUrl":"https:\/\/www.ndiaffatactu.com\/wp-content\/uploads\/2021\/11\/Capture-de\u0301cran-2021-11-23-a\u0300-18.08.47.png","width":418,"height":243},{"@type":"BreadcrumbList","@id":"https:\/\/www.ndiaffatactu.com\/index.php\/2021\/11\/23\/emigration-clandestine-75-migrants-morts-noyes-au-large-des-cotes-libyennes\/#breadcrumb","itemListElement":[{"@type":"ListItem","position":1,"name":"Home","item":"https:\/\/www.ndiaffatactu.com\/"},{"@type":"ListItem","position":2,"name":"Emigration Clandestine : 75 migrants morts noy\u00e9s au large des c\u00f4tes libyennes"}]},{"@type":"WebSite","@id":"https:\/\/www.ndiaffatactu.com\/#website","url":"https:\/\/www.ndiaffatactu.com\/","name":"Ndiaffat Actu","description":"L&#039;iinformation en temps r\u00e9el","publisher":{"@id":"https:\/\/www.ndiaffatactu.com\/#organization"},"potentialAction":[{"@type":"SearchAction","target":{"@type":"EntryPoint","urlTemplate":"https:\/\/www.ndiaffatactu.com\/?s={search_term_string}"},"query-input":{"@type":"PropertyValueSpecification","valueRequired":true,"valueName":"search_term_string"}}],"inLanguage":"fr-FR"},{"@type":"Organization","@id":"https:\/\/www.ndiaffatactu.com\/#organization","name":"Ndiaffat Actu","url":"https:\/\/www.ndiaffatactu.com\/","logo":{"@type":"ImageObject","inLanguage":"fr-FR","@id":"https:\/\/www.ndiaffatactu.com\/#\/schema\/logo\/image\/","url":"https:\/\/www.ndiaffatactu.com\/wp-content\/uploads\/2024\/11\/cropped-BAIDY.png","contentUrl":"https:\/\/www.ndiaffatactu.com\/wp-content\/uploads\/2024\/11\/cropped-BAIDY.png","width":1009,"height":730,"caption":"Ndiaffat Actu"},"image":{"@id":"https:\/\/www.ndiaffatactu.com\/#\/schema\/logo\/image\/"}},{"@type":"Person","@id":"https:\/\/www.ndiaffatactu.com\/#\/schema\/person\/58070508ca42c5ea832aca50ebd5390a","name":"Baidy","image":{"@type":"ImageObject","inLanguage":"fr-FR","@id":"https:\/\/secure.gravatar.com\/avatar\/b9f71a5a3671d82da3185d341775314a0414f0fff1c9048903ccb72d937c5717?s=96&d=mm&r=g","url":"https:\/\/secure.gravatar.com\/avatar\/b9f71a5a3671d82da3185d341775314a0414f0fff1c9048903ccb72d937c5717?s=96&d=mm&r=g","contentUrl":"https:\/\/secure.gravatar.com\/avatar\/b9f71a5a3671d82da3185d341775314a0414f0fff1c9048903ccb72d937c5717?s=96&d=mm&r=g","caption":"Baidy"},"sameAs":["https:\/\/www.ndiaffatactu.com\/"],"url":"https:\/\/www.ndiaffatactu.com\/index.php\/author\/ndiaffatactu\/"}]}},"_links":{"self":[{"href":"https:\/\/www.ndiaffatactu.com\/index.php\/wp-json\/wp\/v2\/posts\/3803","targetHints":{"allow":["GET"]}}],"collection":[{"href":"https:\/\/www.ndiaffatactu.com\/index.php\/wp-json\/wp\/v2\/posts"}],"about":[{"href":"https:\/\/www.ndiaffatactu.com\/index.php\/wp-json\/wp\/v2\/types\/post"}],"author":[{"embeddable":true,"href":"https:\/\/www.ndiaffatactu.com\/index.php\/wp-json\/wp\/v2\/users\/2"}],"replies":[{"embeddable":true,"href":"https:\/\/www.ndiaffatactu.com\/index.php\/wp-json\/wp\/v2\/comments?post=3803"}],"version-history":[{"count":1,"href":"https:\/\/www.ndiaffatactu.com\/index.php\/wp-json\/wp\/v2\/posts\/3803\/revisions"}],"predecessor-version":[{"id":3805,"href":"https:\/\/www.ndiaffatactu.com\/index.php\/wp-json\/wp\/v2\/posts\/3803\/revisions\/3805"}],"wp:featuredmedia":[{"embeddable":true,"href":"https:\/\/www.ndiaffatactu.com\/index.php\/wp-json\/wp\/v2\/media\/3804"}],"wp:attachment":[{"href":"https:\/\/www.ndiaffatactu.com\/index.php\/wp-json\/wp\/v2\/media?parent=3803"}],"wp:term":[{"taxonomy":"category","embeddable":true,"href":"https:\/\/www.ndiaffatactu.com\/index.php\/wp-json\/wp\/v2\/categories?post=3803"},{"taxonomy":"post_tag","embeddable":true,"href":"https:\/\/www.ndiaffatactu.com\/index.php\/wp-json\/wp\/v2\/tags?post=3803"}],"curies":[{"name":"wp","href":"https:\/\/api.w.org\/{rel}","templated":true}]}}