{"id":3548,"date":"2021-11-03T14:39:28","date_gmt":"2021-11-03T14:39:28","guid":{"rendered":"https:\/\/www.ndiaffatactu.com\/?p=3548"},"modified":"2021-11-03T14:39:28","modified_gmt":"2021-11-03T14:39:28","slug":"palais-de-justice-deces-du-1er-president-de-la-chambre-criminelle-de-dakar","status":"publish","type":"post","link":"https:\/\/www.ndiaffatactu.com\/index.php\/2021\/11\/03\/palais-de-justice-deces-du-1er-president-de-la-chambre-criminelle-de-dakar\/","title":{"rendered":"Palais de Justice : D\u00e9c\u00e8s du 1er pr\u00e9sident de la Chambre criminelle de Dakar"},"content":{"rendered":"<div><span style=\"font-size: large;\">La justice s\u00e9n\u00e9galaise est en deuil. Le premier pr\u00e9sident de la Chambre criminelle du tribunal de grande instance (TGI) de Dakar n\u2019est plus. Le juge au si\u00e8ge, Massamba S\u00e8ne, est d\u00e9c\u00e9d\u00e9 hier mardi 2 novembre, selon Dakaractu. La lev\u00e9e du corps s\u2019est d\u00e9roul\u00e9e ce mercredi \u00e0 l\u2019h\u00f4pital de Fann.<\/span><\/div>\n<div><span style=\"font-size: large;\">\u00a0<\/span><\/div>\n<div><span style=\"font-size: large;\">Le d\u00e9funt \u00e9tait en d\u00e9tachement au cabinet du secr\u00e9taire d\u2019Etat aupr\u00e8s du ministre de l\u2019Urbanisme, du Logement et de l\u2019Hygi\u00e8ne publique, charg\u00e9 du Logement, Victorine Nd\u00e8ye, comme directeur. Il a eu \u00e0 occuper le m\u00eame poste aupr\u00e8s de l\u2019ancien ministre Khadim Diop.<\/span><\/div>\n","protected":false},"excerpt":{"rendered":"<p>La justice s\u00e9n\u00e9galaise est en deuil. Le premier pr\u00e9sident de la Chambre criminelle du tribunal de grande instance (TGI) de<\/p>\n","protected":false},"author":2,"featured_media":3549,"comment_status":"open","ping_status":"closed","sticky":false,"template":"","format":"standard","meta":{"colormag_page_container_layout":"default_layout","colormag_page_sidebar_layout":"default_layout","wprm-recipe-roundup-name":"","wprm-recipe-roundup-description":"","footnotes":""},"categories":[6,55,38,12],"tags":[],"class_list":["post-3548","post","type-post","status-publish","format-standard","has-post-thumbnail","hentry","category-actualites","category-justice","category-necrologie","category-recents"],"yoast_head":"<!-- This site is optimized with the Yoast SEO plugin v27.5 - https:\/\/yoast.com\/product\/yoast-seo-wordpress\/ -->\n<title>Palais de Justice : D\u00e9c\u00e8s du 1er pr\u00e9sident de la Chambre criminelle de Dakar - Ndiaffat Actu<\/title>\n<meta name=\"robots\" content=\"index, follow, max-snippet:-1, max-image-preview:large, max-video-preview:-1\" \/>\n<link rel=\"canonical\" href=\"https:\/\/www.ndiaffatactu.com\/index.php\/2021\/11\/03\/palais-de-justice-deces-du-1er-president-de-la-chambre-criminelle-de-dakar\/\" \/>\n<meta property=\"og:locale\" content=\"fr_FR\" \/>\n<meta property=\"og:type\" content=\"article\" \/>\n<meta property=\"og:title\" content=\"Palais de Justice : D\u00e9c\u00e8s du 1er pr\u00e9sident de la Chambre criminelle de Dakar - Ndiaffat Actu\" \/>\n<meta property=\"og:description\" content=\"La justice s\u00e9n\u00e9galaise est en deuil. Le premier pr\u00e9sident de la Chambre criminelle du tribunal de grande instance (TGI) de\" \/>\n<meta property=\"og:url\" content=\"https:\/\/www.ndiaffatactu.com\/index.php\/2021\/11\/03\/palais-de-justice-deces-du-1er-president-de-la-chambre-criminelle-de-dakar\/\" \/>\n<meta property=\"og:site_name\" content=\"Ndiaffat Actu\" \/>\n<meta property=\"article:published_time\" content=\"2021-11-03T14:39:28+00:00\" \/>\n<meta property=\"og:image\" content=\"https:\/\/www.ndiaffatactu.com\/wp-content\/uploads\/2021\/11\/necrologie.jpg\" \/>\n\t<meta property=\"og:image:width\" content=\"612\" \/>\n\t<meta property=\"og:image:height\" content=\"298\" \/>\n\t<meta property=\"og:image:type\" content=\"image\/jpeg\" \/>\n<meta name=\"author\" content=\"Baidy\" \/>\n<meta name=\"twitter:card\" content=\"summary_large_image\" \/>\n<meta name=\"twitter:label1\" content=\"\u00c9crit par\" \/>\n\t<meta name=\"twitter:data1\" content=\"Baidy\" \/>\n\t<meta name=\"twitter:label2\" content=\"Dur\u00e9e de lecture estim\u00e9e\" \/>\n\t<meta name=\"twitter:data2\" content=\"1 minute\" \/>\n<script type=\"application\/ld+json\" class=\"yoast-schema-graph\">{\"@context\":\"https:\\\/\\\/schema.org\",\"@graph\":[{\"@type\":\"Article\",\"@id\":\"https:\\\/\\\/www.ndiaffatactu.com\\\/index.php\\\/2021\\\/11\\\/03\\\/palais-de-justice-deces-du-1er-president-de-la-chambre-criminelle-de-dakar\\\/#article\",\"isPartOf\":{\"@id\":\"https:\\\/\\\/www.ndiaffatactu.com\\\/index.php\\\/2021\\\/11\\\/03\\\/palais-de-justice-deces-du-1er-president-de-la-chambre-criminelle-de-dakar\\\/\"},\"author\":{\"name\":\"Baidy\",\"@id\":\"https:\\\/\\\/www.ndiaffatactu.com\\\/#\\\/schema\\\/person\\\/58070508ca42c5ea832aca50ebd5390a\"},\"headline\":\"Palais de Justice : D\u00e9c\u00e8s du 1er pr\u00e9sident de la Chambre criminelle de Dakar\",\"datePublished\":\"2021-11-03T14:39:28+00:00\",\"mainEntityOfPage\":{\"@id\":\"https:\\\/\\\/www.ndiaffatactu.com\\\/index.php\\\/2021\\\/11\\\/03\\\/palais-de-justice-deces-du-1er-president-de-la-chambre-criminelle-de-dakar\\\/\"},\"wordCount\":130,\"commentCount\":0,\"publisher\":{\"@id\":\"https:\\\/\\\/www.ndiaffatactu.com\\\/#organization\"},\"image\":{\"@id\":\"https:\\\/\\\/www.ndiaffatactu.com\\\/index.php\\\/2021\\\/11\\\/03\\\/palais-de-justice-deces-du-1er-president-de-la-chambre-criminelle-de-dakar\\\/#primaryimage\"},\"thumbnailUrl\":\"https:\\\/\\\/www.ndiaffatactu.com\\\/wp-content\\\/uploads\\\/2021\\\/11\\\/necrologie.jpg\",\"articleSection\":[\"ACTUALIT\u00c9S\",\"Justice\",\"N\u00e9crologie\",\"R\u00e9cents\"],\"inLanguage\":\"fr-FR\",\"potentialAction\":[{\"@type\":\"CommentAction\",\"name\":\"Comment\",\"target\":[\"https:\\\/\\\/www.ndiaffatactu.com\\\/index.php\\\/2021\\\/11\\\/03\\\/palais-de-justice-deces-du-1er-president-de-la-chambre-criminelle-de-dakar\\\/#respond\"]}]},{\"@type\":\"WebPage\",\"@id\":\"https:\\\/\\\/www.ndiaffatactu.com\\\/index.php\\\/2021\\\/11\\\/03\\\/palais-de-justice-deces-du-1er-president-de-la-chambre-criminelle-de-dakar\\\/\",\"url\":\"https:\\\/\\\/www.ndiaffatactu.com\\\/index.php\\\/2021\\\/11\\\/03\\\/palais-de-justice-deces-du-1er-president-de-la-chambre-criminelle-de-dakar\\\/\",\"name\":\"Palais de Justice : D\u00e9c\u00e8s du 1er pr\u00e9sident de la Chambre criminelle de Dakar - Ndiaffat Actu\",\"isPartOf\":{\"@id\":\"https:\\\/\\\/www.ndiaffatactu.com\\\/#website\"},\"primaryImageOfPage\":{\"@id\":\"https:\\\/\\\/www.ndiaffatactu.com\\\/index.php\\\/2021\\\/11\\\/03\\\/palais-de-justice-deces-du-1er-president-de-la-chambre-criminelle-de-dakar\\\/#primaryimage\"},\"image\":{\"@id\":\"https:\\\/\\\/www.ndiaffatactu.com\\\/index.php\\\/2021\\\/11\\\/03\\\/palais-de-justice-deces-du-1er-president-de-la-chambre-criminelle-de-dakar\\\/#primaryimage\"},\"thumbnailUrl\":\"https:\\\/\\\/www.ndiaffatactu.com\\\/wp-content\\\/uploads\\\/2021\\\/11\\\/necrologie.jpg\",\"datePublished\":\"2021-11-03T14:39:28+00:00\",\"breadcrumb\":{\"@id\":\"https:\\\/\\\/www.ndiaffatactu.com\\\/index.php\\\/2021\\\/11\\\/03\\\/palais-de-justice-deces-du-1er-president-de-la-chambre-criminelle-de-dakar\\\/#breadcrumb\"},\"inLanguage\":\"fr-FR\",\"potentialAction\":[{\"@type\":\"ReadAction\",\"target\":[\"https:\\\/\\\/www.ndiaffatactu.com\\\/index.php\\\/2021\\\/11\\\/03\\\/palais-de-justice-deces-du-1er-president-de-la-chambre-criminelle-de-dakar\\\/\"]}]},{\"@type\":\"ImageObject\",\"inLanguage\":\"fr-FR\",\"@id\":\"https:\\\/\\\/www.ndiaffatactu.com\\\/index.php\\\/2021\\\/11\\\/03\\\/palais-de-justice-deces-du-1er-president-de-la-chambre-criminelle-de-dakar\\\/#primaryimage\",\"url\":\"https:\\\/\\\/www.ndiaffatactu.com\\\/wp-content\\\/uploads\\\/2021\\\/11\\\/necrologie.jpg\",\"contentUrl\":\"https:\\\/\\\/www.ndiaffatactu.com\\\/wp-content\\\/uploads\\\/2021\\\/11\\\/necrologie.jpg\",\"width\":612,\"height\":298},{\"@type\":\"BreadcrumbList\",\"@id\":\"https:\\\/\\\/www.ndiaffatactu.com\\\/index.php\\\/2021\\\/11\\\/03\\\/palais-de-justice-deces-du-1er-president-de-la-chambre-criminelle-de-dakar\\\/#breadcrumb\",\"itemListElement\":[{\"@type\":\"ListItem\",\"position\":1,\"name\":\"Home\",\"item\":\"https:\\\/\\\/www.ndiaffatactu.com\\\/\"},{\"@type\":\"ListItem\",\"position\":2,\"name\":\"Palais de Justice : D\u00e9c\u00e8s du 1er pr\u00e9sident de la Chambre criminelle de Dakar\"}]},{\"@type\":\"WebSite\",\"@id\":\"https:\\\/\\\/www.ndiaffatactu.com\\\/#website\",\"url\":\"https:\\\/\\\/www.ndiaffatactu.com\\\/\",\"name\":\"Ndiaffat Actu\",\"description\":\"L&#039;iinformation en temps r\u00e9el\",\"publisher\":{\"@id\":\"https:\\\/\\\/www.ndiaffatactu.com\\\/#organization\"},\"potentialAction\":[{\"@type\":\"SearchAction\",\"target\":{\"@type\":\"EntryPoint\",\"urlTemplate\":\"https:\\\/\\\/www.ndiaffatactu.com\\\/?s={search_term_string}\"},\"query-input\":{\"@type\":\"PropertyValueSpecification\",\"valueRequired\":true,\"valueName\":\"search_term_string\"}}],\"inLanguage\":\"fr-FR\"},{\"@type\":\"Organization\",\"@id\":\"https:\\\/\\\/www.ndiaffatactu.com\\\/#organization\",\"name\":\"Ndiaffat Actu\",\"url\":\"https:\\\/\\\/www.ndiaffatactu.com\\\/\",\"logo\":{\"@type\":\"ImageObject\",\"inLanguage\":\"fr-FR\",\"@id\":\"https:\\\/\\\/www.ndiaffatactu.com\\\/#\\\/schema\\\/logo\\\/image\\\/\",\"url\":\"https:\\\/\\\/www.ndiaffatactu.com\\\/wp-content\\\/uploads\\\/2024\\\/11\\\/cropped-BAIDY.png\",\"contentUrl\":\"https:\\\/\\\/www.ndiaffatactu.com\\\/wp-content\\\/uploads\\\/2024\\\/11\\\/cropped-BAIDY.png\",\"width\":1009,\"height\":730,\"caption\":\"Ndiaffat Actu\"},\"image\":{\"@id\":\"https:\\\/\\\/www.ndiaffatactu.com\\\/#\\\/schema\\\/logo\\\/image\\\/\"}},{\"@type\":\"Person\",\"@id\":\"https:\\\/\\\/www.ndiaffatactu.com\\\/#\\\/schema\\\/person\\\/58070508ca42c5ea832aca50ebd5390a\",\"name\":\"Baidy\",\"image\":{\"@type\":\"ImageObject\",\"inLanguage\":\"fr-FR\",\"@id\":\"https:\\\/\\\/secure.gravatar.com\\\/avatar\\\/b9f71a5a3671d82da3185d341775314a0414f0fff1c9048903ccb72d937c5717?s=96&d=mm&r=g\",\"url\":\"https:\\\/\\\/secure.gravatar.com\\\/avatar\\\/b9f71a5a3671d82da3185d341775314a0414f0fff1c9048903ccb72d937c5717?s=96&d=mm&r=g\",\"contentUrl\":\"https:\\\/\\\/secure.gravatar.com\\\/avatar\\\/b9f71a5a3671d82da3185d341775314a0414f0fff1c9048903ccb72d937c5717?s=96&d=mm&r=g\",\"caption\":\"Baidy\"},\"sameAs\":[\"https:\\\/\\\/www.ndiaffatactu.com\\\/\"],\"url\":\"https:\\\/\\\/www.ndiaffatactu.com\\\/index.php\\\/author\\\/ndiaffatactu\\\/\"}]}<\/script>\n<!-- \/ Yoast SEO plugin. -->","yoast_head_json":{"title":"Palais de Justice : D\u00e9c\u00e8s du 1er pr\u00e9sident de la Chambre criminelle de Dakar - Ndiaffat Actu","robots":{"index":"index","follow":"follow","max-snippet":"max-snippet:-1","max-image-preview":"max-image-preview:large","max-video-preview":"max-video-preview:-1"},"canonical":"https:\/\/www.ndiaffatactu.com\/index.php\/2021\/11\/03\/palais-de-justice-deces-du-1er-president-de-la-chambre-criminelle-de-dakar\/","og_locale":"fr_FR","og_type":"article","og_title":"Palais de Justice : D\u00e9c\u00e8s du 1er pr\u00e9sident de la Chambre criminelle de Dakar - Ndiaffat Actu","og_description":"La justice s\u00e9n\u00e9galaise est en deuil. Le premier pr\u00e9sident de la Chambre criminelle du tribunal de grande instance (TGI) de","og_url":"https:\/\/www.ndiaffatactu.com\/index.php\/2021\/11\/03\/palais-de-justice-deces-du-1er-president-de-la-chambre-criminelle-de-dakar\/","og_site_name":"Ndiaffat Actu","article_published_time":"2021-11-03T14:39:28+00:00","og_image":[{"width":612,"height":298,"url":"https:\/\/www.ndiaffatactu.com\/wp-content\/uploads\/2021\/11\/necrologie.jpg","type":"image\/jpeg"}],"author":"Baidy","twitter_card":"summary_large_image","twitter_misc":{"\u00c9crit par":"Baidy","Dur\u00e9e de lecture estim\u00e9e":"1 minute"},"schema":{"@context":"https:\/\/schema.org","@graph":[{"@type":"Article","@id":"https:\/\/www.ndiaffatactu.com\/index.php\/2021\/11\/03\/palais-de-justice-deces-du-1er-president-de-la-chambre-criminelle-de-dakar\/#article","isPartOf":{"@id":"https:\/\/www.ndiaffatactu.com\/index.php\/2021\/11\/03\/palais-de-justice-deces-du-1er-president-de-la-chambre-criminelle-de-dakar\/"},"author":{"name":"Baidy","@id":"https:\/\/www.ndiaffatactu.com\/#\/schema\/person\/58070508ca42c5ea832aca50ebd5390a"},"headline":"Palais de Justice : D\u00e9c\u00e8s du 1er pr\u00e9sident de la Chambre criminelle de Dakar","datePublished":"2021-11-03T14:39:28+00:00","mainEntityOfPage":{"@id":"https:\/\/www.ndiaffatactu.com\/index.php\/2021\/11\/03\/palais-de-justice-deces-du-1er-president-de-la-chambre-criminelle-de-dakar\/"},"wordCount":130,"commentCount":0,"publisher":{"@id":"https:\/\/www.ndiaffatactu.com\/#organization"},"image":{"@id":"https:\/\/www.ndiaffatactu.com\/index.php\/2021\/11\/03\/palais-de-justice-deces-du-1er-president-de-la-chambre-criminelle-de-dakar\/#primaryimage"},"thumbnailUrl":"https:\/\/www.ndiaffatactu.com\/wp-content\/uploads\/2021\/11\/necrologie.jpg","articleSection":["ACTUALIT\u00c9S","Justice","N\u00e9crologie","R\u00e9cents"],"inLanguage":"fr-FR","potentialAction":[{"@type":"CommentAction","name":"Comment","target":["https:\/\/www.ndiaffatactu.com\/index.php\/2021\/11\/03\/palais-de-justice-deces-du-1er-president-de-la-chambre-criminelle-de-dakar\/#respond"]}]},{"@type":"WebPage","@id":"https:\/\/www.ndiaffatactu.com\/index.php\/2021\/11\/03\/palais-de-justice-deces-du-1er-president-de-la-chambre-criminelle-de-dakar\/","url":"https:\/\/www.ndiaffatactu.com\/index.php\/2021\/11\/03\/palais-de-justice-deces-du-1er-president-de-la-chambre-criminelle-de-dakar\/","name":"Palais de Justice : D\u00e9c\u00e8s du 1er pr\u00e9sident de la Chambre criminelle de Dakar - Ndiaffat Actu","isPartOf":{"@id":"https:\/\/www.ndiaffatactu.com\/#website"},"primaryImageOfPage":{"@id":"https:\/\/www.ndiaffatactu.com\/index.php\/2021\/11\/03\/palais-de-justice-deces-du-1er-president-de-la-chambre-criminelle-de-dakar\/#primaryimage"},"image":{"@id":"https:\/\/www.ndiaffatactu.com\/index.php\/2021\/11\/03\/palais-de-justice-deces-du-1er-president-de-la-chambre-criminelle-de-dakar\/#primaryimage"},"thumbnailUrl":"https:\/\/www.ndiaffatactu.com\/wp-content\/uploads\/2021\/11\/necrologie.jpg","datePublished":"2021-11-03T14:39:28+00:00","breadcrumb":{"@id":"https:\/\/www.ndiaffatactu.com\/index.php\/2021\/11\/03\/palais-de-justice-deces-du-1er-president-de-la-chambre-criminelle-de-dakar\/#breadcrumb"},"inLanguage":"fr-FR","potentialAction":[{"@type":"ReadAction","target":["https:\/\/www.ndiaffatactu.com\/index.php\/2021\/11\/03\/palais-de-justice-deces-du-1er-president-de-la-chambre-criminelle-de-dakar\/"]}]},{"@type":"ImageObject","inLanguage":"fr-FR","@id":"https:\/\/www.ndiaffatactu.com\/index.php\/2021\/11\/03\/palais-de-justice-deces-du-1er-president-de-la-chambre-criminelle-de-dakar\/#primaryimage","url":"https:\/\/www.ndiaffatactu.com\/wp-content\/uploads\/2021\/11\/necrologie.jpg","contentUrl":"https:\/\/www.ndiaffatactu.com\/wp-content\/uploads\/2021\/11\/necrologie.jpg","width":612,"height":298},{"@type":"BreadcrumbList","@id":"https:\/\/www.ndiaffatactu.com\/index.php\/2021\/11\/03\/palais-de-justice-deces-du-1er-president-de-la-chambre-criminelle-de-dakar\/#breadcrumb","itemListElement":[{"@type":"ListItem","position":1,"name":"Home","item":"https:\/\/www.ndiaffatactu.com\/"},{"@type":"ListItem","position":2,"name":"Palais de Justice : D\u00e9c\u00e8s du 1er pr\u00e9sident de la Chambre criminelle de Dakar"}]},{"@type":"WebSite","@id":"https:\/\/www.ndiaffatactu.com\/#website","url":"https:\/\/www.ndiaffatactu.com\/","name":"Ndiaffat Actu","description":"L&#039;iinformation en temps r\u00e9el","publisher":{"@id":"https:\/\/www.ndiaffatactu.com\/#organization"},"potentialAction":[{"@type":"SearchAction","target":{"@type":"EntryPoint","urlTemplate":"https:\/\/www.ndiaffatactu.com\/?s={search_term_string}"},"query-input":{"@type":"PropertyValueSpecification","valueRequired":true,"valueName":"search_term_string"}}],"inLanguage":"fr-FR"},{"@type":"Organization","@id":"https:\/\/www.ndiaffatactu.com\/#organization","name":"Ndiaffat Actu","url":"https:\/\/www.ndiaffatactu.com\/","logo":{"@type":"ImageObject","inLanguage":"fr-FR","@id":"https:\/\/www.ndiaffatactu.com\/#\/schema\/logo\/image\/","url":"https:\/\/www.ndiaffatactu.com\/wp-content\/uploads\/2024\/11\/cropped-BAIDY.png","contentUrl":"https:\/\/www.ndiaffatactu.com\/wp-content\/uploads\/2024\/11\/cropped-BAIDY.png","width":1009,"height":730,"caption":"Ndiaffat Actu"},"image":{"@id":"https:\/\/www.ndiaffatactu.com\/#\/schema\/logo\/image\/"}},{"@type":"Person","@id":"https:\/\/www.ndiaffatactu.com\/#\/schema\/person\/58070508ca42c5ea832aca50ebd5390a","name":"Baidy","image":{"@type":"ImageObject","inLanguage":"fr-FR","@id":"https:\/\/secure.gravatar.com\/avatar\/b9f71a5a3671d82da3185d341775314a0414f0fff1c9048903ccb72d937c5717?s=96&d=mm&r=g","url":"https:\/\/secure.gravatar.com\/avatar\/b9f71a5a3671d82da3185d341775314a0414f0fff1c9048903ccb72d937c5717?s=96&d=mm&r=g","contentUrl":"https:\/\/secure.gravatar.com\/avatar\/b9f71a5a3671d82da3185d341775314a0414f0fff1c9048903ccb72d937c5717?s=96&d=mm&r=g","caption":"Baidy"},"sameAs":["https:\/\/www.ndiaffatactu.com\/"],"url":"https:\/\/www.ndiaffatactu.com\/index.php\/author\/ndiaffatactu\/"}]}},"_links":{"self":[{"href":"https:\/\/www.ndiaffatactu.com\/index.php\/wp-json\/wp\/v2\/posts\/3548","targetHints":{"allow":["GET"]}}],"collection":[{"href":"https:\/\/www.ndiaffatactu.com\/index.php\/wp-json\/wp\/v2\/posts"}],"about":[{"href":"https:\/\/www.ndiaffatactu.com\/index.php\/wp-json\/wp\/v2\/types\/post"}],"author":[{"embeddable":true,"href":"https:\/\/www.ndiaffatactu.com\/index.php\/wp-json\/wp\/v2\/users\/2"}],"replies":[{"embeddable":true,"href":"https:\/\/www.ndiaffatactu.com\/index.php\/wp-json\/wp\/v2\/comments?post=3548"}],"version-history":[{"count":1,"href":"https:\/\/www.ndiaffatactu.com\/index.php\/wp-json\/wp\/v2\/posts\/3548\/revisions"}],"predecessor-version":[{"id":3550,"href":"https:\/\/www.ndiaffatactu.com\/index.php\/wp-json\/wp\/v2\/posts\/3548\/revisions\/3550"}],"wp:featuredmedia":[{"embeddable":true,"href":"https:\/\/www.ndiaffatactu.com\/index.php\/wp-json\/wp\/v2\/media\/3549"}],"wp:attachment":[{"href":"https:\/\/www.ndiaffatactu.com\/index.php\/wp-json\/wp\/v2\/media?parent=3548"}],"wp:term":[{"taxonomy":"category","embeddable":true,"href":"https:\/\/www.ndiaffatactu.com\/index.php\/wp-json\/wp\/v2\/categories?post=3548"},{"taxonomy":"post_tag","embeddable":true,"href":"https:\/\/www.ndiaffatactu.com\/index.php\/wp-json\/wp\/v2\/tags?post=3548"}],"curies":[{"name":"wp","href":"https:\/\/api.w.org\/{rel}","templated":true}]}}