{"id":3492,"date":"2021-11-01T17:16:58","date_gmt":"2021-11-01T17:16:58","guid":{"rendered":"https:\/\/www.ndiaffatactu.com\/?p=3492"},"modified":"2021-11-01T17:16:58","modified_gmt":"2021-11-01T17:16:58","slug":"accident-dans-le-cortege-de-sonko-2-deces-et-4-blesses-denommes","status":"publish","type":"post","link":"https:\/\/www.ndiaffatactu.com\/index.php\/2021\/11\/01\/accident-dans-le-cortege-de-sonko-2-deces-et-4-blesses-denommes\/","title":{"rendered":"Accident dans le cort\u00e8ge de Sonko : 2 d\u00e9c\u00e8s et 4 bless\u00e9s d\u00e9nomm\u00e9s"},"content":{"rendered":"<div class=\"post_header\">\n<h1><\/h1>\n<\/div>\n<div class=\"single_post_content_wrapper\">\n<div align=\"justify\"><span style=\"font-size: x-large;\">C&rsquo;est Ousmane Sonko lui m\u00eame qui a donn\u00e9 la triste nouvelle. Deux personnes sont d\u00e9c\u00e9d\u00e9es suite \u00e0 un accident de la circulation qu&rsquo;a subi son cort\u00e8ge, sur la route de Dakar.<\/p>\n<p>De retour de Ziguinchor, mon convoi a fait un accident \u00e0 trois kilom\u00e8tres de Nioro.<\/span><\/div>\n<div align=\"justify\"><span style=\"font-size: x-large;\">\u00a0<\/span><\/div>\n<div align=\"justify\"><span style=\"font-size: x-large;\">Pour le moment nous d\u00e9plorons deux d\u00e9c\u00e8s et quatre bless\u00e9s. Nous sommes meurtris mais acceptons la volont\u00e9 divine.\u00a0<\/span><\/div>\n<div align=\"justify\"><span style=\"font-size: x-large;\">\u00a0<\/span><\/div>\n<div align=\"justify\"><span style=\"font-size: x-large;\">Nous les pleurons en pensant surtout \u00e0 leurs familles.\u00a0<\/span><\/div>\n<div align=\"justify\"><span style=\"font-size: x-large;\">\u00a0<\/span><\/div>\n<div align=\"justify\"><span style=\"font-size: x-large;\">O Seigneur, O Seigneur,\u00a0 enveloppe les de ton Pardon et ta Mis\u00e9ricorde\u00a0\u00bb, a-t-il d\u00e9clar\u00e9 sur sa page Facebook.<br \/>\n<\/span><\/div>\n<div class=\"post_video\"><img decoding=\"async\" class=\"lazy lazy_started\" src=\"http:\/\/images.seneweb.com\/dynamic\/modules\/news\/images\/gen\/Papelaye\/Sonko-Cortege.JPG\" \/><\/div>\n<\/div>\n","protected":false},"excerpt":{"rendered":"<p>C&rsquo;est Ousmane Sonko lui m\u00eame qui a donn\u00e9 la triste nouvelle. Deux personnes sont d\u00e9c\u00e9d\u00e9es suite \u00e0 un accident de<\/p>\n","protected":false},"author":2,"featured_media":3494,"comment_status":"open","ping_status":"closed","sticky":false,"template":"","format":"standard","meta":{"colormag_page_container_layout":"default_layout","colormag_page_sidebar_layout":"default_layout","wprm-recipe-roundup-name":"","wprm-recipe-roundup-description":"","footnotes":""},"categories":[6,38,14,12,30],"tags":[],"class_list":["post-3492","post","type-post","status-publish","format-standard","has-post-thumbnail","hentry","category-actualites","category-necrologie","category-politique","category-recents","category-societe"],"yoast_head":"<!-- This site is optimized with the Yoast SEO plugin v27.5 - https:\/\/yoast.com\/product\/yoast-seo-wordpress\/ -->\n<title>Accident dans le cort\u00e8ge de Sonko : 2 d\u00e9c\u00e8s et 4 bless\u00e9s d\u00e9nomm\u00e9s - Ndiaffat Actu<\/title>\n<meta name=\"robots\" content=\"index, follow, max-snippet:-1, max-image-preview:large, max-video-preview:-1\" \/>\n<link rel=\"canonical\" href=\"https:\/\/www.ndiaffatactu.com\/index.php\/2021\/11\/01\/accident-dans-le-cortege-de-sonko-2-deces-et-4-blesses-denommes\/\" \/>\n<meta property=\"og:locale\" content=\"fr_FR\" \/>\n<meta property=\"og:type\" content=\"article\" \/>\n<meta property=\"og:title\" content=\"Accident dans le cort\u00e8ge de Sonko : 2 d\u00e9c\u00e8s et 4 bless\u00e9s d\u00e9nomm\u00e9s - Ndiaffat Actu\" \/>\n<meta property=\"og:description\" content=\"C&rsquo;est Ousmane Sonko lui m\u00eame qui a donn\u00e9 la triste nouvelle. Deux personnes sont d\u00e9c\u00e9d\u00e9es suite \u00e0 un accident de\" \/>\n<meta property=\"og:url\" content=\"https:\/\/www.ndiaffatactu.com\/index.php\/2021\/11\/01\/accident-dans-le-cortege-de-sonko-2-deces-et-4-blesses-denommes\/\" \/>\n<meta property=\"og:site_name\" content=\"Ndiaffat Actu\" \/>\n<meta property=\"article:published_time\" content=\"2021-11-01T17:16:58+00:00\" \/>\n<meta property=\"og:image\" content=\"https:\/\/www.ndiaffatactu.com\/wp-content\/uploads\/2021\/11\/6b09816b7935f579b4462f66cd26219194f15c79-1.jpg\" \/>\n\t<meta property=\"og:image:width\" content=\"612\" \/>\n\t<meta property=\"og:image:height\" content=\"298\" \/>\n\t<meta property=\"og:image:type\" content=\"image\/jpeg\" \/>\n<meta name=\"author\" content=\"Baidy\" \/>\n<meta name=\"twitter:card\" content=\"summary_large_image\" \/>\n<meta name=\"twitter:label1\" content=\"\u00c9crit par\" \/>\n\t<meta name=\"twitter:data1\" content=\"Baidy\" \/>\n\t<meta name=\"twitter:label2\" content=\"Dur\u00e9e de lecture estim\u00e9e\" \/>\n\t<meta name=\"twitter:data2\" content=\"1 minute\" \/>\n<script type=\"application\/ld+json\" class=\"yoast-schema-graph\">{\"@context\":\"https:\\\/\\\/schema.org\",\"@graph\":[{\"@type\":\"Article\",\"@id\":\"https:\\\/\\\/www.ndiaffatactu.com\\\/index.php\\\/2021\\\/11\\\/01\\\/accident-dans-le-cortege-de-sonko-2-deces-et-4-blesses-denommes\\\/#article\",\"isPartOf\":{\"@id\":\"https:\\\/\\\/www.ndiaffatactu.com\\\/index.php\\\/2021\\\/11\\\/01\\\/accident-dans-le-cortege-de-sonko-2-deces-et-4-blesses-denommes\\\/\"},\"author\":{\"name\":\"Baidy\",\"@id\":\"https:\\\/\\\/www.ndiaffatactu.com\\\/#\\\/schema\\\/person\\\/58070508ca42c5ea832aca50ebd5390a\"},\"headline\":\"Accident dans le cort\u00e8ge de Sonko : 2 d\u00e9c\u00e8s et 4 bless\u00e9s d\u00e9nomm\u00e9s\",\"datePublished\":\"2021-11-01T17:16:58+00:00\",\"mainEntityOfPage\":{\"@id\":\"https:\\\/\\\/www.ndiaffatactu.com\\\/index.php\\\/2021\\\/11\\\/01\\\/accident-dans-le-cortege-de-sonko-2-deces-et-4-blesses-denommes\\\/\"},\"wordCount\":118,\"commentCount\":0,\"publisher\":{\"@id\":\"https:\\\/\\\/www.ndiaffatactu.com\\\/#organization\"},\"image\":{\"@id\":\"https:\\\/\\\/www.ndiaffatactu.com\\\/index.php\\\/2021\\\/11\\\/01\\\/accident-dans-le-cortege-de-sonko-2-deces-et-4-blesses-denommes\\\/#primaryimage\"},\"thumbnailUrl\":\"https:\\\/\\\/www.ndiaffatactu.com\\\/wp-content\\\/uploads\\\/2021\\\/11\\\/6b09816b7935f579b4462f66cd26219194f15c79-1.jpg\",\"articleSection\":[\"ACTUALIT\u00c9S\",\"N\u00e9crologie\",\"Politique\",\"R\u00e9cents\",\"Soci\u00e9t\u00e9\"],\"inLanguage\":\"fr-FR\",\"potentialAction\":[{\"@type\":\"CommentAction\",\"name\":\"Comment\",\"target\":[\"https:\\\/\\\/www.ndiaffatactu.com\\\/index.php\\\/2021\\\/11\\\/01\\\/accident-dans-le-cortege-de-sonko-2-deces-et-4-blesses-denommes\\\/#respond\"]}]},{\"@type\":\"WebPage\",\"@id\":\"https:\\\/\\\/www.ndiaffatactu.com\\\/index.php\\\/2021\\\/11\\\/01\\\/accident-dans-le-cortege-de-sonko-2-deces-et-4-blesses-denommes\\\/\",\"url\":\"https:\\\/\\\/www.ndiaffatactu.com\\\/index.php\\\/2021\\\/11\\\/01\\\/accident-dans-le-cortege-de-sonko-2-deces-et-4-blesses-denommes\\\/\",\"name\":\"Accident dans le cort\u00e8ge de Sonko : 2 d\u00e9c\u00e8s et 4 bless\u00e9s d\u00e9nomm\u00e9s - Ndiaffat Actu\",\"isPartOf\":{\"@id\":\"https:\\\/\\\/www.ndiaffatactu.com\\\/#website\"},\"primaryImageOfPage\":{\"@id\":\"https:\\\/\\\/www.ndiaffatactu.com\\\/index.php\\\/2021\\\/11\\\/01\\\/accident-dans-le-cortege-de-sonko-2-deces-et-4-blesses-denommes\\\/#primaryimage\"},\"image\":{\"@id\":\"https:\\\/\\\/www.ndiaffatactu.com\\\/index.php\\\/2021\\\/11\\\/01\\\/accident-dans-le-cortege-de-sonko-2-deces-et-4-blesses-denommes\\\/#primaryimage\"},\"thumbnailUrl\":\"https:\\\/\\\/www.ndiaffatactu.com\\\/wp-content\\\/uploads\\\/2021\\\/11\\\/6b09816b7935f579b4462f66cd26219194f15c79-1.jpg\",\"datePublished\":\"2021-11-01T17:16:58+00:00\",\"breadcrumb\":{\"@id\":\"https:\\\/\\\/www.ndiaffatactu.com\\\/index.php\\\/2021\\\/11\\\/01\\\/accident-dans-le-cortege-de-sonko-2-deces-et-4-blesses-denommes\\\/#breadcrumb\"},\"inLanguage\":\"fr-FR\",\"potentialAction\":[{\"@type\":\"ReadAction\",\"target\":[\"https:\\\/\\\/www.ndiaffatactu.com\\\/index.php\\\/2021\\\/11\\\/01\\\/accident-dans-le-cortege-de-sonko-2-deces-et-4-blesses-denommes\\\/\"]}]},{\"@type\":\"ImageObject\",\"inLanguage\":\"fr-FR\",\"@id\":\"https:\\\/\\\/www.ndiaffatactu.com\\\/index.php\\\/2021\\\/11\\\/01\\\/accident-dans-le-cortege-de-sonko-2-deces-et-4-blesses-denommes\\\/#primaryimage\",\"url\":\"https:\\\/\\\/www.ndiaffatactu.com\\\/wp-content\\\/uploads\\\/2021\\\/11\\\/6b09816b7935f579b4462f66cd26219194f15c79-1.jpg\",\"contentUrl\":\"https:\\\/\\\/www.ndiaffatactu.com\\\/wp-content\\\/uploads\\\/2021\\\/11\\\/6b09816b7935f579b4462f66cd26219194f15c79-1.jpg\",\"width\":612,\"height\":298},{\"@type\":\"BreadcrumbList\",\"@id\":\"https:\\\/\\\/www.ndiaffatactu.com\\\/index.php\\\/2021\\\/11\\\/01\\\/accident-dans-le-cortege-de-sonko-2-deces-et-4-blesses-denommes\\\/#breadcrumb\",\"itemListElement\":[{\"@type\":\"ListItem\",\"position\":1,\"name\":\"Home\",\"item\":\"https:\\\/\\\/www.ndiaffatactu.com\\\/\"},{\"@type\":\"ListItem\",\"position\":2,\"name\":\"Accident dans le cort\u00e8ge de Sonko : 2 d\u00e9c\u00e8s et 4 bless\u00e9s d\u00e9nomm\u00e9s\"}]},{\"@type\":\"WebSite\",\"@id\":\"https:\\\/\\\/www.ndiaffatactu.com\\\/#website\",\"url\":\"https:\\\/\\\/www.ndiaffatactu.com\\\/\",\"name\":\"Ndiaffat Actu\",\"description\":\"L&#039;iinformation en temps r\u00e9el\",\"publisher\":{\"@id\":\"https:\\\/\\\/www.ndiaffatactu.com\\\/#organization\"},\"potentialAction\":[{\"@type\":\"SearchAction\",\"target\":{\"@type\":\"EntryPoint\",\"urlTemplate\":\"https:\\\/\\\/www.ndiaffatactu.com\\\/?s={search_term_string}\"},\"query-input\":{\"@type\":\"PropertyValueSpecification\",\"valueRequired\":true,\"valueName\":\"search_term_string\"}}],\"inLanguage\":\"fr-FR\"},{\"@type\":\"Organization\",\"@id\":\"https:\\\/\\\/www.ndiaffatactu.com\\\/#organization\",\"name\":\"Ndiaffat Actu\",\"url\":\"https:\\\/\\\/www.ndiaffatactu.com\\\/\",\"logo\":{\"@type\":\"ImageObject\",\"inLanguage\":\"fr-FR\",\"@id\":\"https:\\\/\\\/www.ndiaffatactu.com\\\/#\\\/schema\\\/logo\\\/image\\\/\",\"url\":\"https:\\\/\\\/www.ndiaffatactu.com\\\/wp-content\\\/uploads\\\/2024\\\/11\\\/cropped-BAIDY.png\",\"contentUrl\":\"https:\\\/\\\/www.ndiaffatactu.com\\\/wp-content\\\/uploads\\\/2024\\\/11\\\/cropped-BAIDY.png\",\"width\":1009,\"height\":730,\"caption\":\"Ndiaffat Actu\"},\"image\":{\"@id\":\"https:\\\/\\\/www.ndiaffatactu.com\\\/#\\\/schema\\\/logo\\\/image\\\/\"}},{\"@type\":\"Person\",\"@id\":\"https:\\\/\\\/www.ndiaffatactu.com\\\/#\\\/schema\\\/person\\\/58070508ca42c5ea832aca50ebd5390a\",\"name\":\"Baidy\",\"image\":{\"@type\":\"ImageObject\",\"inLanguage\":\"fr-FR\",\"@id\":\"https:\\\/\\\/secure.gravatar.com\\\/avatar\\\/b9f71a5a3671d82da3185d341775314a0414f0fff1c9048903ccb72d937c5717?s=96&d=mm&r=g\",\"url\":\"https:\\\/\\\/secure.gravatar.com\\\/avatar\\\/b9f71a5a3671d82da3185d341775314a0414f0fff1c9048903ccb72d937c5717?s=96&d=mm&r=g\",\"contentUrl\":\"https:\\\/\\\/secure.gravatar.com\\\/avatar\\\/b9f71a5a3671d82da3185d341775314a0414f0fff1c9048903ccb72d937c5717?s=96&d=mm&r=g\",\"caption\":\"Baidy\"},\"sameAs\":[\"https:\\\/\\\/www.ndiaffatactu.com\\\/\"],\"url\":\"https:\\\/\\\/www.ndiaffatactu.com\\\/index.php\\\/author\\\/ndiaffatactu\\\/\"}]}<\/script>\n<!-- \/ Yoast SEO plugin. -->","yoast_head_json":{"title":"Accident dans le cort\u00e8ge de Sonko : 2 d\u00e9c\u00e8s et 4 bless\u00e9s d\u00e9nomm\u00e9s - Ndiaffat Actu","robots":{"index":"index","follow":"follow","max-snippet":"max-snippet:-1","max-image-preview":"max-image-preview:large","max-video-preview":"max-video-preview:-1"},"canonical":"https:\/\/www.ndiaffatactu.com\/index.php\/2021\/11\/01\/accident-dans-le-cortege-de-sonko-2-deces-et-4-blesses-denommes\/","og_locale":"fr_FR","og_type":"article","og_title":"Accident dans le cort\u00e8ge de Sonko : 2 d\u00e9c\u00e8s et 4 bless\u00e9s d\u00e9nomm\u00e9s - Ndiaffat Actu","og_description":"C&rsquo;est Ousmane Sonko lui m\u00eame qui a donn\u00e9 la triste nouvelle. Deux personnes sont d\u00e9c\u00e9d\u00e9es suite \u00e0 un accident de","og_url":"https:\/\/www.ndiaffatactu.com\/index.php\/2021\/11\/01\/accident-dans-le-cortege-de-sonko-2-deces-et-4-blesses-denommes\/","og_site_name":"Ndiaffat Actu","article_published_time":"2021-11-01T17:16:58+00:00","og_image":[{"width":612,"height":298,"url":"https:\/\/www.ndiaffatactu.com\/wp-content\/uploads\/2021\/11\/6b09816b7935f579b4462f66cd26219194f15c79-1.jpg","type":"image\/jpeg"}],"author":"Baidy","twitter_card":"summary_large_image","twitter_misc":{"\u00c9crit par":"Baidy","Dur\u00e9e de lecture estim\u00e9e":"1 minute"},"schema":{"@context":"https:\/\/schema.org","@graph":[{"@type":"Article","@id":"https:\/\/www.ndiaffatactu.com\/index.php\/2021\/11\/01\/accident-dans-le-cortege-de-sonko-2-deces-et-4-blesses-denommes\/#article","isPartOf":{"@id":"https:\/\/www.ndiaffatactu.com\/index.php\/2021\/11\/01\/accident-dans-le-cortege-de-sonko-2-deces-et-4-blesses-denommes\/"},"author":{"name":"Baidy","@id":"https:\/\/www.ndiaffatactu.com\/#\/schema\/person\/58070508ca42c5ea832aca50ebd5390a"},"headline":"Accident dans le cort\u00e8ge de Sonko : 2 d\u00e9c\u00e8s et 4 bless\u00e9s d\u00e9nomm\u00e9s","datePublished":"2021-11-01T17:16:58+00:00","mainEntityOfPage":{"@id":"https:\/\/www.ndiaffatactu.com\/index.php\/2021\/11\/01\/accident-dans-le-cortege-de-sonko-2-deces-et-4-blesses-denommes\/"},"wordCount":118,"commentCount":0,"publisher":{"@id":"https:\/\/www.ndiaffatactu.com\/#organization"},"image":{"@id":"https:\/\/www.ndiaffatactu.com\/index.php\/2021\/11\/01\/accident-dans-le-cortege-de-sonko-2-deces-et-4-blesses-denommes\/#primaryimage"},"thumbnailUrl":"https:\/\/www.ndiaffatactu.com\/wp-content\/uploads\/2021\/11\/6b09816b7935f579b4462f66cd26219194f15c79-1.jpg","articleSection":["ACTUALIT\u00c9S","N\u00e9crologie","Politique","R\u00e9cents","Soci\u00e9t\u00e9"],"inLanguage":"fr-FR","potentialAction":[{"@type":"CommentAction","name":"Comment","target":["https:\/\/www.ndiaffatactu.com\/index.php\/2021\/11\/01\/accident-dans-le-cortege-de-sonko-2-deces-et-4-blesses-denommes\/#respond"]}]},{"@type":"WebPage","@id":"https:\/\/www.ndiaffatactu.com\/index.php\/2021\/11\/01\/accident-dans-le-cortege-de-sonko-2-deces-et-4-blesses-denommes\/","url":"https:\/\/www.ndiaffatactu.com\/index.php\/2021\/11\/01\/accident-dans-le-cortege-de-sonko-2-deces-et-4-blesses-denommes\/","name":"Accident dans le cort\u00e8ge de Sonko : 2 d\u00e9c\u00e8s et 4 bless\u00e9s d\u00e9nomm\u00e9s - Ndiaffat Actu","isPartOf":{"@id":"https:\/\/www.ndiaffatactu.com\/#website"},"primaryImageOfPage":{"@id":"https:\/\/www.ndiaffatactu.com\/index.php\/2021\/11\/01\/accident-dans-le-cortege-de-sonko-2-deces-et-4-blesses-denommes\/#primaryimage"},"image":{"@id":"https:\/\/www.ndiaffatactu.com\/index.php\/2021\/11\/01\/accident-dans-le-cortege-de-sonko-2-deces-et-4-blesses-denommes\/#primaryimage"},"thumbnailUrl":"https:\/\/www.ndiaffatactu.com\/wp-content\/uploads\/2021\/11\/6b09816b7935f579b4462f66cd26219194f15c79-1.jpg","datePublished":"2021-11-01T17:16:58+00:00","breadcrumb":{"@id":"https:\/\/www.ndiaffatactu.com\/index.php\/2021\/11\/01\/accident-dans-le-cortege-de-sonko-2-deces-et-4-blesses-denommes\/#breadcrumb"},"inLanguage":"fr-FR","potentialAction":[{"@type":"ReadAction","target":["https:\/\/www.ndiaffatactu.com\/index.php\/2021\/11\/01\/accident-dans-le-cortege-de-sonko-2-deces-et-4-blesses-denommes\/"]}]},{"@type":"ImageObject","inLanguage":"fr-FR","@id":"https:\/\/www.ndiaffatactu.com\/index.php\/2021\/11\/01\/accident-dans-le-cortege-de-sonko-2-deces-et-4-blesses-denommes\/#primaryimage","url":"https:\/\/www.ndiaffatactu.com\/wp-content\/uploads\/2021\/11\/6b09816b7935f579b4462f66cd26219194f15c79-1.jpg","contentUrl":"https:\/\/www.ndiaffatactu.com\/wp-content\/uploads\/2021\/11\/6b09816b7935f579b4462f66cd26219194f15c79-1.jpg","width":612,"height":298},{"@type":"BreadcrumbList","@id":"https:\/\/www.ndiaffatactu.com\/index.php\/2021\/11\/01\/accident-dans-le-cortege-de-sonko-2-deces-et-4-blesses-denommes\/#breadcrumb","itemListElement":[{"@type":"ListItem","position":1,"name":"Home","item":"https:\/\/www.ndiaffatactu.com\/"},{"@type":"ListItem","position":2,"name":"Accident dans le cort\u00e8ge de Sonko : 2 d\u00e9c\u00e8s et 4 bless\u00e9s d\u00e9nomm\u00e9s"}]},{"@type":"WebSite","@id":"https:\/\/www.ndiaffatactu.com\/#website","url":"https:\/\/www.ndiaffatactu.com\/","name":"Ndiaffat Actu","description":"L&#039;iinformation en temps r\u00e9el","publisher":{"@id":"https:\/\/www.ndiaffatactu.com\/#organization"},"potentialAction":[{"@type":"SearchAction","target":{"@type":"EntryPoint","urlTemplate":"https:\/\/www.ndiaffatactu.com\/?s={search_term_string}"},"query-input":{"@type":"PropertyValueSpecification","valueRequired":true,"valueName":"search_term_string"}}],"inLanguage":"fr-FR"},{"@type":"Organization","@id":"https:\/\/www.ndiaffatactu.com\/#organization","name":"Ndiaffat Actu","url":"https:\/\/www.ndiaffatactu.com\/","logo":{"@type":"ImageObject","inLanguage":"fr-FR","@id":"https:\/\/www.ndiaffatactu.com\/#\/schema\/logo\/image\/","url":"https:\/\/www.ndiaffatactu.com\/wp-content\/uploads\/2024\/11\/cropped-BAIDY.png","contentUrl":"https:\/\/www.ndiaffatactu.com\/wp-content\/uploads\/2024\/11\/cropped-BAIDY.png","width":1009,"height":730,"caption":"Ndiaffat Actu"},"image":{"@id":"https:\/\/www.ndiaffatactu.com\/#\/schema\/logo\/image\/"}},{"@type":"Person","@id":"https:\/\/www.ndiaffatactu.com\/#\/schema\/person\/58070508ca42c5ea832aca50ebd5390a","name":"Baidy","image":{"@type":"ImageObject","inLanguage":"fr-FR","@id":"https:\/\/secure.gravatar.com\/avatar\/b9f71a5a3671d82da3185d341775314a0414f0fff1c9048903ccb72d937c5717?s=96&d=mm&r=g","url":"https:\/\/secure.gravatar.com\/avatar\/b9f71a5a3671d82da3185d341775314a0414f0fff1c9048903ccb72d937c5717?s=96&d=mm&r=g","contentUrl":"https:\/\/secure.gravatar.com\/avatar\/b9f71a5a3671d82da3185d341775314a0414f0fff1c9048903ccb72d937c5717?s=96&d=mm&r=g","caption":"Baidy"},"sameAs":["https:\/\/www.ndiaffatactu.com\/"],"url":"https:\/\/www.ndiaffatactu.com\/index.php\/author\/ndiaffatactu\/"}]}},"_links":{"self":[{"href":"https:\/\/www.ndiaffatactu.com\/index.php\/wp-json\/wp\/v2\/posts\/3492","targetHints":{"allow":["GET"]}}],"collection":[{"href":"https:\/\/www.ndiaffatactu.com\/index.php\/wp-json\/wp\/v2\/posts"}],"about":[{"href":"https:\/\/www.ndiaffatactu.com\/index.php\/wp-json\/wp\/v2\/types\/post"}],"author":[{"embeddable":true,"href":"https:\/\/www.ndiaffatactu.com\/index.php\/wp-json\/wp\/v2\/users\/2"}],"replies":[{"embeddable":true,"href":"https:\/\/www.ndiaffatactu.com\/index.php\/wp-json\/wp\/v2\/comments?post=3492"}],"version-history":[{"count":1,"href":"https:\/\/www.ndiaffatactu.com\/index.php\/wp-json\/wp\/v2\/posts\/3492\/revisions"}],"predecessor-version":[{"id":3495,"href":"https:\/\/www.ndiaffatactu.com\/index.php\/wp-json\/wp\/v2\/posts\/3492\/revisions\/3495"}],"wp:featuredmedia":[{"embeddable":true,"href":"https:\/\/www.ndiaffatactu.com\/index.php\/wp-json\/wp\/v2\/media\/3494"}],"wp:attachment":[{"href":"https:\/\/www.ndiaffatactu.com\/index.php\/wp-json\/wp\/v2\/media?parent=3492"}],"wp:term":[{"taxonomy":"category","embeddable":true,"href":"https:\/\/www.ndiaffatactu.com\/index.php\/wp-json\/wp\/v2\/categories?post=3492"},{"taxonomy":"post_tag","embeddable":true,"href":"https:\/\/www.ndiaffatactu.com\/index.php\/wp-json\/wp\/v2\/tags?post=3492"}],"curies":[{"name":"wp","href":"https:\/\/api.w.org\/{rel}","templated":true}]}}