{"id":3413,"date":"2021-10-26T13:38:43","date_gmt":"2021-10-26T13:38:43","guid":{"rendered":"https:\/\/www.ndiaffatactu.com\/?p=3413"},"modified":"2021-10-26T13:38:43","modified_gmt":"2021-10-26T13:38:43","slug":"parcours-et-biographie-de-lacteur-holywoodien-amadou-ly","status":"publish","type":"post","link":"https:\/\/www.ndiaffatactu.com\/index.php\/2021\/10\/26\/parcours-et-biographie-de-lacteur-holywoodien-amadou-ly\/","title":{"rendered":"PARCOURS ET BIOGRAPHIE DE L&rsquo;ACTEUR HOLYWOODIEN AMADOU LY"},"content":{"rendered":"<h2>Amadou Ly est n\u00e9 au S\u00e9n\u00e9gal en 1988. En 2001, il s&rsquo;installe \u00e0 New York o\u00f9 il fr\u00e9quente l&rsquo;universit\u00e9. En 2006, M. Ly a fait la une du New York Times et a re\u00e7u une attention internationale apr\u00e8s que son \u00e9quipe robotique du lyc\u00e9e qu&rsquo;il dirigeait ait remport\u00e9 le championnat r\u00e9gional de robotique de New York en surclassant les \u00e9coles am\u00e9ricaines les plus \u00e9litistes. Malheureusement, \u00e0 l&rsquo;\u00e9poque, M. Ly avait une affaire d&rsquo;immigration active et faisait face \u00e0 une expulsion, ce qui lui a permis de voyager et de concourir \u00e0 l&rsquo;\u00e9chelle internationale.<\/h2>\n<p><a href=\"https:\/\/www.ndiaffatactu.com\/wp-content\/uploads\/2021\/10\/WhatsApp-Image-2021-10-24-at-01.11.11-2.jpeg\"><img fetchpriority=\"high\" decoding=\"async\" class=\"aligncenter wp-image-3414 size-full\" src=\"https:\/\/www.ndiaffatactu.com\/wp-content\/uploads\/2021\/10\/WhatsApp-Image-2021-10-24-at-01.11.11-2.jpeg\" alt=\"\" width=\"584\" height=\"388\" srcset=\"https:\/\/www.ndiaffatactu.com\/wp-content\/uploads\/2021\/10\/WhatsApp-Image-2021-10-24-at-01.11.11-2.jpeg 584w, https:\/\/www.ndiaffatactu.com\/wp-content\/uploads\/2021\/10\/WhatsApp-Image-2021-10-24-at-01.11.11-2-300x199.jpeg 300w\" sizes=\"(max-width: 584px) 100vw, 584px\" \/><\/a><\/p>\n<h2>Des millions d&rsquo;Am\u00e9ricains, dont le pr\u00e9sident George Bush de l&rsquo;\u00e9poque, la s\u00e9natrice Hillary Clinton ainsi que des membres du Congr\u00e8s, des superstars hollywoodiennes dont Angelina Jolie et Brad Pitt sont venus \u00e0 son secours. Le Congr\u00e8s des \u00c9tats-Unis a pr\u00e9sent\u00e9 un projet de loi au nom d&rsquo;Amadou et, par cons\u00e9quent, M. Ly a re\u00e7u sa citoyennet\u00e9 am\u00e9ricaine. Le Congr\u00e8s des \u00c9tats-Unis lui a remis le certificat de reconnaissance sp\u00e9ciale du Congr\u00e8s, qui est l&rsquo;une des plus hautes distinctions aux \u00c9tats-Unis.<\/h2>\n<p>&lt;iframe width=\u00a0\u00bb750&Prime; height=\u00a0\u00bb425&Prime; src=\u00a0\u00bbhttps:\/\/www.youtube.com\/embed\/I8nDbOo2hZ8&Prime; title=\u00a0\u00bbYouTube video player\u00a0\u00bb frameborder=\u00a0\u00bb0&Prime; allow=\u00a0\u00bbaccelerometer; autoplay; clipboard-write; encrypted-media; gyroscope; picture-in-picture\u00a0\u00bb allowfullscreen&gt;&lt;\/iframe&gt;<\/p>\n<p><a href=\"https:\/\/www.ndiaffatactu.com\/wp-content\/uploads\/2021\/10\/WhatsApp-Image-2021-10-24-at-01.11.14.jpeg\"><img decoding=\"async\" class=\"aligncenter wp-image-3415 size-full\" src=\"https:\/\/www.ndiaffatactu.com\/wp-content\/uploads\/2021\/10\/WhatsApp-Image-2021-10-24-at-01.11.14.jpeg\" alt=\"\" width=\"828\" height=\"831\" srcset=\"https:\/\/www.ndiaffatactu.com\/wp-content\/uploads\/2021\/10\/WhatsApp-Image-2021-10-24-at-01.11.14.jpeg 828w, https:\/\/www.ndiaffatactu.com\/wp-content\/uploads\/2021\/10\/WhatsApp-Image-2021-10-24-at-01.11.14-300x300.jpeg 300w, https:\/\/www.ndiaffatactu.com\/wp-content\/uploads\/2021\/10\/WhatsApp-Image-2021-10-24-at-01.11.14-150x150.jpeg 150w, https:\/\/www.ndiaffatactu.com\/wp-content\/uploads\/2021\/10\/WhatsApp-Image-2021-10-24-at-01.11.14-768x771.jpeg 768w\" sizes=\"(max-width: 828px) 100vw, 828px\" \/><\/a><\/p>\n<h2>En outre, il a \u00e9t\u00e9 soutenu par la communaut\u00e9 s\u00e9n\u00e9galaise avec un soutien tr\u00e8s sp\u00e9cial du pr\u00e9sident de l&rsquo;\u00e9poque Abdoulaye Wade qui l&rsquo;a invit\u00e9 \u00e0 visiter le S\u00e9n\u00e9gal en 2009. M. Ly a d\u00e9m\u00e9nag\u00e9 \u00e0 Hollywood pour poursuivre une carri\u00e8re d&rsquo;acteur, il a jou\u00e9 le r\u00f4le d&rsquo;Henri, un vampire fran\u00e7ais dans le film \u00e0 succ\u00e8s Twilight: Breaking Dawn. Le film a g\u00e9n\u00e9r\u00e9 plus de 1,7 milliard de dollars dans le monde ce que lui a valu l\u2019achat de l\u2019histoire de sa vie par Universal Studios qui en a fait un film.<\/h2>\n<h2><a href=\"https:\/\/www.ndiaffatactu.com\/wp-content\/uploads\/2021\/10\/WhatsApp-Image-2021-10-24-at-01.11.11-3.jpeg\">&lt;iframe width=\u00a0\u00bb750&Prime; height=\u00a0\u00bb425&Prime; src=\u00a0\u00bbhttps:\/\/www.youtube.com\/embed\/a79O_WQkgvM\u00a0\u00bb title=\u00a0\u00bbYouTube video player\u00a0\u00bb frameborder=\u00a0\u00bb0&Prime; allow=\u00a0\u00bbaccelerometer; autoplay; clipboard-write; encrypted-media; gyroscope; picture-in-picture\u00a0\u00bb allowfullscreen&gt;&lt;\/iframe&gt;<br \/>\n<img decoding=\"async\" class=\"aligncenter wp-image-3416 size-full\" src=\"https:\/\/www.ndiaffatactu.com\/wp-content\/uploads\/2021\/10\/WhatsApp-Image-2021-10-24-at-01.11.11-3.jpeg\" alt=\"\" width=\"828\" height=\"820\" srcset=\"https:\/\/www.ndiaffatactu.com\/wp-content\/uploads\/2021\/10\/WhatsApp-Image-2021-10-24-at-01.11.11-3.jpeg 828w, https:\/\/www.ndiaffatactu.com\/wp-content\/uploads\/2021\/10\/WhatsApp-Image-2021-10-24-at-01.11.11-3-300x297.jpeg 300w, https:\/\/www.ndiaffatactu.com\/wp-content\/uploads\/2021\/10\/WhatsApp-Image-2021-10-24-at-01.11.11-3-150x150.jpeg 150w, https:\/\/www.ndiaffatactu.com\/wp-content\/uploads\/2021\/10\/WhatsApp-Image-2021-10-24-at-01.11.11-3-768x761.jpeg 768w\" sizes=\"(max-width: 828px) 100vw, 828px\" \/><\/a> <a href=\"https:\/\/www.ndiaffatactu.com\/wp-content\/uploads\/2021\/10\/WhatsApp-Image-2021-10-24-at-01.11.11.jpeg\"><img loading=\"lazy\" decoding=\"async\" class=\"aligncenter wp-image-3417 size-full\" src=\"https:\/\/www.ndiaffatactu.com\/wp-content\/uploads\/2021\/10\/WhatsApp-Image-2021-10-24-at-01.11.11.jpeg\" alt=\"\" width=\"828\" height=\"834\" srcset=\"https:\/\/www.ndiaffatactu.com\/wp-content\/uploads\/2021\/10\/WhatsApp-Image-2021-10-24-at-01.11.11.jpeg 828w, https:\/\/www.ndiaffatactu.com\/wp-content\/uploads\/2021\/10\/WhatsApp-Image-2021-10-24-at-01.11.11-298x300.jpeg 298w, https:\/\/www.ndiaffatactu.com\/wp-content\/uploads\/2021\/10\/WhatsApp-Image-2021-10-24-at-01.11.11-150x150.jpeg 150w, https:\/\/www.ndiaffatactu.com\/wp-content\/uploads\/2021\/10\/WhatsApp-Image-2021-10-24-at-01.11.11-768x774.jpeg 768w\" sizes=\"(max-width: 828px) 100vw, 828px\" \/><\/a><\/h2>\n<h2>En plus d&rsquo;\u00eatre un acteur et fortement impliqu\u00e9 dans les arts, M. Ly est un activiste tr\u00e8s franc qui se bat pour les droits de l&rsquo;homme. En 2020, apr\u00e8s la mort de George Floyd, M. Ly, qui est un leader tr\u00e8s en vue de Black Lives Matter, a conduit des millions d&rsquo;Am\u00e9ricains \u00e0 exercer leur libert\u00e9 d&rsquo;expression et a fait la une du Los Angeles Times. M. Ly a re\u00e7u le prix du leadership de l&rsquo;American Immigration Council.<\/h2>\n<p><a href=\"https:\/\/www.ndiaffatactu.com\/wp-content\/uploads\/2021\/10\/WhatsApp-Image-2021-10-24-at-01.11.13-2.jpeg\"><img loading=\"lazy\" decoding=\"async\" class=\"aligncenter wp-image-3418 size-full\" src=\"https:\/\/www.ndiaffatactu.com\/wp-content\/uploads\/2021\/10\/WhatsApp-Image-2021-10-24-at-01.11.13-2.jpeg\" alt=\"\" width=\"828\" height=\"883\" srcset=\"https:\/\/www.ndiaffatactu.com\/wp-content\/uploads\/2021\/10\/WhatsApp-Image-2021-10-24-at-01.11.13-2.jpeg 828w, https:\/\/www.ndiaffatactu.com\/wp-content\/uploads\/2021\/10\/WhatsApp-Image-2021-10-24-at-01.11.13-2-281x300.jpeg 281w, https:\/\/www.ndiaffatactu.com\/wp-content\/uploads\/2021\/10\/WhatsApp-Image-2021-10-24-at-01.11.13-2-768x819.jpeg 768w\" sizes=\"(max-width: 828px) 100vw, 828px\" \/><\/a> <a href=\"https:\/\/www.ndiaffatactu.com\/wp-content\/uploads\/2021\/10\/WhatsApp-Image-2021-10-24-at-01.11.13-3.jpeg\"><img loading=\"lazy\" decoding=\"async\" class=\"aligncenter wp-image-3419 size-full\" src=\"https:\/\/www.ndiaffatactu.com\/wp-content\/uploads\/2021\/10\/WhatsApp-Image-2021-10-24-at-01.11.13-3.jpeg\" alt=\"\" width=\"828\" height=\"1040\" srcset=\"https:\/\/www.ndiaffatactu.com\/wp-content\/uploads\/2021\/10\/WhatsApp-Image-2021-10-24-at-01.11.13-3.jpeg 828w, https:\/\/www.ndiaffatactu.com\/wp-content\/uploads\/2021\/10\/WhatsApp-Image-2021-10-24-at-01.11.13-3-239x300.jpeg 239w, https:\/\/www.ndiaffatactu.com\/wp-content\/uploads\/2021\/10\/WhatsApp-Image-2021-10-24-at-01.11.13-3-815x1024.jpeg 815w, https:\/\/www.ndiaffatactu.com\/wp-content\/uploads\/2021\/10\/WhatsApp-Image-2021-10-24-at-01.11.13-3-768x965.jpeg 768w\" sizes=\"(max-width: 828px) 100vw, 828px\" \/><\/a><\/p>\n<h2>Bien que M. Ly ait voyag\u00e9 dans plus de vingt pays, sont patriotisme S\u00e9n\u00e9galais reste inchang\u00e9. En tant que leader de la communaut\u00e9 afro-am\u00e9ricaine, M. Ly croit que relier les Africains de la diaspora \u00e0 leurs racines formerait une puissance \u00e9conomique et culturelle ind\u00e9niable.<br \/>\nC&rsquo;est pr\u00e9sentement le s\u00e9n\u00e9galais avec le plus de r\u00e9compenses.<br \/>\nIl a aussi re\u00e7u La Congressional R\u00e9cognition Award, le plus grand prix officiel d\u00e9cern\u00e9 \u00e0 un jeune comme lui.<a href=\"https:\/\/www.ndiaffatactu.com\/wp-content\/uploads\/2021\/10\/WhatsApp-Image-2021-10-24-at-01.11.12-2.jpeg\"><img loading=\"lazy\" decoding=\"async\" class=\"aligncenter wp-image-3420 size-full\" src=\"https:\/\/www.ndiaffatactu.com\/wp-content\/uploads\/2021\/10\/WhatsApp-Image-2021-10-24-at-01.11.12-2.jpeg\" alt=\"\" width=\"828\" height=\"828\" srcset=\"https:\/\/www.ndiaffatactu.com\/wp-content\/uploads\/2021\/10\/WhatsApp-Image-2021-10-24-at-01.11.12-2.jpeg 828w, https:\/\/www.ndiaffatactu.com\/wp-content\/uploads\/2021\/10\/WhatsApp-Image-2021-10-24-at-01.11.12-2-300x300.jpeg 300w, https:\/\/www.ndiaffatactu.com\/wp-content\/uploads\/2021\/10\/WhatsApp-Image-2021-10-24-at-01.11.12-2-150x150.jpeg 150w, https:\/\/www.ndiaffatactu.com\/wp-content\/uploads\/2021\/10\/WhatsApp-Image-2021-10-24-at-01.11.12-2-768x768.jpeg 768w\" sizes=\"(max-width: 828px) 100vw, 828px\" \/><\/a> <a href=\"https:\/\/www.ndiaffatactu.com\/wp-content\/uploads\/2021\/10\/WhatsApp-Image-2021-10-24-at-01.11.12.jpeg\"><img loading=\"lazy\" decoding=\"async\" class=\"aligncenter wp-image-3421 size-full\" src=\"https:\/\/www.ndiaffatactu.com\/wp-content\/uploads\/2021\/10\/WhatsApp-Image-2021-10-24-at-01.11.12.jpeg\" alt=\"\" width=\"1080\" height=\"1080\" srcset=\"https:\/\/www.ndiaffatactu.com\/wp-content\/uploads\/2021\/10\/WhatsApp-Image-2021-10-24-at-01.11.12.jpeg 1080w, https:\/\/www.ndiaffatactu.com\/wp-content\/uploads\/2021\/10\/WhatsApp-Image-2021-10-24-at-01.11.12-300x300.jpeg 300w, https:\/\/www.ndiaffatactu.com\/wp-content\/uploads\/2021\/10\/WhatsApp-Image-2021-10-24-at-01.11.12-1024x1024.jpeg 1024w, https:\/\/www.ndiaffatactu.com\/wp-content\/uploads\/2021\/10\/WhatsApp-Image-2021-10-24-at-01.11.12-150x150.jpeg 150w, https:\/\/www.ndiaffatactu.com\/wp-content\/uploads\/2021\/10\/WhatsApp-Image-2021-10-24-at-01.11.12-768x768.jpeg 768w\" sizes=\"(max-width: 1080px) 100vw, 1080px\" \/><\/a><\/h2>\n<p><iframe title=\"L&#039;ACTEUR SENEGALAIS AMADOU LY DEFENDANT LES CAUSES DES AFRO-AMERICAINS\" width=\"800\" height=\"450\" src=\"https:\/\/www.youtube.com\/embed\/edCfH4w9-kA?feature=oembed\" frameborder=\"0\" allow=\"accelerometer; autoplay; clipboard-write; encrypted-media; gyroscope; picture-in-picture\" allowfullscreen><\/iframe><\/p>\n","protected":false},"excerpt":{"rendered":"<p>Amadou Ly est n\u00e9 au S\u00e9n\u00e9gal en 1988. En 2001, il s&rsquo;installe \u00e0 New York o\u00f9 il fr\u00e9quente l&rsquo;universit\u00e9. En<\/p>\n","protected":false},"author":2,"featured_media":3422,"comment_status":"open","ping_status":"closed","sticky":false,"template":"","format":"standard","meta":{"colormag_page_container_layout":"default_layout","colormag_page_sidebar_layout":"default_layout","wprm-recipe-roundup-name":"","wprm-recipe-roundup-description":"","footnotes":""},"categories":[6,68,5,12],"tags":[],"class_list":["post-3413","post","type-post","status-publish","format-standard","has-post-thumbnail","hentry","category-actualites","category-cinema","category-people","category-recents"],"yoast_head":"<!-- This site is optimized with the Yoast SEO plugin v27.5 - https:\/\/yoast.com\/product\/yoast-seo-wordpress\/ -->\n<title>PARCOURS ET BIOGRAPHIE DE L&#039;ACTEUR HOLYWOODIEN AMADOU LY - Ndiaffat Actu<\/title>\n<meta name=\"robots\" content=\"index, follow, max-snippet:-1, max-image-preview:large, max-video-preview:-1\" \/>\n<link rel=\"canonical\" href=\"https:\/\/www.ndiaffatactu.com\/index.php\/2021\/10\/26\/parcours-et-biographie-de-lacteur-holywoodien-amadou-ly\/\" \/>\n<meta property=\"og:locale\" content=\"fr_FR\" \/>\n<meta property=\"og:type\" content=\"article\" \/>\n<meta property=\"og:title\" content=\"PARCOURS ET BIOGRAPHIE DE L&#039;ACTEUR HOLYWOODIEN AMADOU LY - Ndiaffat Actu\" \/>\n<meta property=\"og:description\" content=\"Amadou Ly est n\u00e9 au S\u00e9n\u00e9gal en 1988. En 2001, il s&rsquo;installe \u00e0 New York o\u00f9 il fr\u00e9quente l&rsquo;universit\u00e9. En\" \/>\n<meta property=\"og:url\" content=\"https:\/\/www.ndiaffatactu.com\/index.php\/2021\/10\/26\/parcours-et-biographie-de-lacteur-holywoodien-amadou-ly\/\" \/>\n<meta property=\"og:site_name\" content=\"Ndiaffat Actu\" \/>\n<meta property=\"article:published_time\" content=\"2021-10-26T13:38:43+00:00\" \/>\n<meta property=\"og:image\" content=\"https:\/\/www.ndiaffatactu.com\/wp-content\/uploads\/2021\/10\/Capture-decran-2021-10-26-a-13.34.46.png\" \/>\n\t<meta property=\"og:image:width\" content=\"374\" \/>\n\t<meta property=\"og:image:height\" content=\"213\" \/>\n\t<meta property=\"og:image:type\" content=\"image\/png\" \/>\n<meta name=\"author\" content=\"Baidy\" \/>\n<meta name=\"twitter:card\" content=\"summary_large_image\" \/>\n<meta name=\"twitter:label1\" content=\"\u00c9crit par\" \/>\n\t<meta name=\"twitter:data1\" content=\"Baidy\" \/>\n\t<meta name=\"twitter:label2\" content=\"Dur\u00e9e de lecture estim\u00e9e\" \/>\n\t<meta name=\"twitter:data2\" content=\"4 minutes\" \/>\n<script type=\"application\/ld+json\" class=\"yoast-schema-graph\">{\"@context\":\"https:\\\/\\\/schema.org\",\"@graph\":[{\"@type\":\"Article\",\"@id\":\"https:\\\/\\\/www.ndiaffatactu.com\\\/index.php\\\/2021\\\/10\\\/26\\\/parcours-et-biographie-de-lacteur-holywoodien-amadou-ly\\\/#article\",\"isPartOf\":{\"@id\":\"https:\\\/\\\/www.ndiaffatactu.com\\\/index.php\\\/2021\\\/10\\\/26\\\/parcours-et-biographie-de-lacteur-holywoodien-amadou-ly\\\/\"},\"author\":{\"name\":\"Baidy\",\"@id\":\"https:\\\/\\\/www.ndiaffatactu.com\\\/#\\\/schema\\\/person\\\/58070508ca42c5ea832aca50ebd5390a\"},\"headline\":\"PARCOURS ET BIOGRAPHIE DE L&rsquo;ACTEUR HOLYWOODIEN AMADOU LY\",\"datePublished\":\"2021-10-26T13:38:43+00:00\",\"mainEntityOfPage\":{\"@id\":\"https:\\\/\\\/www.ndiaffatactu.com\\\/index.php\\\/2021\\\/10\\\/26\\\/parcours-et-biographie-de-lacteur-holywoodien-amadou-ly\\\/\"},\"wordCount\":545,\"commentCount\":0,\"publisher\":{\"@id\":\"https:\\\/\\\/www.ndiaffatactu.com\\\/#organization\"},\"image\":{\"@id\":\"https:\\\/\\\/www.ndiaffatactu.com\\\/index.php\\\/2021\\\/10\\\/26\\\/parcours-et-biographie-de-lacteur-holywoodien-amadou-ly\\\/#primaryimage\"},\"thumbnailUrl\":\"https:\\\/\\\/www.ndiaffatactu.com\\\/wp-content\\\/uploads\\\/2021\\\/10\\\/Capture-decran-2021-10-26-a-13.34.46.png\",\"articleSection\":[\"ACTUALIT\u00c9S\",\"Cinema\",\"People\",\"R\u00e9cents\"],\"inLanguage\":\"fr-FR\",\"potentialAction\":[{\"@type\":\"CommentAction\",\"name\":\"Comment\",\"target\":[\"https:\\\/\\\/www.ndiaffatactu.com\\\/index.php\\\/2021\\\/10\\\/26\\\/parcours-et-biographie-de-lacteur-holywoodien-amadou-ly\\\/#respond\"]}]},{\"@type\":\"WebPage\",\"@id\":\"https:\\\/\\\/www.ndiaffatactu.com\\\/index.php\\\/2021\\\/10\\\/26\\\/parcours-et-biographie-de-lacteur-holywoodien-amadou-ly\\\/\",\"url\":\"https:\\\/\\\/www.ndiaffatactu.com\\\/index.php\\\/2021\\\/10\\\/26\\\/parcours-et-biographie-de-lacteur-holywoodien-amadou-ly\\\/\",\"name\":\"PARCOURS ET BIOGRAPHIE DE L'ACTEUR HOLYWOODIEN AMADOU LY - Ndiaffat Actu\",\"isPartOf\":{\"@id\":\"https:\\\/\\\/www.ndiaffatactu.com\\\/#website\"},\"primaryImageOfPage\":{\"@id\":\"https:\\\/\\\/www.ndiaffatactu.com\\\/index.php\\\/2021\\\/10\\\/26\\\/parcours-et-biographie-de-lacteur-holywoodien-amadou-ly\\\/#primaryimage\"},\"image\":{\"@id\":\"https:\\\/\\\/www.ndiaffatactu.com\\\/index.php\\\/2021\\\/10\\\/26\\\/parcours-et-biographie-de-lacteur-holywoodien-amadou-ly\\\/#primaryimage\"},\"thumbnailUrl\":\"https:\\\/\\\/www.ndiaffatactu.com\\\/wp-content\\\/uploads\\\/2021\\\/10\\\/Capture-decran-2021-10-26-a-13.34.46.png\",\"datePublished\":\"2021-10-26T13:38:43+00:00\",\"breadcrumb\":{\"@id\":\"https:\\\/\\\/www.ndiaffatactu.com\\\/index.php\\\/2021\\\/10\\\/26\\\/parcours-et-biographie-de-lacteur-holywoodien-amadou-ly\\\/#breadcrumb\"},\"inLanguage\":\"fr-FR\",\"potentialAction\":[{\"@type\":\"ReadAction\",\"target\":[\"https:\\\/\\\/www.ndiaffatactu.com\\\/index.php\\\/2021\\\/10\\\/26\\\/parcours-et-biographie-de-lacteur-holywoodien-amadou-ly\\\/\"]}]},{\"@type\":\"ImageObject\",\"inLanguage\":\"fr-FR\",\"@id\":\"https:\\\/\\\/www.ndiaffatactu.com\\\/index.php\\\/2021\\\/10\\\/26\\\/parcours-et-biographie-de-lacteur-holywoodien-amadou-ly\\\/#primaryimage\",\"url\":\"https:\\\/\\\/www.ndiaffatactu.com\\\/wp-content\\\/uploads\\\/2021\\\/10\\\/Capture-decran-2021-10-26-a-13.34.46.png\",\"contentUrl\":\"https:\\\/\\\/www.ndiaffatactu.com\\\/wp-content\\\/uploads\\\/2021\\\/10\\\/Capture-decran-2021-10-26-a-13.34.46.png\",\"width\":374,\"height\":213},{\"@type\":\"BreadcrumbList\",\"@id\":\"https:\\\/\\\/www.ndiaffatactu.com\\\/index.php\\\/2021\\\/10\\\/26\\\/parcours-et-biographie-de-lacteur-holywoodien-amadou-ly\\\/#breadcrumb\",\"itemListElement\":[{\"@type\":\"ListItem\",\"position\":1,\"name\":\"Home\",\"item\":\"https:\\\/\\\/www.ndiaffatactu.com\\\/\"},{\"@type\":\"ListItem\",\"position\":2,\"name\":\"PARCOURS ET BIOGRAPHIE DE L&rsquo;ACTEUR HOLYWOODIEN AMADOU LY\"}]},{\"@type\":\"WebSite\",\"@id\":\"https:\\\/\\\/www.ndiaffatactu.com\\\/#website\",\"url\":\"https:\\\/\\\/www.ndiaffatactu.com\\\/\",\"name\":\"Ndiaffat Actu\",\"description\":\"L&#039;iinformation en temps r\u00e9el\",\"publisher\":{\"@id\":\"https:\\\/\\\/www.ndiaffatactu.com\\\/#organization\"},\"potentialAction\":[{\"@type\":\"SearchAction\",\"target\":{\"@type\":\"EntryPoint\",\"urlTemplate\":\"https:\\\/\\\/www.ndiaffatactu.com\\\/?s={search_term_string}\"},\"query-input\":{\"@type\":\"PropertyValueSpecification\",\"valueRequired\":true,\"valueName\":\"search_term_string\"}}],\"inLanguage\":\"fr-FR\"},{\"@type\":\"Organization\",\"@id\":\"https:\\\/\\\/www.ndiaffatactu.com\\\/#organization\",\"name\":\"Ndiaffat Actu\",\"url\":\"https:\\\/\\\/www.ndiaffatactu.com\\\/\",\"logo\":{\"@type\":\"ImageObject\",\"inLanguage\":\"fr-FR\",\"@id\":\"https:\\\/\\\/www.ndiaffatactu.com\\\/#\\\/schema\\\/logo\\\/image\\\/\",\"url\":\"https:\\\/\\\/www.ndiaffatactu.com\\\/wp-content\\\/uploads\\\/2024\\\/11\\\/cropped-BAIDY.png\",\"contentUrl\":\"https:\\\/\\\/www.ndiaffatactu.com\\\/wp-content\\\/uploads\\\/2024\\\/11\\\/cropped-BAIDY.png\",\"width\":1009,\"height\":730,\"caption\":\"Ndiaffat Actu\"},\"image\":{\"@id\":\"https:\\\/\\\/www.ndiaffatactu.com\\\/#\\\/schema\\\/logo\\\/image\\\/\"}},{\"@type\":\"Person\",\"@id\":\"https:\\\/\\\/www.ndiaffatactu.com\\\/#\\\/schema\\\/person\\\/58070508ca42c5ea832aca50ebd5390a\",\"name\":\"Baidy\",\"image\":{\"@type\":\"ImageObject\",\"inLanguage\":\"fr-FR\",\"@id\":\"https:\\\/\\\/secure.gravatar.com\\\/avatar\\\/b9f71a5a3671d82da3185d341775314a0414f0fff1c9048903ccb72d937c5717?s=96&d=mm&r=g\",\"url\":\"https:\\\/\\\/secure.gravatar.com\\\/avatar\\\/b9f71a5a3671d82da3185d341775314a0414f0fff1c9048903ccb72d937c5717?s=96&d=mm&r=g\",\"contentUrl\":\"https:\\\/\\\/secure.gravatar.com\\\/avatar\\\/b9f71a5a3671d82da3185d341775314a0414f0fff1c9048903ccb72d937c5717?s=96&d=mm&r=g\",\"caption\":\"Baidy\"},\"sameAs\":[\"https:\\\/\\\/www.ndiaffatactu.com\\\/\"],\"url\":\"https:\\\/\\\/www.ndiaffatactu.com\\\/index.php\\\/author\\\/ndiaffatactu\\\/\"}]}<\/script>\n<!-- \/ Yoast SEO plugin. -->","yoast_head_json":{"title":"PARCOURS ET BIOGRAPHIE DE L'ACTEUR HOLYWOODIEN AMADOU LY - Ndiaffat Actu","robots":{"index":"index","follow":"follow","max-snippet":"max-snippet:-1","max-image-preview":"max-image-preview:large","max-video-preview":"max-video-preview:-1"},"canonical":"https:\/\/www.ndiaffatactu.com\/index.php\/2021\/10\/26\/parcours-et-biographie-de-lacteur-holywoodien-amadou-ly\/","og_locale":"fr_FR","og_type":"article","og_title":"PARCOURS ET BIOGRAPHIE DE L'ACTEUR HOLYWOODIEN AMADOU LY - Ndiaffat Actu","og_description":"Amadou Ly est n\u00e9 au S\u00e9n\u00e9gal en 1988. En 2001, il s&rsquo;installe \u00e0 New York o\u00f9 il fr\u00e9quente l&rsquo;universit\u00e9. En","og_url":"https:\/\/www.ndiaffatactu.com\/index.php\/2021\/10\/26\/parcours-et-biographie-de-lacteur-holywoodien-amadou-ly\/","og_site_name":"Ndiaffat Actu","article_published_time":"2021-10-26T13:38:43+00:00","og_image":[{"width":374,"height":213,"url":"https:\/\/www.ndiaffatactu.com\/wp-content\/uploads\/2021\/10\/Capture-decran-2021-10-26-a-13.34.46.png","type":"image\/png"}],"author":"Baidy","twitter_card":"summary_large_image","twitter_misc":{"\u00c9crit par":"Baidy","Dur\u00e9e de lecture estim\u00e9e":"4 minutes"},"schema":{"@context":"https:\/\/schema.org","@graph":[{"@type":"Article","@id":"https:\/\/www.ndiaffatactu.com\/index.php\/2021\/10\/26\/parcours-et-biographie-de-lacteur-holywoodien-amadou-ly\/#article","isPartOf":{"@id":"https:\/\/www.ndiaffatactu.com\/index.php\/2021\/10\/26\/parcours-et-biographie-de-lacteur-holywoodien-amadou-ly\/"},"author":{"name":"Baidy","@id":"https:\/\/www.ndiaffatactu.com\/#\/schema\/person\/58070508ca42c5ea832aca50ebd5390a"},"headline":"PARCOURS ET BIOGRAPHIE DE L&rsquo;ACTEUR HOLYWOODIEN AMADOU LY","datePublished":"2021-10-26T13:38:43+00:00","mainEntityOfPage":{"@id":"https:\/\/www.ndiaffatactu.com\/index.php\/2021\/10\/26\/parcours-et-biographie-de-lacteur-holywoodien-amadou-ly\/"},"wordCount":545,"commentCount":0,"publisher":{"@id":"https:\/\/www.ndiaffatactu.com\/#organization"},"image":{"@id":"https:\/\/www.ndiaffatactu.com\/index.php\/2021\/10\/26\/parcours-et-biographie-de-lacteur-holywoodien-amadou-ly\/#primaryimage"},"thumbnailUrl":"https:\/\/www.ndiaffatactu.com\/wp-content\/uploads\/2021\/10\/Capture-decran-2021-10-26-a-13.34.46.png","articleSection":["ACTUALIT\u00c9S","Cinema","People","R\u00e9cents"],"inLanguage":"fr-FR","potentialAction":[{"@type":"CommentAction","name":"Comment","target":["https:\/\/www.ndiaffatactu.com\/index.php\/2021\/10\/26\/parcours-et-biographie-de-lacteur-holywoodien-amadou-ly\/#respond"]}]},{"@type":"WebPage","@id":"https:\/\/www.ndiaffatactu.com\/index.php\/2021\/10\/26\/parcours-et-biographie-de-lacteur-holywoodien-amadou-ly\/","url":"https:\/\/www.ndiaffatactu.com\/index.php\/2021\/10\/26\/parcours-et-biographie-de-lacteur-holywoodien-amadou-ly\/","name":"PARCOURS ET BIOGRAPHIE DE L'ACTEUR HOLYWOODIEN AMADOU LY - Ndiaffat Actu","isPartOf":{"@id":"https:\/\/www.ndiaffatactu.com\/#website"},"primaryImageOfPage":{"@id":"https:\/\/www.ndiaffatactu.com\/index.php\/2021\/10\/26\/parcours-et-biographie-de-lacteur-holywoodien-amadou-ly\/#primaryimage"},"image":{"@id":"https:\/\/www.ndiaffatactu.com\/index.php\/2021\/10\/26\/parcours-et-biographie-de-lacteur-holywoodien-amadou-ly\/#primaryimage"},"thumbnailUrl":"https:\/\/www.ndiaffatactu.com\/wp-content\/uploads\/2021\/10\/Capture-decran-2021-10-26-a-13.34.46.png","datePublished":"2021-10-26T13:38:43+00:00","breadcrumb":{"@id":"https:\/\/www.ndiaffatactu.com\/index.php\/2021\/10\/26\/parcours-et-biographie-de-lacteur-holywoodien-amadou-ly\/#breadcrumb"},"inLanguage":"fr-FR","potentialAction":[{"@type":"ReadAction","target":["https:\/\/www.ndiaffatactu.com\/index.php\/2021\/10\/26\/parcours-et-biographie-de-lacteur-holywoodien-amadou-ly\/"]}]},{"@type":"ImageObject","inLanguage":"fr-FR","@id":"https:\/\/www.ndiaffatactu.com\/index.php\/2021\/10\/26\/parcours-et-biographie-de-lacteur-holywoodien-amadou-ly\/#primaryimage","url":"https:\/\/www.ndiaffatactu.com\/wp-content\/uploads\/2021\/10\/Capture-decran-2021-10-26-a-13.34.46.png","contentUrl":"https:\/\/www.ndiaffatactu.com\/wp-content\/uploads\/2021\/10\/Capture-decran-2021-10-26-a-13.34.46.png","width":374,"height":213},{"@type":"BreadcrumbList","@id":"https:\/\/www.ndiaffatactu.com\/index.php\/2021\/10\/26\/parcours-et-biographie-de-lacteur-holywoodien-amadou-ly\/#breadcrumb","itemListElement":[{"@type":"ListItem","position":1,"name":"Home","item":"https:\/\/www.ndiaffatactu.com\/"},{"@type":"ListItem","position":2,"name":"PARCOURS ET BIOGRAPHIE DE L&rsquo;ACTEUR HOLYWOODIEN AMADOU LY"}]},{"@type":"WebSite","@id":"https:\/\/www.ndiaffatactu.com\/#website","url":"https:\/\/www.ndiaffatactu.com\/","name":"Ndiaffat Actu","description":"L&#039;iinformation en temps r\u00e9el","publisher":{"@id":"https:\/\/www.ndiaffatactu.com\/#organization"},"potentialAction":[{"@type":"SearchAction","target":{"@type":"EntryPoint","urlTemplate":"https:\/\/www.ndiaffatactu.com\/?s={search_term_string}"},"query-input":{"@type":"PropertyValueSpecification","valueRequired":true,"valueName":"search_term_string"}}],"inLanguage":"fr-FR"},{"@type":"Organization","@id":"https:\/\/www.ndiaffatactu.com\/#organization","name":"Ndiaffat Actu","url":"https:\/\/www.ndiaffatactu.com\/","logo":{"@type":"ImageObject","inLanguage":"fr-FR","@id":"https:\/\/www.ndiaffatactu.com\/#\/schema\/logo\/image\/","url":"https:\/\/www.ndiaffatactu.com\/wp-content\/uploads\/2024\/11\/cropped-BAIDY.png","contentUrl":"https:\/\/www.ndiaffatactu.com\/wp-content\/uploads\/2024\/11\/cropped-BAIDY.png","width":1009,"height":730,"caption":"Ndiaffat Actu"},"image":{"@id":"https:\/\/www.ndiaffatactu.com\/#\/schema\/logo\/image\/"}},{"@type":"Person","@id":"https:\/\/www.ndiaffatactu.com\/#\/schema\/person\/58070508ca42c5ea832aca50ebd5390a","name":"Baidy","image":{"@type":"ImageObject","inLanguage":"fr-FR","@id":"https:\/\/secure.gravatar.com\/avatar\/b9f71a5a3671d82da3185d341775314a0414f0fff1c9048903ccb72d937c5717?s=96&d=mm&r=g","url":"https:\/\/secure.gravatar.com\/avatar\/b9f71a5a3671d82da3185d341775314a0414f0fff1c9048903ccb72d937c5717?s=96&d=mm&r=g","contentUrl":"https:\/\/secure.gravatar.com\/avatar\/b9f71a5a3671d82da3185d341775314a0414f0fff1c9048903ccb72d937c5717?s=96&d=mm&r=g","caption":"Baidy"},"sameAs":["https:\/\/www.ndiaffatactu.com\/"],"url":"https:\/\/www.ndiaffatactu.com\/index.php\/author\/ndiaffatactu\/"}]}},"_links":{"self":[{"href":"https:\/\/www.ndiaffatactu.com\/index.php\/wp-json\/wp\/v2\/posts\/3413","targetHints":{"allow":["GET"]}}],"collection":[{"href":"https:\/\/www.ndiaffatactu.com\/index.php\/wp-json\/wp\/v2\/posts"}],"about":[{"href":"https:\/\/www.ndiaffatactu.com\/index.php\/wp-json\/wp\/v2\/types\/post"}],"author":[{"embeddable":true,"href":"https:\/\/www.ndiaffatactu.com\/index.php\/wp-json\/wp\/v2\/users\/2"}],"replies":[{"embeddable":true,"href":"https:\/\/www.ndiaffatactu.com\/index.php\/wp-json\/wp\/v2\/comments?post=3413"}],"version-history":[{"count":1,"href":"https:\/\/www.ndiaffatactu.com\/index.php\/wp-json\/wp\/v2\/posts\/3413\/revisions"}],"predecessor-version":[{"id":3423,"href":"https:\/\/www.ndiaffatactu.com\/index.php\/wp-json\/wp\/v2\/posts\/3413\/revisions\/3423"}],"wp:featuredmedia":[{"embeddable":true,"href":"https:\/\/www.ndiaffatactu.com\/index.php\/wp-json\/wp\/v2\/media\/3422"}],"wp:attachment":[{"href":"https:\/\/www.ndiaffatactu.com\/index.php\/wp-json\/wp\/v2\/media?parent=3413"}],"wp:term":[{"taxonomy":"category","embeddable":true,"href":"https:\/\/www.ndiaffatactu.com\/index.php\/wp-json\/wp\/v2\/categories?post=3413"},{"taxonomy":"post_tag","embeddable":true,"href":"https:\/\/www.ndiaffatactu.com\/index.php\/wp-json\/wp\/v2\/tags?post=3413"}],"curies":[{"name":"wp","href":"https:\/\/api.w.org\/{rel}","templated":true}]}}