{"id":1554,"date":"2021-04-16T17:43:41","date_gmt":"2021-04-16T17:43:41","guid":{"rendered":"https:\/\/www.ndiaffatactu.com\/?p=1554"},"modified":"2021-04-16T17:43:41","modified_gmt":"2021-04-16T17:43:41","slug":"serie-de-violences-a-lucad-ousmane-sonko-diagnostique-les-maux-des-universites-senegalaises","status":"publish","type":"post","link":"https:\/\/www.ndiaffatactu.com\/index.php\/2021\/04\/16\/serie-de-violences-a-lucad-ousmane-sonko-diagnostique-les-maux-des-universites-senegalaises\/","title":{"rendered":"S\u00e9rie de violences \u00e0 l\u2019Ucad : Ousmane Sonko diagnostique les maux des universit\u00e9s s\u00e9n\u00e9galaises"},"content":{"rendered":"<header class=\"fixed_header fixed_header_show\">\n<div class=\"header_menu_bottomline_mobile\">\n<nav class=\"header_menu_bottomline\">\n<div class=\"header_menu_bottomline_menu\">\n<p>&nbsp;<\/p>\n<\/div>\n<\/nav>\n<\/div>\n<\/header>\n<div class=\"main_wrapper\">\n<div class=\"posts_block single_post_block\">\n<div class=\"posts_block_content\">\n<div class=\"single_post_content_wrapper\">\n<div><span style=\"font-size: large;\"><b>Le d\u00e9c\u00e8s d\u2019Isma\u00ebla Gaoussou Di\u00e9m\u00e9, qui a succomb\u00e9 \u00e0 ses blessures suite \u00e0 la bataille rang\u00e9e entre les associations universitaires Kekendo et Ndeflengue, continue de faire pol\u00e9mique. R\u00e9agissant \u00e0 cet \u00e9v\u00e8nement douloureux qui secoue l\u2019universit\u00e9 Cheikh Anta Diop de Dakar (Ucad), le leader du Pastef, Ousmane Sonko, pr\u00e9f\u00e8re parler d\u2019abord des causes de cette trag\u00e9die. Dans une tribune publi\u00e9e sur sa page Facebook, il diagnostique les maux qui gangr\u00e8nent les universit\u00e9s s\u00e9n\u00e9galaises et engendrent la violence not\u00e9e dans ces temples du savoir. Seneweb publie in extenso le post de Sonko :<\/b><\/span><\/div>\n<div><\/div>\n<div><span style=\"font-size: large;\"><b>\u00a0<\/b><\/span><\/div>\n<div><span style=\"font-size: large;\"><b>PARLONS D\u2019ABORD DES CAUSES<\/b><\/span><\/div>\n<div><span style=\"font-size: large;\">\u00a0<\/span><\/div>\n<div><span style=\"font-size: large;\">Je suis meurtri par les multiples violences que subissent nos jeunes s\u0153urs et fr\u00e8res \u00e9tudiants.<\/span><\/div>\n<div><span style=\"font-size: large;\">\u00a0<\/span><\/div>\n<div><span style=\"font-size: large;\">&#8211; la premi\u00e8re violence, ce sont les conditions d&rsquo;\u00e9tudes et d&rsquo;existence inhumaines dans les amphith\u00e9\u00e2tres et les campus, tellement bond\u00e9s qu&rsquo;il faut faire des coudes pour assister aux cours, pour se loger (jusqu&rsquo;\u00e0 10 \u00e9tudiants par chambre) ou suivre une longue queue pour se restaurer ;<\/span><\/div>\n<div><\/div>\n<div><span style=\"font-size: large;\">\u00a0<\/span><\/div>\n<div><span style=\"font-size: large;\">\u00a0&#8211; la deuxi\u00e8me violence, c&rsquo;est le retard apport\u00e9 au paiement de leurs bourses d&rsquo;\u00e9tudes, pourtant vitale pour l&rsquo;\u00e9crasante majorit\u00e9 d&rsquo;entre eux, souvent issus de milieux assez modestes ;<\/span><\/div>\n<div><span style=\"font-size: large;\">\u00a0<\/span><\/div>\n<div><span style=\"font-size: large;\">&#8211; la troisi\u00e8me violence, c&rsquo;est la brimade disproportionn\u00e9e, \u00e0 chaque fois qu&rsquo;il veulent manifester contre ces traitements d\u00e9shonorants inflig\u00e9s par leurs propres gouvernants, avec son lot de bless\u00e9s, d&rsquo;arrestations et, quelques fois, de morts d&rsquo;\u00e9tudiants jamais \u00e9lucid\u00e9s ;<\/span><\/div>\n<div><span style=\"font-size: large;\">\u00a0<\/span><\/div>\n<div><span style=\"font-size: large;\">\u00a0<\/span><\/div>\n<div><span style=\"font-size: large;\">\u00a0Mais les quatri\u00e8me et cinqui\u00e8me violences sont les plus insidieuses, puisque d&rsquo;ordre psychologique :<\/span><\/div>\n<div><span style=\"font-size: large;\">\u00a0<\/span><\/div>\n<div><span style=\"font-size: large;\">&#8211; l&rsquo;\u00e9tudiant s\u00e9n\u00e9galais est moralement tortur\u00e9 par l&rsquo;absence d&rsquo;horizon, toujours tenaill\u00e9 par le doute, voire le scepticisme d&rsquo;un pr\u00e9sent difficile et d&rsquo;un lendemain sans perspective aucune de trouver un travail ;<\/span><\/div>\n<div><span style=\"font-size: large;\">\u00a0<\/span><\/div>\n<div><span style=\"font-size: large;\">&#8211; l&rsquo;\u00e9tudiant s\u00e9n\u00e9galais est toujours sous le choc caus\u00e9 par le regard et l&rsquo;image que projette de lui le seul responsable de sa condition, c&rsquo;est \u00e0 dire les pouvoirs publics.<\/span><\/div>\n<div><\/div>\n<div><span style=\"font-size: large;\">\u00a0<\/span><\/div>\n<div><span style=\"font-size: large;\">\u00a0Les \u00e9tudiants s&rsquo;entendent toujours traiter de voyous, de d\u00e9linquants, de jeunes rat\u00e9s et maintenant, de terroristes par le gouvernement et ses d\u00e9membrements. Pourtant eux, pr\u00e9sident de la R\u00e9publique, ministres, DG et autres, tous produits de nos universit\u00e9s du temps de leur lustre, leurs enfants d\u00e9roulent tranquillement leurs \u00e9tudes dans les meilleures universit\u00e9s du monde au Canada, aux \u00c9tats-Unis, en France&#8230; o\u00f9 ils vivent dans des palaces et valsent entre les avions pour des vacances \u00e0 Duba\u00ef, Paris ou la Californie. Quand ils sont au S\u00e9n\u00e9gal, leur vie se r\u00e9sume aux villas, boites de nuit et de jeux des quartiers chics de Mermoz, Point E et Almadies o\u00f9 ils se d\u00e9placent en voitures de luxe co\u00fbtant des centaines de millions.<\/span><\/div>\n<div><span style=\"font-size: large;\">\u00a0<\/span><\/div>\n<div><span style=\"font-size: large;\">Tout cela avec l&rsquo;argent du contribuable d\u00e9tourn\u00e9 de ses destinations que sont l&rsquo;\u00e9ducation et la sant\u00e9, entre autres. Je marque ma compassion \u00e0 ces \u00e9tudiants victimes d&rsquo;un syst\u00e8me incomp\u00e9tent, corrompu et injuste.<\/span><\/div>\n<div><\/div>\n<div><span style=\"font-size: large;\">\u00a0<\/span><\/div>\n<div><span style=\"font-size: large;\">Oui \u00e0 la r\u00e9gulation et \u00e0 la r\u00e8glementation des universit\u00e9s qui doivent absolument demeurer des espaces de savoir, de paix et de qui\u00e9tude, mais je dis non \u00e0 la fermeture du campus social qui compromettrait davantage la situation et les chances d&rsquo;une jeunesse d\u00e9j\u00e0 trop abandonn\u00e9e et sacrifi\u00e9e, alors que le premier semestre n&rsquo;est m\u00eame pas boucl\u00e9.<\/span><\/div>\n<div><span style=\"font-size: large;\">\u00a0<\/span><\/div>\n<div><\/div>\n<div><span style=\"font-size: large;\">Pendant ce temps, les gouvernements continuent \u00e0 vendanger les int\u00e9r\u00eats nationaux aux \u00e9trangers, \u00e0 entretenir un syst\u00e8me d&rsquo;escroquerie sur les deniers et biens publics, \u00e0 dilapider l&rsquo;argent public dans des rassemblements politiques farfelus et \u00e0 mentir \u00e0 cette jeunesse par des promesses chim\u00e9riques d&#8217;emplois. Je reviendrai sur la situation des enseignants.<\/span><\/div>\n<div><span style=\"font-size: large;\">\u00a0<\/span><\/div>\n<div><span style=\"font-size: large;\">\u00a0<\/span><\/div>\n<div><span style=\"font-size: large;\">\u00a0Fait \u00e0 Dakar, le 16 avril 2021<\/span><\/div>\n<div><span style=\"font-size: large;\">\u00a0<\/span><\/div>\n<div><span style=\"font-size: large;\">Ousmane SONKO<\/span><\/div>\n<\/div>\n<\/div>\n<\/div>\n<\/div>\n","protected":false},"excerpt":{"rendered":"<p>&nbsp; Le d\u00e9c\u00e8s d\u2019Isma\u00ebla Gaoussou Di\u00e9m\u00e9, qui a succomb\u00e9 \u00e0 ses blessures suite \u00e0 la bataille rang\u00e9e entre les associations<\/p>\n","protected":false},"author":2,"featured_media":1555,"comment_status":"open","ping_status":"closed","sticky":false,"template":"","format":"standard","meta":{"colormag_page_container_layout":"default_layout","colormag_page_sidebar_layout":"default_layout","wprm-recipe-roundup-name":"","wprm-recipe-roundup-description":"","footnotes":""},"categories":[6,29,14,12,30],"tags":[],"class_list":["post-1554","post","type-post","status-publish","format-standard","has-post-thumbnail","hentry","category-actualites","category-education","category-politique","category-recents","category-societe"],"yoast_head":"<!-- This site is optimized with the Yoast SEO plugin v27.5 - https:\/\/yoast.com\/product\/yoast-seo-wordpress\/ -->\n<title>S\u00e9rie de violences \u00e0 l\u2019Ucad : Ousmane Sonko diagnostique les maux des universit\u00e9s s\u00e9n\u00e9galaises - Ndiaffat Actu<\/title>\n<meta name=\"robots\" content=\"index, follow, max-snippet:-1, max-image-preview:large, max-video-preview:-1\" \/>\n<link rel=\"canonical\" href=\"https:\/\/www.ndiaffatactu.com\/index.php\/2021\/04\/16\/serie-de-violences-a-lucad-ousmane-sonko-diagnostique-les-maux-des-universites-senegalaises\/\" \/>\n<meta property=\"og:locale\" content=\"fr_FR\" \/>\n<meta property=\"og:type\" content=\"article\" \/>\n<meta property=\"og:title\" content=\"S\u00e9rie de violences \u00e0 l\u2019Ucad : Ousmane Sonko diagnostique les maux des universit\u00e9s s\u00e9n\u00e9galaises - Ndiaffat Actu\" \/>\n<meta property=\"og:description\" content=\"&nbsp; Le d\u00e9c\u00e8s d\u2019Isma\u00ebla Gaoussou Di\u00e9m\u00e9, qui a succomb\u00e9 \u00e0 ses blessures suite \u00e0 la bataille rang\u00e9e entre les associations\" \/>\n<meta property=\"og:url\" content=\"https:\/\/www.ndiaffatactu.com\/index.php\/2021\/04\/16\/serie-de-violences-a-lucad-ousmane-sonko-diagnostique-les-maux-des-universites-senegalaises\/\" \/>\n<meta property=\"og:site_name\" content=\"Ndiaffat Actu\" \/>\n<meta property=\"article:published_time\" content=\"2021-04-16T17:43:41+00:00\" \/>\n<meta property=\"og:image\" content=\"https:\/\/www.ndiaffatactu.com\/wp-content\/uploads\/2021\/04\/88c4588eaec154402326d41c6bb588b950fb6f07.jpg\" \/>\n\t<meta property=\"og:image:width\" content=\"612\" \/>\n\t<meta property=\"og:image:height\" content=\"298\" \/>\n\t<meta property=\"og:image:type\" content=\"image\/jpeg\" \/>\n<meta name=\"author\" content=\"Baidy\" \/>\n<meta name=\"twitter:card\" content=\"summary_large_image\" \/>\n<meta name=\"twitter:label1\" content=\"\u00c9crit par\" \/>\n\t<meta name=\"twitter:data1\" content=\"Baidy\" \/>\n\t<meta name=\"twitter:label2\" content=\"Dur\u00e9e de lecture estim\u00e9e\" \/>\n\t<meta name=\"twitter:data2\" content=\"3 minutes\" \/>\n<script type=\"application\/ld+json\" class=\"yoast-schema-graph\">{\"@context\":\"https:\\\/\\\/schema.org\",\"@graph\":[{\"@type\":\"Article\",\"@id\":\"https:\\\/\\\/www.ndiaffatactu.com\\\/index.php\\\/2021\\\/04\\\/16\\\/serie-de-violences-a-lucad-ousmane-sonko-diagnostique-les-maux-des-universites-senegalaises\\\/#article\",\"isPartOf\":{\"@id\":\"https:\\\/\\\/www.ndiaffatactu.com\\\/index.php\\\/2021\\\/04\\\/16\\\/serie-de-violences-a-lucad-ousmane-sonko-diagnostique-les-maux-des-universites-senegalaises\\\/\"},\"author\":{\"name\":\"Baidy\",\"@id\":\"https:\\\/\\\/www.ndiaffatactu.com\\\/#\\\/schema\\\/person\\\/58070508ca42c5ea832aca50ebd5390a\"},\"headline\":\"S\u00e9rie de violences \u00e0 l\u2019Ucad : Ousmane Sonko diagnostique les maux des universit\u00e9s s\u00e9n\u00e9galaises\",\"datePublished\":\"2021-04-16T17:43:41+00:00\",\"mainEntityOfPage\":{\"@id\":\"https:\\\/\\\/www.ndiaffatactu.com\\\/index.php\\\/2021\\\/04\\\/16\\\/serie-de-violences-a-lucad-ousmane-sonko-diagnostique-les-maux-des-universites-senegalaises\\\/\"},\"wordCount\":655,\"commentCount\":0,\"publisher\":{\"@id\":\"https:\\\/\\\/www.ndiaffatactu.com\\\/#organization\"},\"image\":{\"@id\":\"https:\\\/\\\/www.ndiaffatactu.com\\\/index.php\\\/2021\\\/04\\\/16\\\/serie-de-violences-a-lucad-ousmane-sonko-diagnostique-les-maux-des-universites-senegalaises\\\/#primaryimage\"},\"thumbnailUrl\":\"https:\\\/\\\/www.ndiaffatactu.com\\\/wp-content\\\/uploads\\\/2021\\\/04\\\/88c4588eaec154402326d41c6bb588b950fb6f07.jpg\",\"articleSection\":[\"ACTUALIT\u00c9S\",\"\u00e9ducation\",\"Politique\",\"R\u00e9cents\",\"Soci\u00e9t\u00e9\"],\"inLanguage\":\"fr-FR\",\"potentialAction\":[{\"@type\":\"CommentAction\",\"name\":\"Comment\",\"target\":[\"https:\\\/\\\/www.ndiaffatactu.com\\\/index.php\\\/2021\\\/04\\\/16\\\/serie-de-violences-a-lucad-ousmane-sonko-diagnostique-les-maux-des-universites-senegalaises\\\/#respond\"]}]},{\"@type\":\"WebPage\",\"@id\":\"https:\\\/\\\/www.ndiaffatactu.com\\\/index.php\\\/2021\\\/04\\\/16\\\/serie-de-violences-a-lucad-ousmane-sonko-diagnostique-les-maux-des-universites-senegalaises\\\/\",\"url\":\"https:\\\/\\\/www.ndiaffatactu.com\\\/index.php\\\/2021\\\/04\\\/16\\\/serie-de-violences-a-lucad-ousmane-sonko-diagnostique-les-maux-des-universites-senegalaises\\\/\",\"name\":\"S\u00e9rie de violences \u00e0 l\u2019Ucad : Ousmane Sonko diagnostique les maux des universit\u00e9s s\u00e9n\u00e9galaises - Ndiaffat Actu\",\"isPartOf\":{\"@id\":\"https:\\\/\\\/www.ndiaffatactu.com\\\/#website\"},\"primaryImageOfPage\":{\"@id\":\"https:\\\/\\\/www.ndiaffatactu.com\\\/index.php\\\/2021\\\/04\\\/16\\\/serie-de-violences-a-lucad-ousmane-sonko-diagnostique-les-maux-des-universites-senegalaises\\\/#primaryimage\"},\"image\":{\"@id\":\"https:\\\/\\\/www.ndiaffatactu.com\\\/index.php\\\/2021\\\/04\\\/16\\\/serie-de-violences-a-lucad-ousmane-sonko-diagnostique-les-maux-des-universites-senegalaises\\\/#primaryimage\"},\"thumbnailUrl\":\"https:\\\/\\\/www.ndiaffatactu.com\\\/wp-content\\\/uploads\\\/2021\\\/04\\\/88c4588eaec154402326d41c6bb588b950fb6f07.jpg\",\"datePublished\":\"2021-04-16T17:43:41+00:00\",\"breadcrumb\":{\"@id\":\"https:\\\/\\\/www.ndiaffatactu.com\\\/index.php\\\/2021\\\/04\\\/16\\\/serie-de-violences-a-lucad-ousmane-sonko-diagnostique-les-maux-des-universites-senegalaises\\\/#breadcrumb\"},\"inLanguage\":\"fr-FR\",\"potentialAction\":[{\"@type\":\"ReadAction\",\"target\":[\"https:\\\/\\\/www.ndiaffatactu.com\\\/index.php\\\/2021\\\/04\\\/16\\\/serie-de-violences-a-lucad-ousmane-sonko-diagnostique-les-maux-des-universites-senegalaises\\\/\"]}]},{\"@type\":\"ImageObject\",\"inLanguage\":\"fr-FR\",\"@id\":\"https:\\\/\\\/www.ndiaffatactu.com\\\/index.php\\\/2021\\\/04\\\/16\\\/serie-de-violences-a-lucad-ousmane-sonko-diagnostique-les-maux-des-universites-senegalaises\\\/#primaryimage\",\"url\":\"https:\\\/\\\/www.ndiaffatactu.com\\\/wp-content\\\/uploads\\\/2021\\\/04\\\/88c4588eaec154402326d41c6bb588b950fb6f07.jpg\",\"contentUrl\":\"https:\\\/\\\/www.ndiaffatactu.com\\\/wp-content\\\/uploads\\\/2021\\\/04\\\/88c4588eaec154402326d41c6bb588b950fb6f07.jpg\",\"width\":612,\"height\":298},{\"@type\":\"BreadcrumbList\",\"@id\":\"https:\\\/\\\/www.ndiaffatactu.com\\\/index.php\\\/2021\\\/04\\\/16\\\/serie-de-violences-a-lucad-ousmane-sonko-diagnostique-les-maux-des-universites-senegalaises\\\/#breadcrumb\",\"itemListElement\":[{\"@type\":\"ListItem\",\"position\":1,\"name\":\"Home\",\"item\":\"https:\\\/\\\/www.ndiaffatactu.com\\\/\"},{\"@type\":\"ListItem\",\"position\":2,\"name\":\"S\u00e9rie de violences \u00e0 l\u2019Ucad : Ousmane Sonko diagnostique les maux des universit\u00e9s s\u00e9n\u00e9galaises\"}]},{\"@type\":\"WebSite\",\"@id\":\"https:\\\/\\\/www.ndiaffatactu.com\\\/#website\",\"url\":\"https:\\\/\\\/www.ndiaffatactu.com\\\/\",\"name\":\"Ndiaffat Actu\",\"description\":\"L&#039;iinformation en temps r\u00e9el\",\"publisher\":{\"@id\":\"https:\\\/\\\/www.ndiaffatactu.com\\\/#organization\"},\"potentialAction\":[{\"@type\":\"SearchAction\",\"target\":{\"@type\":\"EntryPoint\",\"urlTemplate\":\"https:\\\/\\\/www.ndiaffatactu.com\\\/?s={search_term_string}\"},\"query-input\":{\"@type\":\"PropertyValueSpecification\",\"valueRequired\":true,\"valueName\":\"search_term_string\"}}],\"inLanguage\":\"fr-FR\"},{\"@type\":\"Organization\",\"@id\":\"https:\\\/\\\/www.ndiaffatactu.com\\\/#organization\",\"name\":\"Ndiaffat Actu\",\"url\":\"https:\\\/\\\/www.ndiaffatactu.com\\\/\",\"logo\":{\"@type\":\"ImageObject\",\"inLanguage\":\"fr-FR\",\"@id\":\"https:\\\/\\\/www.ndiaffatactu.com\\\/#\\\/schema\\\/logo\\\/image\\\/\",\"url\":\"https:\\\/\\\/www.ndiaffatactu.com\\\/wp-content\\\/uploads\\\/2024\\\/11\\\/cropped-BAIDY.png\",\"contentUrl\":\"https:\\\/\\\/www.ndiaffatactu.com\\\/wp-content\\\/uploads\\\/2024\\\/11\\\/cropped-BAIDY.png\",\"width\":1009,\"height\":730,\"caption\":\"Ndiaffat Actu\"},\"image\":{\"@id\":\"https:\\\/\\\/www.ndiaffatactu.com\\\/#\\\/schema\\\/logo\\\/image\\\/\"}},{\"@type\":\"Person\",\"@id\":\"https:\\\/\\\/www.ndiaffatactu.com\\\/#\\\/schema\\\/person\\\/58070508ca42c5ea832aca50ebd5390a\",\"name\":\"Baidy\",\"image\":{\"@type\":\"ImageObject\",\"inLanguage\":\"fr-FR\",\"@id\":\"https:\\\/\\\/secure.gravatar.com\\\/avatar\\\/b9f71a5a3671d82da3185d341775314a0414f0fff1c9048903ccb72d937c5717?s=96&d=mm&r=g\",\"url\":\"https:\\\/\\\/secure.gravatar.com\\\/avatar\\\/b9f71a5a3671d82da3185d341775314a0414f0fff1c9048903ccb72d937c5717?s=96&d=mm&r=g\",\"contentUrl\":\"https:\\\/\\\/secure.gravatar.com\\\/avatar\\\/b9f71a5a3671d82da3185d341775314a0414f0fff1c9048903ccb72d937c5717?s=96&d=mm&r=g\",\"caption\":\"Baidy\"},\"sameAs\":[\"https:\\\/\\\/www.ndiaffatactu.com\\\/\"],\"url\":\"https:\\\/\\\/www.ndiaffatactu.com\\\/index.php\\\/author\\\/ndiaffatactu\\\/\"}]}<\/script>\n<!-- \/ Yoast SEO plugin. -->","yoast_head_json":{"title":"S\u00e9rie de violences \u00e0 l\u2019Ucad : Ousmane Sonko diagnostique les maux des universit\u00e9s s\u00e9n\u00e9galaises - Ndiaffat Actu","robots":{"index":"index","follow":"follow","max-snippet":"max-snippet:-1","max-image-preview":"max-image-preview:large","max-video-preview":"max-video-preview:-1"},"canonical":"https:\/\/www.ndiaffatactu.com\/index.php\/2021\/04\/16\/serie-de-violences-a-lucad-ousmane-sonko-diagnostique-les-maux-des-universites-senegalaises\/","og_locale":"fr_FR","og_type":"article","og_title":"S\u00e9rie de violences \u00e0 l\u2019Ucad : Ousmane Sonko diagnostique les maux des universit\u00e9s s\u00e9n\u00e9galaises - Ndiaffat Actu","og_description":"&nbsp; Le d\u00e9c\u00e8s d\u2019Isma\u00ebla Gaoussou Di\u00e9m\u00e9, qui a succomb\u00e9 \u00e0 ses blessures suite \u00e0 la bataille rang\u00e9e entre les associations","og_url":"https:\/\/www.ndiaffatactu.com\/index.php\/2021\/04\/16\/serie-de-violences-a-lucad-ousmane-sonko-diagnostique-les-maux-des-universites-senegalaises\/","og_site_name":"Ndiaffat Actu","article_published_time":"2021-04-16T17:43:41+00:00","og_image":[{"width":612,"height":298,"url":"https:\/\/www.ndiaffatactu.com\/wp-content\/uploads\/2021\/04\/88c4588eaec154402326d41c6bb588b950fb6f07.jpg","type":"image\/jpeg"}],"author":"Baidy","twitter_card":"summary_large_image","twitter_misc":{"\u00c9crit par":"Baidy","Dur\u00e9e de lecture estim\u00e9e":"3 minutes"},"schema":{"@context":"https:\/\/schema.org","@graph":[{"@type":"Article","@id":"https:\/\/www.ndiaffatactu.com\/index.php\/2021\/04\/16\/serie-de-violences-a-lucad-ousmane-sonko-diagnostique-les-maux-des-universites-senegalaises\/#article","isPartOf":{"@id":"https:\/\/www.ndiaffatactu.com\/index.php\/2021\/04\/16\/serie-de-violences-a-lucad-ousmane-sonko-diagnostique-les-maux-des-universites-senegalaises\/"},"author":{"name":"Baidy","@id":"https:\/\/www.ndiaffatactu.com\/#\/schema\/person\/58070508ca42c5ea832aca50ebd5390a"},"headline":"S\u00e9rie de violences \u00e0 l\u2019Ucad : Ousmane Sonko diagnostique les maux des universit\u00e9s s\u00e9n\u00e9galaises","datePublished":"2021-04-16T17:43:41+00:00","mainEntityOfPage":{"@id":"https:\/\/www.ndiaffatactu.com\/index.php\/2021\/04\/16\/serie-de-violences-a-lucad-ousmane-sonko-diagnostique-les-maux-des-universites-senegalaises\/"},"wordCount":655,"commentCount":0,"publisher":{"@id":"https:\/\/www.ndiaffatactu.com\/#organization"},"image":{"@id":"https:\/\/www.ndiaffatactu.com\/index.php\/2021\/04\/16\/serie-de-violences-a-lucad-ousmane-sonko-diagnostique-les-maux-des-universites-senegalaises\/#primaryimage"},"thumbnailUrl":"https:\/\/www.ndiaffatactu.com\/wp-content\/uploads\/2021\/04\/88c4588eaec154402326d41c6bb588b950fb6f07.jpg","articleSection":["ACTUALIT\u00c9S","\u00e9ducation","Politique","R\u00e9cents","Soci\u00e9t\u00e9"],"inLanguage":"fr-FR","potentialAction":[{"@type":"CommentAction","name":"Comment","target":["https:\/\/www.ndiaffatactu.com\/index.php\/2021\/04\/16\/serie-de-violences-a-lucad-ousmane-sonko-diagnostique-les-maux-des-universites-senegalaises\/#respond"]}]},{"@type":"WebPage","@id":"https:\/\/www.ndiaffatactu.com\/index.php\/2021\/04\/16\/serie-de-violences-a-lucad-ousmane-sonko-diagnostique-les-maux-des-universites-senegalaises\/","url":"https:\/\/www.ndiaffatactu.com\/index.php\/2021\/04\/16\/serie-de-violences-a-lucad-ousmane-sonko-diagnostique-les-maux-des-universites-senegalaises\/","name":"S\u00e9rie de violences \u00e0 l\u2019Ucad : Ousmane Sonko diagnostique les maux des universit\u00e9s s\u00e9n\u00e9galaises - Ndiaffat Actu","isPartOf":{"@id":"https:\/\/www.ndiaffatactu.com\/#website"},"primaryImageOfPage":{"@id":"https:\/\/www.ndiaffatactu.com\/index.php\/2021\/04\/16\/serie-de-violences-a-lucad-ousmane-sonko-diagnostique-les-maux-des-universites-senegalaises\/#primaryimage"},"image":{"@id":"https:\/\/www.ndiaffatactu.com\/index.php\/2021\/04\/16\/serie-de-violences-a-lucad-ousmane-sonko-diagnostique-les-maux-des-universites-senegalaises\/#primaryimage"},"thumbnailUrl":"https:\/\/www.ndiaffatactu.com\/wp-content\/uploads\/2021\/04\/88c4588eaec154402326d41c6bb588b950fb6f07.jpg","datePublished":"2021-04-16T17:43:41+00:00","breadcrumb":{"@id":"https:\/\/www.ndiaffatactu.com\/index.php\/2021\/04\/16\/serie-de-violences-a-lucad-ousmane-sonko-diagnostique-les-maux-des-universites-senegalaises\/#breadcrumb"},"inLanguage":"fr-FR","potentialAction":[{"@type":"ReadAction","target":["https:\/\/www.ndiaffatactu.com\/index.php\/2021\/04\/16\/serie-de-violences-a-lucad-ousmane-sonko-diagnostique-les-maux-des-universites-senegalaises\/"]}]},{"@type":"ImageObject","inLanguage":"fr-FR","@id":"https:\/\/www.ndiaffatactu.com\/index.php\/2021\/04\/16\/serie-de-violences-a-lucad-ousmane-sonko-diagnostique-les-maux-des-universites-senegalaises\/#primaryimage","url":"https:\/\/www.ndiaffatactu.com\/wp-content\/uploads\/2021\/04\/88c4588eaec154402326d41c6bb588b950fb6f07.jpg","contentUrl":"https:\/\/www.ndiaffatactu.com\/wp-content\/uploads\/2021\/04\/88c4588eaec154402326d41c6bb588b950fb6f07.jpg","width":612,"height":298},{"@type":"BreadcrumbList","@id":"https:\/\/www.ndiaffatactu.com\/index.php\/2021\/04\/16\/serie-de-violences-a-lucad-ousmane-sonko-diagnostique-les-maux-des-universites-senegalaises\/#breadcrumb","itemListElement":[{"@type":"ListItem","position":1,"name":"Home","item":"https:\/\/www.ndiaffatactu.com\/"},{"@type":"ListItem","position":2,"name":"S\u00e9rie de violences \u00e0 l\u2019Ucad : Ousmane Sonko diagnostique les maux des universit\u00e9s s\u00e9n\u00e9galaises"}]},{"@type":"WebSite","@id":"https:\/\/www.ndiaffatactu.com\/#website","url":"https:\/\/www.ndiaffatactu.com\/","name":"Ndiaffat Actu","description":"L&#039;iinformation en temps r\u00e9el","publisher":{"@id":"https:\/\/www.ndiaffatactu.com\/#organization"},"potentialAction":[{"@type":"SearchAction","target":{"@type":"EntryPoint","urlTemplate":"https:\/\/www.ndiaffatactu.com\/?s={search_term_string}"},"query-input":{"@type":"PropertyValueSpecification","valueRequired":true,"valueName":"search_term_string"}}],"inLanguage":"fr-FR"},{"@type":"Organization","@id":"https:\/\/www.ndiaffatactu.com\/#organization","name":"Ndiaffat Actu","url":"https:\/\/www.ndiaffatactu.com\/","logo":{"@type":"ImageObject","inLanguage":"fr-FR","@id":"https:\/\/www.ndiaffatactu.com\/#\/schema\/logo\/image\/","url":"https:\/\/www.ndiaffatactu.com\/wp-content\/uploads\/2024\/11\/cropped-BAIDY.png","contentUrl":"https:\/\/www.ndiaffatactu.com\/wp-content\/uploads\/2024\/11\/cropped-BAIDY.png","width":1009,"height":730,"caption":"Ndiaffat Actu"},"image":{"@id":"https:\/\/www.ndiaffatactu.com\/#\/schema\/logo\/image\/"}},{"@type":"Person","@id":"https:\/\/www.ndiaffatactu.com\/#\/schema\/person\/58070508ca42c5ea832aca50ebd5390a","name":"Baidy","image":{"@type":"ImageObject","inLanguage":"fr-FR","@id":"https:\/\/secure.gravatar.com\/avatar\/b9f71a5a3671d82da3185d341775314a0414f0fff1c9048903ccb72d937c5717?s=96&d=mm&r=g","url":"https:\/\/secure.gravatar.com\/avatar\/b9f71a5a3671d82da3185d341775314a0414f0fff1c9048903ccb72d937c5717?s=96&d=mm&r=g","contentUrl":"https:\/\/secure.gravatar.com\/avatar\/b9f71a5a3671d82da3185d341775314a0414f0fff1c9048903ccb72d937c5717?s=96&d=mm&r=g","caption":"Baidy"},"sameAs":["https:\/\/www.ndiaffatactu.com\/"],"url":"https:\/\/www.ndiaffatactu.com\/index.php\/author\/ndiaffatactu\/"}]}},"_links":{"self":[{"href":"https:\/\/www.ndiaffatactu.com\/index.php\/wp-json\/wp\/v2\/posts\/1554","targetHints":{"allow":["GET"]}}],"collection":[{"href":"https:\/\/www.ndiaffatactu.com\/index.php\/wp-json\/wp\/v2\/posts"}],"about":[{"href":"https:\/\/www.ndiaffatactu.com\/index.php\/wp-json\/wp\/v2\/types\/post"}],"author":[{"embeddable":true,"href":"https:\/\/www.ndiaffatactu.com\/index.php\/wp-json\/wp\/v2\/users\/2"}],"replies":[{"embeddable":true,"href":"https:\/\/www.ndiaffatactu.com\/index.php\/wp-json\/wp\/v2\/comments?post=1554"}],"version-history":[{"count":1,"href":"https:\/\/www.ndiaffatactu.com\/index.php\/wp-json\/wp\/v2\/posts\/1554\/revisions"}],"predecessor-version":[{"id":1556,"href":"https:\/\/www.ndiaffatactu.com\/index.php\/wp-json\/wp\/v2\/posts\/1554\/revisions\/1556"}],"wp:featuredmedia":[{"embeddable":true,"href":"https:\/\/www.ndiaffatactu.com\/index.php\/wp-json\/wp\/v2\/media\/1555"}],"wp:attachment":[{"href":"https:\/\/www.ndiaffatactu.com\/index.php\/wp-json\/wp\/v2\/media?parent=1554"}],"wp:term":[{"taxonomy":"category","embeddable":true,"href":"https:\/\/www.ndiaffatactu.com\/index.php\/wp-json\/wp\/v2\/categories?post=1554"},{"taxonomy":"post_tag","embeddable":true,"href":"https:\/\/www.ndiaffatactu.com\/index.php\/wp-json\/wp\/v2\/tags?post=1554"}],"curies":[{"name":"wp","href":"https:\/\/api.w.org\/{rel}","templated":true}]}}