{"id":1488,"date":"2021-04-08T19:11:54","date_gmt":"2021-04-08T19:11:54","guid":{"rendered":"https:\/\/www.ndiaffatactu.com\/?p=1488"},"modified":"2021-04-08T19:11:54","modified_gmt":"2021-04-08T19:11:54","slug":"deces-du-doyen-des-juges-samba-sall","status":"publish","type":"post","link":"https:\/\/www.ndiaffatactu.com\/index.php\/2021\/04\/08\/deces-du-doyen-des-juges-samba-sall\/","title":{"rendered":"D\u00e9c\u00e8s du doyen des juges Samba Sall"},"content":{"rendered":"<div class=\"post_header\">\n<h1><\/h1>\n<\/div>\n<div class=\"single_post_content_wrapper\">\n<div>\n<div><span style=\"font-size: x-large;\">C&rsquo;est la triste nouvelle du jour. Le Doyen des Juges d&rsquo;instruction, Samba Sall est d\u00e9c\u00e9d\u00e9, ce jeudi 8 avril \u00e0 l&rsquo;h\u00f4pital Principal de Dakar. Selon les informations, il a succomb\u00e9 \u00e0 la suite d&rsquo;une longue maladie. Mieux, le DJI \u00e9tait admis en r\u00e9animation.<\/span><\/div>\n<div><span style=\"font-size: x-large;\">\u00a0<\/span><\/div>\n<div><span style=\"font-size: x-large;\">Pour rappel, le juge Samba Sall avait h\u00e9rit\u00e9 du dossier opposant Ousmane Sonko \u00e0 Adji Sarr. Ceci apr\u00e8s le d\u00e9sistement du juge Mamadou Seck.<\/span><\/div>\n<div><span style=\"font-size: x-large;\">\u00a0<\/span><\/div>\n<div><span style=\"font-size: x-large;\">Nous y reviendrons<\/span><\/div>\n<\/div>\n<\/div>\n","protected":false},"excerpt":{"rendered":"<p>C&rsquo;est la triste nouvelle du jour. Le Doyen des Juges d&rsquo;instruction, Samba Sall est d\u00e9c\u00e9d\u00e9, ce jeudi 8 avril \u00e0<\/p>\n","protected":false},"author":2,"featured_media":1489,"comment_status":"open","ping_status":"closed","sticky":false,"template":"","format":"standard","meta":{"colormag_page_container_layout":"default_layout","colormag_page_sidebar_layout":"default_layout","wprm-recipe-roundup-name":"","wprm-recipe-roundup-description":"","footnotes":""},"categories":[6,38,12,30],"tags":[],"class_list":["post-1488","post","type-post","status-publish","format-standard","has-post-thumbnail","hentry","category-actualites","category-necrologie","category-recents","category-societe"],"yoast_head":"<!-- This site is optimized with the Yoast SEO plugin v27.5 - https:\/\/yoast.com\/product\/yoast-seo-wordpress\/ -->\n<title>D\u00e9c\u00e8s du doyen des juges Samba Sall - Ndiaffat Actu<\/title>\n<meta name=\"robots\" content=\"index, follow, max-snippet:-1, max-image-preview:large, max-video-preview:-1\" \/>\n<link rel=\"canonical\" href=\"https:\/\/www.ndiaffatactu.com\/index.php\/2021\/04\/08\/deces-du-doyen-des-juges-samba-sall\/\" \/>\n<meta property=\"og:locale\" content=\"fr_FR\" \/>\n<meta property=\"og:type\" content=\"article\" \/>\n<meta property=\"og:title\" content=\"D\u00e9c\u00e8s du doyen des juges Samba Sall - Ndiaffat Actu\" \/>\n<meta property=\"og:description\" content=\"C&rsquo;est la triste nouvelle du jour. Le Doyen des Juges d&rsquo;instruction, Samba Sall est d\u00e9c\u00e9d\u00e9, ce jeudi 8 avril \u00e0\" \/>\n<meta property=\"og:url\" content=\"https:\/\/www.ndiaffatactu.com\/index.php\/2021\/04\/08\/deces-du-doyen-des-juges-samba-sall\/\" \/>\n<meta property=\"og:site_name\" content=\"Ndiaffat Actu\" \/>\n<meta property=\"article:published_time\" content=\"2021-04-08T19:11:54+00:00\" \/>\n<meta property=\"og:image\" content=\"https:\/\/www.ndiaffatactu.com\/wp-content\/uploads\/2021\/04\/e665842082094d56a23aefbf13505a0c18c39f0f.jpg\" \/>\n\t<meta property=\"og:image:width\" content=\"612\" \/>\n\t<meta property=\"og:image:height\" content=\"298\" \/>\n\t<meta property=\"og:image:type\" content=\"image\/jpeg\" \/>\n<meta name=\"author\" content=\"Baidy\" \/>\n<meta name=\"twitter:card\" content=\"summary_large_image\" \/>\n<meta name=\"twitter:label1\" content=\"\u00c9crit par\" \/>\n\t<meta name=\"twitter:data1\" content=\"Baidy\" \/>\n\t<meta name=\"twitter:label2\" content=\"Dur\u00e9e de lecture estim\u00e9e\" \/>\n\t<meta name=\"twitter:data2\" content=\"1 minute\" \/>\n<script type=\"application\/ld+json\" class=\"yoast-schema-graph\">{\"@context\":\"https:\\\/\\\/schema.org\",\"@graph\":[{\"@type\":\"Article\",\"@id\":\"https:\\\/\\\/www.ndiaffatactu.com\\\/index.php\\\/2021\\\/04\\\/08\\\/deces-du-doyen-des-juges-samba-sall\\\/#article\",\"isPartOf\":{\"@id\":\"https:\\\/\\\/www.ndiaffatactu.com\\\/index.php\\\/2021\\\/04\\\/08\\\/deces-du-doyen-des-juges-samba-sall\\\/\"},\"author\":{\"name\":\"Baidy\",\"@id\":\"https:\\\/\\\/www.ndiaffatactu.com\\\/#\\\/schema\\\/person\\\/58070508ca42c5ea832aca50ebd5390a\"},\"headline\":\"D\u00e9c\u00e8s du doyen des juges Samba Sall\",\"datePublished\":\"2021-04-08T19:11:54+00:00\",\"mainEntityOfPage\":{\"@id\":\"https:\\\/\\\/www.ndiaffatactu.com\\\/index.php\\\/2021\\\/04\\\/08\\\/deces-du-doyen-des-juges-samba-sall\\\/\"},\"wordCount\":86,\"commentCount\":0,\"publisher\":{\"@id\":\"https:\\\/\\\/www.ndiaffatactu.com\\\/#organization\"},\"image\":{\"@id\":\"https:\\\/\\\/www.ndiaffatactu.com\\\/index.php\\\/2021\\\/04\\\/08\\\/deces-du-doyen-des-juges-samba-sall\\\/#primaryimage\"},\"thumbnailUrl\":\"https:\\\/\\\/www.ndiaffatactu.com\\\/wp-content\\\/uploads\\\/2021\\\/04\\\/e665842082094d56a23aefbf13505a0c18c39f0f.jpg\",\"articleSection\":[\"ACTUALIT\u00c9S\",\"N\u00e9crologie\",\"R\u00e9cents\",\"Soci\u00e9t\u00e9\"],\"inLanguage\":\"fr-FR\",\"potentialAction\":[{\"@type\":\"CommentAction\",\"name\":\"Comment\",\"target\":[\"https:\\\/\\\/www.ndiaffatactu.com\\\/index.php\\\/2021\\\/04\\\/08\\\/deces-du-doyen-des-juges-samba-sall\\\/#respond\"]}]},{\"@type\":\"WebPage\",\"@id\":\"https:\\\/\\\/www.ndiaffatactu.com\\\/index.php\\\/2021\\\/04\\\/08\\\/deces-du-doyen-des-juges-samba-sall\\\/\",\"url\":\"https:\\\/\\\/www.ndiaffatactu.com\\\/index.php\\\/2021\\\/04\\\/08\\\/deces-du-doyen-des-juges-samba-sall\\\/\",\"name\":\"D\u00e9c\u00e8s du doyen des juges Samba Sall - Ndiaffat Actu\",\"isPartOf\":{\"@id\":\"https:\\\/\\\/www.ndiaffatactu.com\\\/#website\"},\"primaryImageOfPage\":{\"@id\":\"https:\\\/\\\/www.ndiaffatactu.com\\\/index.php\\\/2021\\\/04\\\/08\\\/deces-du-doyen-des-juges-samba-sall\\\/#primaryimage\"},\"image\":{\"@id\":\"https:\\\/\\\/www.ndiaffatactu.com\\\/index.php\\\/2021\\\/04\\\/08\\\/deces-du-doyen-des-juges-samba-sall\\\/#primaryimage\"},\"thumbnailUrl\":\"https:\\\/\\\/www.ndiaffatactu.com\\\/wp-content\\\/uploads\\\/2021\\\/04\\\/e665842082094d56a23aefbf13505a0c18c39f0f.jpg\",\"datePublished\":\"2021-04-08T19:11:54+00:00\",\"breadcrumb\":{\"@id\":\"https:\\\/\\\/www.ndiaffatactu.com\\\/index.php\\\/2021\\\/04\\\/08\\\/deces-du-doyen-des-juges-samba-sall\\\/#breadcrumb\"},\"inLanguage\":\"fr-FR\",\"potentialAction\":[{\"@type\":\"ReadAction\",\"target\":[\"https:\\\/\\\/www.ndiaffatactu.com\\\/index.php\\\/2021\\\/04\\\/08\\\/deces-du-doyen-des-juges-samba-sall\\\/\"]}]},{\"@type\":\"ImageObject\",\"inLanguage\":\"fr-FR\",\"@id\":\"https:\\\/\\\/www.ndiaffatactu.com\\\/index.php\\\/2021\\\/04\\\/08\\\/deces-du-doyen-des-juges-samba-sall\\\/#primaryimage\",\"url\":\"https:\\\/\\\/www.ndiaffatactu.com\\\/wp-content\\\/uploads\\\/2021\\\/04\\\/e665842082094d56a23aefbf13505a0c18c39f0f.jpg\",\"contentUrl\":\"https:\\\/\\\/www.ndiaffatactu.com\\\/wp-content\\\/uploads\\\/2021\\\/04\\\/e665842082094d56a23aefbf13505a0c18c39f0f.jpg\",\"width\":612,\"height\":298},{\"@type\":\"BreadcrumbList\",\"@id\":\"https:\\\/\\\/www.ndiaffatactu.com\\\/index.php\\\/2021\\\/04\\\/08\\\/deces-du-doyen-des-juges-samba-sall\\\/#breadcrumb\",\"itemListElement\":[{\"@type\":\"ListItem\",\"position\":1,\"name\":\"Home\",\"item\":\"https:\\\/\\\/www.ndiaffatactu.com\\\/\"},{\"@type\":\"ListItem\",\"position\":2,\"name\":\"D\u00e9c\u00e8s du doyen des juges Samba Sall\"}]},{\"@type\":\"WebSite\",\"@id\":\"https:\\\/\\\/www.ndiaffatactu.com\\\/#website\",\"url\":\"https:\\\/\\\/www.ndiaffatactu.com\\\/\",\"name\":\"Ndiaffat Actu\",\"description\":\"L&#039;iinformation en temps r\u00e9el\",\"publisher\":{\"@id\":\"https:\\\/\\\/www.ndiaffatactu.com\\\/#organization\"},\"potentialAction\":[{\"@type\":\"SearchAction\",\"target\":{\"@type\":\"EntryPoint\",\"urlTemplate\":\"https:\\\/\\\/www.ndiaffatactu.com\\\/?s={search_term_string}\"},\"query-input\":{\"@type\":\"PropertyValueSpecification\",\"valueRequired\":true,\"valueName\":\"search_term_string\"}}],\"inLanguage\":\"fr-FR\"},{\"@type\":\"Organization\",\"@id\":\"https:\\\/\\\/www.ndiaffatactu.com\\\/#organization\",\"name\":\"Ndiaffat Actu\",\"url\":\"https:\\\/\\\/www.ndiaffatactu.com\\\/\",\"logo\":{\"@type\":\"ImageObject\",\"inLanguage\":\"fr-FR\",\"@id\":\"https:\\\/\\\/www.ndiaffatactu.com\\\/#\\\/schema\\\/logo\\\/image\\\/\",\"url\":\"https:\\\/\\\/www.ndiaffatactu.com\\\/wp-content\\\/uploads\\\/2024\\\/11\\\/cropped-BAIDY.png\",\"contentUrl\":\"https:\\\/\\\/www.ndiaffatactu.com\\\/wp-content\\\/uploads\\\/2024\\\/11\\\/cropped-BAIDY.png\",\"width\":1009,\"height\":730,\"caption\":\"Ndiaffat Actu\"},\"image\":{\"@id\":\"https:\\\/\\\/www.ndiaffatactu.com\\\/#\\\/schema\\\/logo\\\/image\\\/\"}},{\"@type\":\"Person\",\"@id\":\"https:\\\/\\\/www.ndiaffatactu.com\\\/#\\\/schema\\\/person\\\/58070508ca42c5ea832aca50ebd5390a\",\"name\":\"Baidy\",\"image\":{\"@type\":\"ImageObject\",\"inLanguage\":\"fr-FR\",\"@id\":\"https:\\\/\\\/secure.gravatar.com\\\/avatar\\\/b9f71a5a3671d82da3185d341775314a0414f0fff1c9048903ccb72d937c5717?s=96&d=mm&r=g\",\"url\":\"https:\\\/\\\/secure.gravatar.com\\\/avatar\\\/b9f71a5a3671d82da3185d341775314a0414f0fff1c9048903ccb72d937c5717?s=96&d=mm&r=g\",\"contentUrl\":\"https:\\\/\\\/secure.gravatar.com\\\/avatar\\\/b9f71a5a3671d82da3185d341775314a0414f0fff1c9048903ccb72d937c5717?s=96&d=mm&r=g\",\"caption\":\"Baidy\"},\"sameAs\":[\"https:\\\/\\\/www.ndiaffatactu.com\\\/\"],\"url\":\"https:\\\/\\\/www.ndiaffatactu.com\\\/index.php\\\/author\\\/ndiaffatactu\\\/\"}]}<\/script>\n<!-- \/ Yoast SEO plugin. -->","yoast_head_json":{"title":"D\u00e9c\u00e8s du doyen des juges Samba Sall - Ndiaffat Actu","robots":{"index":"index","follow":"follow","max-snippet":"max-snippet:-1","max-image-preview":"max-image-preview:large","max-video-preview":"max-video-preview:-1"},"canonical":"https:\/\/www.ndiaffatactu.com\/index.php\/2021\/04\/08\/deces-du-doyen-des-juges-samba-sall\/","og_locale":"fr_FR","og_type":"article","og_title":"D\u00e9c\u00e8s du doyen des juges Samba Sall - Ndiaffat Actu","og_description":"C&rsquo;est la triste nouvelle du jour. Le Doyen des Juges d&rsquo;instruction, Samba Sall est d\u00e9c\u00e9d\u00e9, ce jeudi 8 avril \u00e0","og_url":"https:\/\/www.ndiaffatactu.com\/index.php\/2021\/04\/08\/deces-du-doyen-des-juges-samba-sall\/","og_site_name":"Ndiaffat Actu","article_published_time":"2021-04-08T19:11:54+00:00","og_image":[{"width":612,"height":298,"url":"https:\/\/www.ndiaffatactu.com\/wp-content\/uploads\/2021\/04\/e665842082094d56a23aefbf13505a0c18c39f0f.jpg","type":"image\/jpeg"}],"author":"Baidy","twitter_card":"summary_large_image","twitter_misc":{"\u00c9crit par":"Baidy","Dur\u00e9e de lecture estim\u00e9e":"1 minute"},"schema":{"@context":"https:\/\/schema.org","@graph":[{"@type":"Article","@id":"https:\/\/www.ndiaffatactu.com\/index.php\/2021\/04\/08\/deces-du-doyen-des-juges-samba-sall\/#article","isPartOf":{"@id":"https:\/\/www.ndiaffatactu.com\/index.php\/2021\/04\/08\/deces-du-doyen-des-juges-samba-sall\/"},"author":{"name":"Baidy","@id":"https:\/\/www.ndiaffatactu.com\/#\/schema\/person\/58070508ca42c5ea832aca50ebd5390a"},"headline":"D\u00e9c\u00e8s du doyen des juges Samba Sall","datePublished":"2021-04-08T19:11:54+00:00","mainEntityOfPage":{"@id":"https:\/\/www.ndiaffatactu.com\/index.php\/2021\/04\/08\/deces-du-doyen-des-juges-samba-sall\/"},"wordCount":86,"commentCount":0,"publisher":{"@id":"https:\/\/www.ndiaffatactu.com\/#organization"},"image":{"@id":"https:\/\/www.ndiaffatactu.com\/index.php\/2021\/04\/08\/deces-du-doyen-des-juges-samba-sall\/#primaryimage"},"thumbnailUrl":"https:\/\/www.ndiaffatactu.com\/wp-content\/uploads\/2021\/04\/e665842082094d56a23aefbf13505a0c18c39f0f.jpg","articleSection":["ACTUALIT\u00c9S","N\u00e9crologie","R\u00e9cents","Soci\u00e9t\u00e9"],"inLanguage":"fr-FR","potentialAction":[{"@type":"CommentAction","name":"Comment","target":["https:\/\/www.ndiaffatactu.com\/index.php\/2021\/04\/08\/deces-du-doyen-des-juges-samba-sall\/#respond"]}]},{"@type":"WebPage","@id":"https:\/\/www.ndiaffatactu.com\/index.php\/2021\/04\/08\/deces-du-doyen-des-juges-samba-sall\/","url":"https:\/\/www.ndiaffatactu.com\/index.php\/2021\/04\/08\/deces-du-doyen-des-juges-samba-sall\/","name":"D\u00e9c\u00e8s du doyen des juges Samba Sall - Ndiaffat Actu","isPartOf":{"@id":"https:\/\/www.ndiaffatactu.com\/#website"},"primaryImageOfPage":{"@id":"https:\/\/www.ndiaffatactu.com\/index.php\/2021\/04\/08\/deces-du-doyen-des-juges-samba-sall\/#primaryimage"},"image":{"@id":"https:\/\/www.ndiaffatactu.com\/index.php\/2021\/04\/08\/deces-du-doyen-des-juges-samba-sall\/#primaryimage"},"thumbnailUrl":"https:\/\/www.ndiaffatactu.com\/wp-content\/uploads\/2021\/04\/e665842082094d56a23aefbf13505a0c18c39f0f.jpg","datePublished":"2021-04-08T19:11:54+00:00","breadcrumb":{"@id":"https:\/\/www.ndiaffatactu.com\/index.php\/2021\/04\/08\/deces-du-doyen-des-juges-samba-sall\/#breadcrumb"},"inLanguage":"fr-FR","potentialAction":[{"@type":"ReadAction","target":["https:\/\/www.ndiaffatactu.com\/index.php\/2021\/04\/08\/deces-du-doyen-des-juges-samba-sall\/"]}]},{"@type":"ImageObject","inLanguage":"fr-FR","@id":"https:\/\/www.ndiaffatactu.com\/index.php\/2021\/04\/08\/deces-du-doyen-des-juges-samba-sall\/#primaryimage","url":"https:\/\/www.ndiaffatactu.com\/wp-content\/uploads\/2021\/04\/e665842082094d56a23aefbf13505a0c18c39f0f.jpg","contentUrl":"https:\/\/www.ndiaffatactu.com\/wp-content\/uploads\/2021\/04\/e665842082094d56a23aefbf13505a0c18c39f0f.jpg","width":612,"height":298},{"@type":"BreadcrumbList","@id":"https:\/\/www.ndiaffatactu.com\/index.php\/2021\/04\/08\/deces-du-doyen-des-juges-samba-sall\/#breadcrumb","itemListElement":[{"@type":"ListItem","position":1,"name":"Home","item":"https:\/\/www.ndiaffatactu.com\/"},{"@type":"ListItem","position":2,"name":"D\u00e9c\u00e8s du doyen des juges Samba Sall"}]},{"@type":"WebSite","@id":"https:\/\/www.ndiaffatactu.com\/#website","url":"https:\/\/www.ndiaffatactu.com\/","name":"Ndiaffat Actu","description":"L&#039;iinformation en temps r\u00e9el","publisher":{"@id":"https:\/\/www.ndiaffatactu.com\/#organization"},"potentialAction":[{"@type":"SearchAction","target":{"@type":"EntryPoint","urlTemplate":"https:\/\/www.ndiaffatactu.com\/?s={search_term_string}"},"query-input":{"@type":"PropertyValueSpecification","valueRequired":true,"valueName":"search_term_string"}}],"inLanguage":"fr-FR"},{"@type":"Organization","@id":"https:\/\/www.ndiaffatactu.com\/#organization","name":"Ndiaffat Actu","url":"https:\/\/www.ndiaffatactu.com\/","logo":{"@type":"ImageObject","inLanguage":"fr-FR","@id":"https:\/\/www.ndiaffatactu.com\/#\/schema\/logo\/image\/","url":"https:\/\/www.ndiaffatactu.com\/wp-content\/uploads\/2024\/11\/cropped-BAIDY.png","contentUrl":"https:\/\/www.ndiaffatactu.com\/wp-content\/uploads\/2024\/11\/cropped-BAIDY.png","width":1009,"height":730,"caption":"Ndiaffat Actu"},"image":{"@id":"https:\/\/www.ndiaffatactu.com\/#\/schema\/logo\/image\/"}},{"@type":"Person","@id":"https:\/\/www.ndiaffatactu.com\/#\/schema\/person\/58070508ca42c5ea832aca50ebd5390a","name":"Baidy","image":{"@type":"ImageObject","inLanguage":"fr-FR","@id":"https:\/\/secure.gravatar.com\/avatar\/b9f71a5a3671d82da3185d341775314a0414f0fff1c9048903ccb72d937c5717?s=96&d=mm&r=g","url":"https:\/\/secure.gravatar.com\/avatar\/b9f71a5a3671d82da3185d341775314a0414f0fff1c9048903ccb72d937c5717?s=96&d=mm&r=g","contentUrl":"https:\/\/secure.gravatar.com\/avatar\/b9f71a5a3671d82da3185d341775314a0414f0fff1c9048903ccb72d937c5717?s=96&d=mm&r=g","caption":"Baidy"},"sameAs":["https:\/\/www.ndiaffatactu.com\/"],"url":"https:\/\/www.ndiaffatactu.com\/index.php\/author\/ndiaffatactu\/"}]}},"_links":{"self":[{"href":"https:\/\/www.ndiaffatactu.com\/index.php\/wp-json\/wp\/v2\/posts\/1488","targetHints":{"allow":["GET"]}}],"collection":[{"href":"https:\/\/www.ndiaffatactu.com\/index.php\/wp-json\/wp\/v2\/posts"}],"about":[{"href":"https:\/\/www.ndiaffatactu.com\/index.php\/wp-json\/wp\/v2\/types\/post"}],"author":[{"embeddable":true,"href":"https:\/\/www.ndiaffatactu.com\/index.php\/wp-json\/wp\/v2\/users\/2"}],"replies":[{"embeddable":true,"href":"https:\/\/www.ndiaffatactu.com\/index.php\/wp-json\/wp\/v2\/comments?post=1488"}],"version-history":[{"count":2,"href":"https:\/\/www.ndiaffatactu.com\/index.php\/wp-json\/wp\/v2\/posts\/1488\/revisions"}],"predecessor-version":[{"id":1491,"href":"https:\/\/www.ndiaffatactu.com\/index.php\/wp-json\/wp\/v2\/posts\/1488\/revisions\/1491"}],"wp:featuredmedia":[{"embeddable":true,"href":"https:\/\/www.ndiaffatactu.com\/index.php\/wp-json\/wp\/v2\/media\/1489"}],"wp:attachment":[{"href":"https:\/\/www.ndiaffatactu.com\/index.php\/wp-json\/wp\/v2\/media?parent=1488"}],"wp:term":[{"taxonomy":"category","embeddable":true,"href":"https:\/\/www.ndiaffatactu.com\/index.php\/wp-json\/wp\/v2\/categories?post=1488"},{"taxonomy":"post_tag","embeddable":true,"href":"https:\/\/www.ndiaffatactu.com\/index.php\/wp-json\/wp\/v2\/tags?post=1488"}],"curies":[{"name":"wp","href":"https:\/\/api.w.org\/{rel}","templated":true}]}}