{"id":1485,"date":"2021-04-08T15:50:49","date_gmt":"2021-04-08T15:50:49","guid":{"rendered":"https:\/\/www.ndiaffatactu.com\/?p=1485"},"modified":"2021-04-08T15:50:49","modified_gmt":"2021-04-08T15:50:49","slug":"affaire-sonko-adji-sarr-emeutes-letat-va-mettre-en-place-une-commission-independante-pour","status":"publish","type":"post","link":"https:\/\/www.ndiaffatactu.com\/index.php\/2021\/04\/08\/affaire-sonko-adji-sarr-emeutes-letat-va-mettre-en-place-une-commission-independante-pour\/","title":{"rendered":"Affaire Sonko-Adji Sarr\/Emeutes : L\u2019Etat va mettre en place \u00abune commission ind\u00e9pendante\u00bb pour\u2026"},"content":{"rendered":"<div class=\"post_header\">\n<h1><\/h1>\n<\/div>\n<div class=\"single_post_content_wrapper\">\n<div><span style=\"font-size: large;\">Le dossier opposant le leader du Pastef\/Les Patriotes, Ousmane Sonko, \u00e0 la jeune masseuse Adji Sarr, a \u00e9t\u00e9 au menu de la conf\u00e9rence de presse du gouvernement, ce jeudi 8 avril. Les manifestations qui s\u2019en ont suivi \u00e9galement. Ces derni\u00e8res ont m\u00eame caus\u00e9 des pertes en vies humaines.<\/span><\/div>\n<div><span style=\"font-size: large;\">\u00a0<\/span><\/div>\n<div><span style=\"font-size: large;\">Face aux journalistes, le ministre des Forces arm\u00e9es, Sidiki Kaba, a d\u00e9plor\u00e9 les accusations port\u00e9es \u00e0 l\u2019encontre des forces de l\u2019ordre. \u00abIl y a des accusations de toutes sortes. Beaucoup de choses ont \u00e9t\u00e9 dites sur les forces de l\u2019ordre, les accusant d\u2019\u00eatre responsables. Je pr\u00e9cise que n\u2019e\u00fbt \u00e9t\u00e9 leur sang-froid, leur professionnalisme, peut-\u00eatre qu\u2019on aurait un bilan beaucoup plus lourd.\u00a0 Face \u00e0 ces accusations, la meilleure fa\u00e7on de r\u00e9tablir la v\u00e9rit\u00e9, est qu\u2019il est important de mettre une commission en place\u00bb, a-t-il d\u00e9clar\u00e9.<\/span><\/div>\n<div><span style=\"font-size: large;\">\u00a0<\/span><\/div>\n<div><span style=\"font-size: large;\">A l\u2019en croire, cette commission d\u2019enqu\u00eate aura des membres de l\u2019opposition comme ceux de la soci\u00e9t\u00e9 civile, pour qu\u2019elle puisse travailler en toute ind\u00e9pendance et situer les responsabilit\u00e9s.<\/span><\/div>\n<div><span style=\"font-size: large;\">\u00a0<\/span><\/div>\n<div><span style=\"font-size: large;\">Poursuivant ses propos, le ministre soutient : \u00abPour l\u2019exemple des Parcelles-Assainies, il ne fallait pas croire qu\u2019un policier ou gendarme, dans le cadre de ses actions, a eu \u00e0 commettre un acte qui est r\u00e9pr\u00e9hensible du point de vue de la loi, qu\u2019il ne sera pas puni.\u00bb<\/span><\/div>\n<div><span style=\"font-size: large;\">\u00a0<\/span><\/div>\n<div><span style=\"font-size: large;\">Avant de pr\u00e9venir : \u00abJe n\u2019exon\u00e8re pas les forces de d\u00e9fense et de s\u00e9curit\u00e9. J\u2019ai dit qu\u2019elles ont pr\u00e9f\u00e9r\u00e9 adopter une posture qui n\u2019est pas celle d\u2019une agressivit\u00e9. Maintenant, dans le feu de l\u2019action, il peut y arriver, pour maintenir l\u2019ordre. Il peut y avoir des actes qui sont de nature \u00e0 violer la loi. Auquel cas, la commission va r\u00e9tablir la v\u00e9rit\u00e9.\u00bb<\/span><\/div>\n<\/div>\n","protected":false},"excerpt":{"rendered":"<p>Le dossier opposant le leader du Pastef\/Les Patriotes, Ousmane Sonko, \u00e0 la jeune masseuse Adji Sarr, a \u00e9t\u00e9 au menu<\/p>\n","protected":false},"author":2,"featured_media":1486,"comment_status":"open","ping_status":"closed","sticky":false,"template":"","format":"standard","meta":{"colormag_page_container_layout":"default_layout","colormag_page_sidebar_layout":"default_layout","wprm-recipe-roundup-name":"","wprm-recipe-roundup-description":"","footnotes":""},"categories":[6,37,14,12,30],"tags":[],"class_list":["post-1485","post","type-post","status-publish","format-standard","has-post-thumbnail","hentry","category-actualites","category-armee","category-politique","category-recents","category-societe"],"yoast_head":"<!-- This site is optimized with the Yoast SEO plugin v27.5 - https:\/\/yoast.com\/product\/yoast-seo-wordpress\/ -->\n<title>Affaire Sonko-Adji Sarr\/Emeutes : L\u2019Etat va mettre en place \u00abune commission ind\u00e9pendante\u00bb pour\u2026 - Ndiaffat Actu<\/title>\n<meta name=\"robots\" content=\"index, follow, max-snippet:-1, max-image-preview:large, max-video-preview:-1\" \/>\n<link rel=\"canonical\" href=\"https:\/\/www.ndiaffatactu.com\/index.php\/2021\/04\/08\/affaire-sonko-adji-sarr-emeutes-letat-va-mettre-en-place-une-commission-independante-pour\/\" \/>\n<meta property=\"og:locale\" content=\"fr_FR\" \/>\n<meta property=\"og:type\" content=\"article\" \/>\n<meta property=\"og:title\" content=\"Affaire Sonko-Adji Sarr\/Emeutes : L\u2019Etat va mettre en place \u00abune commission ind\u00e9pendante\u00bb pour\u2026 - Ndiaffat Actu\" \/>\n<meta property=\"og:description\" content=\"Le dossier opposant le leader du Pastef\/Les Patriotes, Ousmane Sonko, \u00e0 la jeune masseuse Adji Sarr, a \u00e9t\u00e9 au menu\" \/>\n<meta property=\"og:url\" content=\"https:\/\/www.ndiaffatactu.com\/index.php\/2021\/04\/08\/affaire-sonko-adji-sarr-emeutes-letat-va-mettre-en-place-une-commission-independante-pour\/\" \/>\n<meta property=\"og:site_name\" content=\"Ndiaffat Actu\" \/>\n<meta property=\"article:published_time\" content=\"2021-04-08T15:50:49+00:00\" \/>\n<meta property=\"og:image\" content=\"https:\/\/www.ndiaffatactu.com\/wp-content\/uploads\/2021\/04\/9ae2dbd45a4ce53f7ac4ce2b5921cdd678747835.jpg\" \/>\n\t<meta property=\"og:image:width\" content=\"612\" \/>\n\t<meta property=\"og:image:height\" content=\"298\" \/>\n\t<meta property=\"og:image:type\" content=\"image\/jpeg\" \/>\n<meta name=\"author\" content=\"Baidy\" \/>\n<meta name=\"twitter:card\" content=\"summary_large_image\" \/>\n<meta name=\"twitter:label1\" content=\"\u00c9crit par\" \/>\n\t<meta name=\"twitter:data1\" content=\"Baidy\" \/>\n\t<meta name=\"twitter:label2\" content=\"Dur\u00e9e de lecture estim\u00e9e\" \/>\n\t<meta name=\"twitter:data2\" content=\"2 minutes\" \/>\n<script type=\"application\/ld+json\" class=\"yoast-schema-graph\">{\"@context\":\"https:\\\/\\\/schema.org\",\"@graph\":[{\"@type\":\"Article\",\"@id\":\"https:\\\/\\\/www.ndiaffatactu.com\\\/index.php\\\/2021\\\/04\\\/08\\\/affaire-sonko-adji-sarr-emeutes-letat-va-mettre-en-place-une-commission-independante-pour\\\/#article\",\"isPartOf\":{\"@id\":\"https:\\\/\\\/www.ndiaffatactu.com\\\/index.php\\\/2021\\\/04\\\/08\\\/affaire-sonko-adji-sarr-emeutes-letat-va-mettre-en-place-une-commission-independante-pour\\\/\"},\"author\":{\"name\":\"Baidy\",\"@id\":\"https:\\\/\\\/www.ndiaffatactu.com\\\/#\\\/schema\\\/person\\\/58070508ca42c5ea832aca50ebd5390a\"},\"headline\":\"Affaire Sonko-Adji Sarr\\\/Emeutes : L\u2019Etat va mettre en place \u00abune commission ind\u00e9pendante\u00bb pour\u2026\",\"datePublished\":\"2021-04-08T15:50:49+00:00\",\"mainEntityOfPage\":{\"@id\":\"https:\\\/\\\/www.ndiaffatactu.com\\\/index.php\\\/2021\\\/04\\\/08\\\/affaire-sonko-adji-sarr-emeutes-letat-va-mettre-en-place-une-commission-independante-pour\\\/\"},\"wordCount\":327,\"commentCount\":0,\"publisher\":{\"@id\":\"https:\\\/\\\/www.ndiaffatactu.com\\\/#organization\"},\"image\":{\"@id\":\"https:\\\/\\\/www.ndiaffatactu.com\\\/index.php\\\/2021\\\/04\\\/08\\\/affaire-sonko-adji-sarr-emeutes-letat-va-mettre-en-place-une-commission-independante-pour\\\/#primaryimage\"},\"thumbnailUrl\":\"https:\\\/\\\/www.ndiaffatactu.com\\\/wp-content\\\/uploads\\\/2021\\\/04\\\/9ae2dbd45a4ce53f7ac4ce2b5921cdd678747835.jpg\",\"articleSection\":[\"ACTUALIT\u00c9S\",\"Arm\u00e9e\",\"Politique\",\"R\u00e9cents\",\"Soci\u00e9t\u00e9\"],\"inLanguage\":\"fr-FR\",\"potentialAction\":[{\"@type\":\"CommentAction\",\"name\":\"Comment\",\"target\":[\"https:\\\/\\\/www.ndiaffatactu.com\\\/index.php\\\/2021\\\/04\\\/08\\\/affaire-sonko-adji-sarr-emeutes-letat-va-mettre-en-place-une-commission-independante-pour\\\/#respond\"]}]},{\"@type\":\"WebPage\",\"@id\":\"https:\\\/\\\/www.ndiaffatactu.com\\\/index.php\\\/2021\\\/04\\\/08\\\/affaire-sonko-adji-sarr-emeutes-letat-va-mettre-en-place-une-commission-independante-pour\\\/\",\"url\":\"https:\\\/\\\/www.ndiaffatactu.com\\\/index.php\\\/2021\\\/04\\\/08\\\/affaire-sonko-adji-sarr-emeutes-letat-va-mettre-en-place-une-commission-independante-pour\\\/\",\"name\":\"Affaire Sonko-Adji Sarr\\\/Emeutes : L\u2019Etat va mettre en place \u00abune commission ind\u00e9pendante\u00bb pour\u2026 - Ndiaffat Actu\",\"isPartOf\":{\"@id\":\"https:\\\/\\\/www.ndiaffatactu.com\\\/#website\"},\"primaryImageOfPage\":{\"@id\":\"https:\\\/\\\/www.ndiaffatactu.com\\\/index.php\\\/2021\\\/04\\\/08\\\/affaire-sonko-adji-sarr-emeutes-letat-va-mettre-en-place-une-commission-independante-pour\\\/#primaryimage\"},\"image\":{\"@id\":\"https:\\\/\\\/www.ndiaffatactu.com\\\/index.php\\\/2021\\\/04\\\/08\\\/affaire-sonko-adji-sarr-emeutes-letat-va-mettre-en-place-une-commission-independante-pour\\\/#primaryimage\"},\"thumbnailUrl\":\"https:\\\/\\\/www.ndiaffatactu.com\\\/wp-content\\\/uploads\\\/2021\\\/04\\\/9ae2dbd45a4ce53f7ac4ce2b5921cdd678747835.jpg\",\"datePublished\":\"2021-04-08T15:50:49+00:00\",\"breadcrumb\":{\"@id\":\"https:\\\/\\\/www.ndiaffatactu.com\\\/index.php\\\/2021\\\/04\\\/08\\\/affaire-sonko-adji-sarr-emeutes-letat-va-mettre-en-place-une-commission-independante-pour\\\/#breadcrumb\"},\"inLanguage\":\"fr-FR\",\"potentialAction\":[{\"@type\":\"ReadAction\",\"target\":[\"https:\\\/\\\/www.ndiaffatactu.com\\\/index.php\\\/2021\\\/04\\\/08\\\/affaire-sonko-adji-sarr-emeutes-letat-va-mettre-en-place-une-commission-independante-pour\\\/\"]}]},{\"@type\":\"ImageObject\",\"inLanguage\":\"fr-FR\",\"@id\":\"https:\\\/\\\/www.ndiaffatactu.com\\\/index.php\\\/2021\\\/04\\\/08\\\/affaire-sonko-adji-sarr-emeutes-letat-va-mettre-en-place-une-commission-independante-pour\\\/#primaryimage\",\"url\":\"https:\\\/\\\/www.ndiaffatactu.com\\\/wp-content\\\/uploads\\\/2021\\\/04\\\/9ae2dbd45a4ce53f7ac4ce2b5921cdd678747835.jpg\",\"contentUrl\":\"https:\\\/\\\/www.ndiaffatactu.com\\\/wp-content\\\/uploads\\\/2021\\\/04\\\/9ae2dbd45a4ce53f7ac4ce2b5921cdd678747835.jpg\",\"width\":612,\"height\":298},{\"@type\":\"BreadcrumbList\",\"@id\":\"https:\\\/\\\/www.ndiaffatactu.com\\\/index.php\\\/2021\\\/04\\\/08\\\/affaire-sonko-adji-sarr-emeutes-letat-va-mettre-en-place-une-commission-independante-pour\\\/#breadcrumb\",\"itemListElement\":[{\"@type\":\"ListItem\",\"position\":1,\"name\":\"Home\",\"item\":\"https:\\\/\\\/www.ndiaffatactu.com\\\/\"},{\"@type\":\"ListItem\",\"position\":2,\"name\":\"Affaire Sonko-Adji Sarr\\\/Emeutes : L\u2019Etat va mettre en place \u00abune commission ind\u00e9pendante\u00bb pour\u2026\"}]},{\"@type\":\"WebSite\",\"@id\":\"https:\\\/\\\/www.ndiaffatactu.com\\\/#website\",\"url\":\"https:\\\/\\\/www.ndiaffatactu.com\\\/\",\"name\":\"Ndiaffat Actu\",\"description\":\"L&#039;iinformation en temps r\u00e9el\",\"publisher\":{\"@id\":\"https:\\\/\\\/www.ndiaffatactu.com\\\/#organization\"},\"potentialAction\":[{\"@type\":\"SearchAction\",\"target\":{\"@type\":\"EntryPoint\",\"urlTemplate\":\"https:\\\/\\\/www.ndiaffatactu.com\\\/?s={search_term_string}\"},\"query-input\":{\"@type\":\"PropertyValueSpecification\",\"valueRequired\":true,\"valueName\":\"search_term_string\"}}],\"inLanguage\":\"fr-FR\"},{\"@type\":\"Organization\",\"@id\":\"https:\\\/\\\/www.ndiaffatactu.com\\\/#organization\",\"name\":\"Ndiaffat Actu\",\"url\":\"https:\\\/\\\/www.ndiaffatactu.com\\\/\",\"logo\":{\"@type\":\"ImageObject\",\"inLanguage\":\"fr-FR\",\"@id\":\"https:\\\/\\\/www.ndiaffatactu.com\\\/#\\\/schema\\\/logo\\\/image\\\/\",\"url\":\"https:\\\/\\\/www.ndiaffatactu.com\\\/wp-content\\\/uploads\\\/2024\\\/11\\\/cropped-BAIDY.png\",\"contentUrl\":\"https:\\\/\\\/www.ndiaffatactu.com\\\/wp-content\\\/uploads\\\/2024\\\/11\\\/cropped-BAIDY.png\",\"width\":1009,\"height\":730,\"caption\":\"Ndiaffat Actu\"},\"image\":{\"@id\":\"https:\\\/\\\/www.ndiaffatactu.com\\\/#\\\/schema\\\/logo\\\/image\\\/\"}},{\"@type\":\"Person\",\"@id\":\"https:\\\/\\\/www.ndiaffatactu.com\\\/#\\\/schema\\\/person\\\/58070508ca42c5ea832aca50ebd5390a\",\"name\":\"Baidy\",\"image\":{\"@type\":\"ImageObject\",\"inLanguage\":\"fr-FR\",\"@id\":\"https:\\\/\\\/secure.gravatar.com\\\/avatar\\\/b9f71a5a3671d82da3185d341775314a0414f0fff1c9048903ccb72d937c5717?s=96&d=mm&r=g\",\"url\":\"https:\\\/\\\/secure.gravatar.com\\\/avatar\\\/b9f71a5a3671d82da3185d341775314a0414f0fff1c9048903ccb72d937c5717?s=96&d=mm&r=g\",\"contentUrl\":\"https:\\\/\\\/secure.gravatar.com\\\/avatar\\\/b9f71a5a3671d82da3185d341775314a0414f0fff1c9048903ccb72d937c5717?s=96&d=mm&r=g\",\"caption\":\"Baidy\"},\"sameAs\":[\"https:\\\/\\\/www.ndiaffatactu.com\\\/\"],\"url\":\"https:\\\/\\\/www.ndiaffatactu.com\\\/index.php\\\/author\\\/ndiaffatactu\\\/\"}]}<\/script>\n<!-- \/ Yoast SEO plugin. -->","yoast_head_json":{"title":"Affaire Sonko-Adji Sarr\/Emeutes : L\u2019Etat va mettre en place \u00abune commission ind\u00e9pendante\u00bb pour\u2026 - Ndiaffat Actu","robots":{"index":"index","follow":"follow","max-snippet":"max-snippet:-1","max-image-preview":"max-image-preview:large","max-video-preview":"max-video-preview:-1"},"canonical":"https:\/\/www.ndiaffatactu.com\/index.php\/2021\/04\/08\/affaire-sonko-adji-sarr-emeutes-letat-va-mettre-en-place-une-commission-independante-pour\/","og_locale":"fr_FR","og_type":"article","og_title":"Affaire Sonko-Adji Sarr\/Emeutes : L\u2019Etat va mettre en place \u00abune commission ind\u00e9pendante\u00bb pour\u2026 - Ndiaffat Actu","og_description":"Le dossier opposant le leader du Pastef\/Les Patriotes, Ousmane Sonko, \u00e0 la jeune masseuse Adji Sarr, a \u00e9t\u00e9 au menu","og_url":"https:\/\/www.ndiaffatactu.com\/index.php\/2021\/04\/08\/affaire-sonko-adji-sarr-emeutes-letat-va-mettre-en-place-une-commission-independante-pour\/","og_site_name":"Ndiaffat Actu","article_published_time":"2021-04-08T15:50:49+00:00","og_image":[{"width":612,"height":298,"url":"https:\/\/www.ndiaffatactu.com\/wp-content\/uploads\/2021\/04\/9ae2dbd45a4ce53f7ac4ce2b5921cdd678747835.jpg","type":"image\/jpeg"}],"author":"Baidy","twitter_card":"summary_large_image","twitter_misc":{"\u00c9crit par":"Baidy","Dur\u00e9e de lecture estim\u00e9e":"2 minutes"},"schema":{"@context":"https:\/\/schema.org","@graph":[{"@type":"Article","@id":"https:\/\/www.ndiaffatactu.com\/index.php\/2021\/04\/08\/affaire-sonko-adji-sarr-emeutes-letat-va-mettre-en-place-une-commission-independante-pour\/#article","isPartOf":{"@id":"https:\/\/www.ndiaffatactu.com\/index.php\/2021\/04\/08\/affaire-sonko-adji-sarr-emeutes-letat-va-mettre-en-place-une-commission-independante-pour\/"},"author":{"name":"Baidy","@id":"https:\/\/www.ndiaffatactu.com\/#\/schema\/person\/58070508ca42c5ea832aca50ebd5390a"},"headline":"Affaire Sonko-Adji Sarr\/Emeutes : L\u2019Etat va mettre en place \u00abune commission ind\u00e9pendante\u00bb pour\u2026","datePublished":"2021-04-08T15:50:49+00:00","mainEntityOfPage":{"@id":"https:\/\/www.ndiaffatactu.com\/index.php\/2021\/04\/08\/affaire-sonko-adji-sarr-emeutes-letat-va-mettre-en-place-une-commission-independante-pour\/"},"wordCount":327,"commentCount":0,"publisher":{"@id":"https:\/\/www.ndiaffatactu.com\/#organization"},"image":{"@id":"https:\/\/www.ndiaffatactu.com\/index.php\/2021\/04\/08\/affaire-sonko-adji-sarr-emeutes-letat-va-mettre-en-place-une-commission-independante-pour\/#primaryimage"},"thumbnailUrl":"https:\/\/www.ndiaffatactu.com\/wp-content\/uploads\/2021\/04\/9ae2dbd45a4ce53f7ac4ce2b5921cdd678747835.jpg","articleSection":["ACTUALIT\u00c9S","Arm\u00e9e","Politique","R\u00e9cents","Soci\u00e9t\u00e9"],"inLanguage":"fr-FR","potentialAction":[{"@type":"CommentAction","name":"Comment","target":["https:\/\/www.ndiaffatactu.com\/index.php\/2021\/04\/08\/affaire-sonko-adji-sarr-emeutes-letat-va-mettre-en-place-une-commission-independante-pour\/#respond"]}]},{"@type":"WebPage","@id":"https:\/\/www.ndiaffatactu.com\/index.php\/2021\/04\/08\/affaire-sonko-adji-sarr-emeutes-letat-va-mettre-en-place-une-commission-independante-pour\/","url":"https:\/\/www.ndiaffatactu.com\/index.php\/2021\/04\/08\/affaire-sonko-adji-sarr-emeutes-letat-va-mettre-en-place-une-commission-independante-pour\/","name":"Affaire Sonko-Adji Sarr\/Emeutes : L\u2019Etat va mettre en place \u00abune commission ind\u00e9pendante\u00bb pour\u2026 - Ndiaffat Actu","isPartOf":{"@id":"https:\/\/www.ndiaffatactu.com\/#website"},"primaryImageOfPage":{"@id":"https:\/\/www.ndiaffatactu.com\/index.php\/2021\/04\/08\/affaire-sonko-adji-sarr-emeutes-letat-va-mettre-en-place-une-commission-independante-pour\/#primaryimage"},"image":{"@id":"https:\/\/www.ndiaffatactu.com\/index.php\/2021\/04\/08\/affaire-sonko-adji-sarr-emeutes-letat-va-mettre-en-place-une-commission-independante-pour\/#primaryimage"},"thumbnailUrl":"https:\/\/www.ndiaffatactu.com\/wp-content\/uploads\/2021\/04\/9ae2dbd45a4ce53f7ac4ce2b5921cdd678747835.jpg","datePublished":"2021-04-08T15:50:49+00:00","breadcrumb":{"@id":"https:\/\/www.ndiaffatactu.com\/index.php\/2021\/04\/08\/affaire-sonko-adji-sarr-emeutes-letat-va-mettre-en-place-une-commission-independante-pour\/#breadcrumb"},"inLanguage":"fr-FR","potentialAction":[{"@type":"ReadAction","target":["https:\/\/www.ndiaffatactu.com\/index.php\/2021\/04\/08\/affaire-sonko-adji-sarr-emeutes-letat-va-mettre-en-place-une-commission-independante-pour\/"]}]},{"@type":"ImageObject","inLanguage":"fr-FR","@id":"https:\/\/www.ndiaffatactu.com\/index.php\/2021\/04\/08\/affaire-sonko-adji-sarr-emeutes-letat-va-mettre-en-place-une-commission-independante-pour\/#primaryimage","url":"https:\/\/www.ndiaffatactu.com\/wp-content\/uploads\/2021\/04\/9ae2dbd45a4ce53f7ac4ce2b5921cdd678747835.jpg","contentUrl":"https:\/\/www.ndiaffatactu.com\/wp-content\/uploads\/2021\/04\/9ae2dbd45a4ce53f7ac4ce2b5921cdd678747835.jpg","width":612,"height":298},{"@type":"BreadcrumbList","@id":"https:\/\/www.ndiaffatactu.com\/index.php\/2021\/04\/08\/affaire-sonko-adji-sarr-emeutes-letat-va-mettre-en-place-une-commission-independante-pour\/#breadcrumb","itemListElement":[{"@type":"ListItem","position":1,"name":"Home","item":"https:\/\/www.ndiaffatactu.com\/"},{"@type":"ListItem","position":2,"name":"Affaire Sonko-Adji Sarr\/Emeutes : L\u2019Etat va mettre en place \u00abune commission ind\u00e9pendante\u00bb pour\u2026"}]},{"@type":"WebSite","@id":"https:\/\/www.ndiaffatactu.com\/#website","url":"https:\/\/www.ndiaffatactu.com\/","name":"Ndiaffat Actu","description":"L&#039;iinformation en temps r\u00e9el","publisher":{"@id":"https:\/\/www.ndiaffatactu.com\/#organization"},"potentialAction":[{"@type":"SearchAction","target":{"@type":"EntryPoint","urlTemplate":"https:\/\/www.ndiaffatactu.com\/?s={search_term_string}"},"query-input":{"@type":"PropertyValueSpecification","valueRequired":true,"valueName":"search_term_string"}}],"inLanguage":"fr-FR"},{"@type":"Organization","@id":"https:\/\/www.ndiaffatactu.com\/#organization","name":"Ndiaffat Actu","url":"https:\/\/www.ndiaffatactu.com\/","logo":{"@type":"ImageObject","inLanguage":"fr-FR","@id":"https:\/\/www.ndiaffatactu.com\/#\/schema\/logo\/image\/","url":"https:\/\/www.ndiaffatactu.com\/wp-content\/uploads\/2024\/11\/cropped-BAIDY.png","contentUrl":"https:\/\/www.ndiaffatactu.com\/wp-content\/uploads\/2024\/11\/cropped-BAIDY.png","width":1009,"height":730,"caption":"Ndiaffat Actu"},"image":{"@id":"https:\/\/www.ndiaffatactu.com\/#\/schema\/logo\/image\/"}},{"@type":"Person","@id":"https:\/\/www.ndiaffatactu.com\/#\/schema\/person\/58070508ca42c5ea832aca50ebd5390a","name":"Baidy","image":{"@type":"ImageObject","inLanguage":"fr-FR","@id":"https:\/\/secure.gravatar.com\/avatar\/b9f71a5a3671d82da3185d341775314a0414f0fff1c9048903ccb72d937c5717?s=96&d=mm&r=g","url":"https:\/\/secure.gravatar.com\/avatar\/b9f71a5a3671d82da3185d341775314a0414f0fff1c9048903ccb72d937c5717?s=96&d=mm&r=g","contentUrl":"https:\/\/secure.gravatar.com\/avatar\/b9f71a5a3671d82da3185d341775314a0414f0fff1c9048903ccb72d937c5717?s=96&d=mm&r=g","caption":"Baidy"},"sameAs":["https:\/\/www.ndiaffatactu.com\/"],"url":"https:\/\/www.ndiaffatactu.com\/index.php\/author\/ndiaffatactu\/"}]}},"_links":{"self":[{"href":"https:\/\/www.ndiaffatactu.com\/index.php\/wp-json\/wp\/v2\/posts\/1485","targetHints":{"allow":["GET"]}}],"collection":[{"href":"https:\/\/www.ndiaffatactu.com\/index.php\/wp-json\/wp\/v2\/posts"}],"about":[{"href":"https:\/\/www.ndiaffatactu.com\/index.php\/wp-json\/wp\/v2\/types\/post"}],"author":[{"embeddable":true,"href":"https:\/\/www.ndiaffatactu.com\/index.php\/wp-json\/wp\/v2\/users\/2"}],"replies":[{"embeddable":true,"href":"https:\/\/www.ndiaffatactu.com\/index.php\/wp-json\/wp\/v2\/comments?post=1485"}],"version-history":[{"count":1,"href":"https:\/\/www.ndiaffatactu.com\/index.php\/wp-json\/wp\/v2\/posts\/1485\/revisions"}],"predecessor-version":[{"id":1487,"href":"https:\/\/www.ndiaffatactu.com\/index.php\/wp-json\/wp\/v2\/posts\/1485\/revisions\/1487"}],"wp:featuredmedia":[{"embeddable":true,"href":"https:\/\/www.ndiaffatactu.com\/index.php\/wp-json\/wp\/v2\/media\/1486"}],"wp:attachment":[{"href":"https:\/\/www.ndiaffatactu.com\/index.php\/wp-json\/wp\/v2\/media?parent=1485"}],"wp:term":[{"taxonomy":"category","embeddable":true,"href":"https:\/\/www.ndiaffatactu.com\/index.php\/wp-json\/wp\/v2\/categories?post=1485"},{"taxonomy":"post_tag","embeddable":true,"href":"https:\/\/www.ndiaffatactu.com\/index.php\/wp-json\/wp\/v2\/tags?post=1485"}],"curies":[{"name":"wp","href":"https:\/\/api.w.org\/{rel}","templated":true}]}}