{"id":1151,"date":"2021-03-19T11:30:01","date_gmt":"2021-03-19T11:30:01","guid":{"rendered":"https:\/\/www.ndiaffatactu.com\/?p=1151"},"modified":"2021-03-19T11:30:01","modified_gmt":"2021-03-19T11:30:01","slug":"covid-19-le-senegal-franchit-la-barre-des-1000-morts","status":"publish","type":"post","link":"https:\/\/www.ndiaffatactu.com\/index.php\/2021\/03\/19\/covid-19-le-senegal-franchit-la-barre-des-1000-morts\/","title":{"rendered":"Covid-19: Le S\u00e9n\u00e9gal franchit la barre des 1000 morts"},"content":{"rendered":"<header class=\"fixed_header fixed_header_show\">\n<div class=\"header_menu_bottomline_mobile\">\n<nav class=\"header_menu_bottomline\">\n<div class=\"header_menu_bottomline_menu\">\n<p>&nbsp;<\/p>\n<\/div>\n<\/nav>\n<\/div>\n<\/header>\n<div class=\"main_wrapper\">\n<div class=\"posts_block single_post_block\">\n<div class=\"posts_block_content\">\n<div class=\"single_post_content_wrapper\">\n<div>\n<div dir=\"auto\"><b><span style=\"font-size: large;\">Le S\u00e9n\u00e9gal comptabilise d\u00e9sormais 1003 d\u00e9c\u00e8s li\u00e9s au Covid-19, dont 8 annonc\u00e9s pour le compte des derni\u00e8res vingt-quatre heures, annonce le minist\u00e8re de la Sant\u00e9 et de l\u2019Action sociale. Ainsi, la barre des 1000 morts li\u00e9s \u00e0 la Covid-19 est officiellement atteinte, ce vendredi 19 mars 2021, depuis le 2 mars, date d&rsquo;apparition du coronavirus sur le territoire national.\u00a0<\/span><\/b><\/div>\n<div dir=\"auto\"><\/div>\n<div dir=\"auto\">Selon le communiqu\u00e9 num\u00e9ro 283 du minist\u00e8re de la Sant\u00e9 et de l&rsquo;Action sociale, le S\u00e9n\u00e9gal a enregistr\u00e9 8 d\u00e9c\u00e8s, 113 nouveaux cas positifs au coronavirus et 69 cas communautaires. Pis, 36 cas graves sont signal\u00e9s dans les services de r\u00e9animation du pays. Par ailleurs, 288 gu\u00e9risons sont d\u00e9clar\u00e9es ce jour.<\/div>\n<div dir=\"auto\"><\/div>\n<div dir=\"auto\"><span style=\"font-size: large;\">Selon Mamadou Ndiaye, sur 1655 tests effectu\u00e9s, 113 sont revenus positifs. Ce qui donne un taux de positivit\u00e9 de 6,82%.<\/span><\/div>\n<div dir=\"auto\"><\/div>\n<div dir=\"auto\">Ces nouvelles contaminations proviennent de 44 contacts suivis par les services du minist\u00e8re et 69 cas issus de la transmission communautaire.<\/div>\n<div dir=\"auto\"><\/div>\n<div dir=\"auto\"><span style=\"font-size: large;\">En outre, les cas graves ont augment\u00e9 dans le compteur \u00e0 coronavirus du pays. Le Directeur de la Pr\u00e9vention a signal\u00e9, au cours du point journalier sur la situation de la maladie Covid-19 au S\u00e9n\u00e9gal, que 36 patients sont actuellement pris en charge dans les services de r\u00e9animation.<\/span><\/div>\n<div dir=\"auto\"><\/div>\n<div dir=\"auto\"><b>La barre des 1000 morts franchie\u00a0<\/b><\/div>\n<div dir=\"auto\"><\/div>\n<div dir=\"auto\">De plus, 8 nouveaux d\u00e9c\u00e8s li\u00e9s \u00e0 la Covid-19 ont \u00e9t\u00e9 enregistr\u00e9s, ce jeudi 18 mars dans les structures du minist\u00e8re de la Sant\u00e9 et de l&rsquo;Action sociale.<\/div>\n<div dir=\"auto\"><\/div>\n<div dir=\"auto\"><span style=\"font-size: large;\">Toutefois, 288 patients ont \u00e9t\u00e9 contr\u00f4l\u00e9s n\u00e9gatifs et donc, d\u00e9clar\u00e9s gu\u00e9ris. Egalement, d\u00e9clare-t-il, l&rsquo;\u00e9tat de sant\u00e9 des autres malades hospitalis\u00e9s est stable.<\/span><\/div>\n<div class=\"yj6qo ajU\">\n<div id=\":2pw\" class=\"ajR\" tabindex=\"0\" role=\"button\" aria-label=\"Masquer le contenu abr\u00e9g\u00e9\" aria-expanded=\"true\" data-tooltip=\"Masquer le contenu abr\u00e9g\u00e9\"><span style=\"font-size: large;\"><img decoding=\"async\" class=\"ajT\" src=\"https:\/\/ssl.gstatic.com\/ui\/v1\/icons\/mail\/images\/cleardot.gif\" data-cfsrc=\"https:\/\/ssl.gstatic.com\/ui\/v1\/icons\/mail\/images\/cleardot.gif\" data-cfstyle=\"background: url(\" \/><\/span><\/div>\n<\/div>\n<div class=\"adL\">\n<div class=\"adm\"><\/div>\n<div class=\"im\">\n<div dir=\"auto\"><span style=\"font-size: large;\">\u00a0<\/span><\/div>\n<div dir=\"auto\"><span style=\"font-size: large;\">Les services du minist\u00e8re ont d\u00e9j\u00e0 r\u00e9pertori\u00e9 37541 cas positifs au coronavirus au S\u00e9n\u00e9gal depuis le d\u00e9but de cette pand\u00e9mie. Ils sont r\u00e9partis comme suit : 33931 personnes gu\u00e9ries, 1003 d\u00e9c\u00e9d\u00e9s et 2606 patients sous traitement.<\/span><\/div>\n<div dir=\"auto\"><span style=\"font-size: large;\">\u00a0<\/span><\/div>\n<div dir=\"auto\"><span style=\"font-size: large;\">Sur ce, ils continuent d&rsquo;exhorter les populations au respect strict des mesures de pr\u00e9vention individuelles et collectives<\/span><\/div>\n<\/div>\n<\/div>\n<\/div>\n<\/div>\n<\/div>\n<\/div>\n<\/div>\n","protected":false},"excerpt":{"rendered":"<p>&nbsp; Le S\u00e9n\u00e9gal comptabilise d\u00e9sormais 1003 d\u00e9c\u00e8s li\u00e9s au Covid-19, dont 8 annonc\u00e9s pour le compte des derni\u00e8res vingt-quatre heures,<\/p>\n","protected":false},"author":2,"featured_media":1152,"comment_status":"open","ping_status":"closed","sticky":false,"template":"","format":"standard","meta":{"colormag_page_container_layout":"default_layout","colormag_page_sidebar_layout":"default_layout","wprm-recipe-roundup-name":"","wprm-recipe-roundup-description":"","footnotes":""},"categories":[6,12,11,30],"tags":[],"class_list":["post-1151","post","type-post","status-publish","format-standard","has-post-thumbnail","hentry","category-actualites","category-recents","category-sante","category-societe"],"yoast_head":"<!-- This site is optimized with the Yoast SEO plugin v27.5 - https:\/\/yoast.com\/product\/yoast-seo-wordpress\/ -->\n<title>Covid-19: Le S\u00e9n\u00e9gal franchit la barre des 1000 morts - Ndiaffat Actu<\/title>\n<meta name=\"robots\" content=\"index, follow, max-snippet:-1, max-image-preview:large, max-video-preview:-1\" \/>\n<link rel=\"canonical\" href=\"https:\/\/www.ndiaffatactu.com\/index.php\/2021\/03\/19\/covid-19-le-senegal-franchit-la-barre-des-1000-morts\/\" \/>\n<meta property=\"og:locale\" content=\"fr_FR\" \/>\n<meta property=\"og:type\" content=\"article\" \/>\n<meta property=\"og:title\" content=\"Covid-19: Le S\u00e9n\u00e9gal franchit la barre des 1000 morts - Ndiaffat Actu\" \/>\n<meta property=\"og:description\" content=\"&nbsp; Le S\u00e9n\u00e9gal comptabilise d\u00e9sormais 1003 d\u00e9c\u00e8s li\u00e9s au Covid-19, dont 8 annonc\u00e9s pour le compte des derni\u00e8res vingt-quatre heures,\" \/>\n<meta property=\"og:url\" content=\"https:\/\/www.ndiaffatactu.com\/index.php\/2021\/03\/19\/covid-19-le-senegal-franchit-la-barre-des-1000-morts\/\" \/>\n<meta property=\"og:site_name\" content=\"Ndiaffat Actu\" \/>\n<meta property=\"article:published_time\" content=\"2021-03-19T11:30:01+00:00\" \/>\n<meta property=\"og:image\" content=\"https:\/\/www.ndiaffatactu.com\/wp-content\/uploads\/2021\/03\/65015521a4bb906ceb30d1ccacdbc09f3b9e1883.jpg\" \/>\n\t<meta property=\"og:image:width\" content=\"612\" \/>\n\t<meta property=\"og:image:height\" content=\"298\" \/>\n\t<meta property=\"og:image:type\" content=\"image\/jpeg\" \/>\n<meta name=\"author\" content=\"Baidy\" \/>\n<meta name=\"twitter:card\" content=\"summary_large_image\" \/>\n<meta name=\"twitter:label1\" content=\"\u00c9crit par\" \/>\n\t<meta name=\"twitter:data1\" content=\"Baidy\" \/>\n\t<meta name=\"twitter:label2\" content=\"Dur\u00e9e de lecture estim\u00e9e\" \/>\n\t<meta name=\"twitter:data2\" content=\"2 minutes\" \/>\n<script type=\"application\/ld+json\" class=\"yoast-schema-graph\">{\"@context\":\"https:\\\/\\\/schema.org\",\"@graph\":[{\"@type\":\"Article\",\"@id\":\"https:\\\/\\\/www.ndiaffatactu.com\\\/index.php\\\/2021\\\/03\\\/19\\\/covid-19-le-senegal-franchit-la-barre-des-1000-morts\\\/#article\",\"isPartOf\":{\"@id\":\"https:\\\/\\\/www.ndiaffatactu.com\\\/index.php\\\/2021\\\/03\\\/19\\\/covid-19-le-senegal-franchit-la-barre-des-1000-morts\\\/\"},\"author\":{\"name\":\"Baidy\",\"@id\":\"https:\\\/\\\/www.ndiaffatactu.com\\\/#\\\/schema\\\/person\\\/58070508ca42c5ea832aca50ebd5390a\"},\"headline\":\"Covid-19: Le S\u00e9n\u00e9gal franchit la barre des 1000 morts\",\"datePublished\":\"2021-03-19T11:30:01+00:00\",\"mainEntityOfPage\":{\"@id\":\"https:\\\/\\\/www.ndiaffatactu.com\\\/index.php\\\/2021\\\/03\\\/19\\\/covid-19-le-senegal-franchit-la-barre-des-1000-morts\\\/\"},\"wordCount\":348,\"commentCount\":0,\"publisher\":{\"@id\":\"https:\\\/\\\/www.ndiaffatactu.com\\\/#organization\"},\"image\":{\"@id\":\"https:\\\/\\\/www.ndiaffatactu.com\\\/index.php\\\/2021\\\/03\\\/19\\\/covid-19-le-senegal-franchit-la-barre-des-1000-morts\\\/#primaryimage\"},\"thumbnailUrl\":\"https:\\\/\\\/www.ndiaffatactu.com\\\/wp-content\\\/uploads\\\/2021\\\/03\\\/65015521a4bb906ceb30d1ccacdbc09f3b9e1883.jpg\",\"articleSection\":[\"ACTUALIT\u00c9S\",\"R\u00e9cents\",\"SANT\u00c9\",\"Soci\u00e9t\u00e9\"],\"inLanguage\":\"fr-FR\",\"potentialAction\":[{\"@type\":\"CommentAction\",\"name\":\"Comment\",\"target\":[\"https:\\\/\\\/www.ndiaffatactu.com\\\/index.php\\\/2021\\\/03\\\/19\\\/covid-19-le-senegal-franchit-la-barre-des-1000-morts\\\/#respond\"]}]},{\"@type\":\"WebPage\",\"@id\":\"https:\\\/\\\/www.ndiaffatactu.com\\\/index.php\\\/2021\\\/03\\\/19\\\/covid-19-le-senegal-franchit-la-barre-des-1000-morts\\\/\",\"url\":\"https:\\\/\\\/www.ndiaffatactu.com\\\/index.php\\\/2021\\\/03\\\/19\\\/covid-19-le-senegal-franchit-la-barre-des-1000-morts\\\/\",\"name\":\"Covid-19: Le S\u00e9n\u00e9gal franchit la barre des 1000 morts - Ndiaffat Actu\",\"isPartOf\":{\"@id\":\"https:\\\/\\\/www.ndiaffatactu.com\\\/#website\"},\"primaryImageOfPage\":{\"@id\":\"https:\\\/\\\/www.ndiaffatactu.com\\\/index.php\\\/2021\\\/03\\\/19\\\/covid-19-le-senegal-franchit-la-barre-des-1000-morts\\\/#primaryimage\"},\"image\":{\"@id\":\"https:\\\/\\\/www.ndiaffatactu.com\\\/index.php\\\/2021\\\/03\\\/19\\\/covid-19-le-senegal-franchit-la-barre-des-1000-morts\\\/#primaryimage\"},\"thumbnailUrl\":\"https:\\\/\\\/www.ndiaffatactu.com\\\/wp-content\\\/uploads\\\/2021\\\/03\\\/65015521a4bb906ceb30d1ccacdbc09f3b9e1883.jpg\",\"datePublished\":\"2021-03-19T11:30:01+00:00\",\"breadcrumb\":{\"@id\":\"https:\\\/\\\/www.ndiaffatactu.com\\\/index.php\\\/2021\\\/03\\\/19\\\/covid-19-le-senegal-franchit-la-barre-des-1000-morts\\\/#breadcrumb\"},\"inLanguage\":\"fr-FR\",\"potentialAction\":[{\"@type\":\"ReadAction\",\"target\":[\"https:\\\/\\\/www.ndiaffatactu.com\\\/index.php\\\/2021\\\/03\\\/19\\\/covid-19-le-senegal-franchit-la-barre-des-1000-morts\\\/\"]}]},{\"@type\":\"ImageObject\",\"inLanguage\":\"fr-FR\",\"@id\":\"https:\\\/\\\/www.ndiaffatactu.com\\\/index.php\\\/2021\\\/03\\\/19\\\/covid-19-le-senegal-franchit-la-barre-des-1000-morts\\\/#primaryimage\",\"url\":\"https:\\\/\\\/www.ndiaffatactu.com\\\/wp-content\\\/uploads\\\/2021\\\/03\\\/65015521a4bb906ceb30d1ccacdbc09f3b9e1883.jpg\",\"contentUrl\":\"https:\\\/\\\/www.ndiaffatactu.com\\\/wp-content\\\/uploads\\\/2021\\\/03\\\/65015521a4bb906ceb30d1ccacdbc09f3b9e1883.jpg\",\"width\":612,\"height\":298},{\"@type\":\"BreadcrumbList\",\"@id\":\"https:\\\/\\\/www.ndiaffatactu.com\\\/index.php\\\/2021\\\/03\\\/19\\\/covid-19-le-senegal-franchit-la-barre-des-1000-morts\\\/#breadcrumb\",\"itemListElement\":[{\"@type\":\"ListItem\",\"position\":1,\"name\":\"Home\",\"item\":\"https:\\\/\\\/www.ndiaffatactu.com\\\/\"},{\"@type\":\"ListItem\",\"position\":2,\"name\":\"Covid-19: Le S\u00e9n\u00e9gal franchit la barre des 1000 morts\"}]},{\"@type\":\"WebSite\",\"@id\":\"https:\\\/\\\/www.ndiaffatactu.com\\\/#website\",\"url\":\"https:\\\/\\\/www.ndiaffatactu.com\\\/\",\"name\":\"Ndiaffat Actu\",\"description\":\"L&#039;iinformation en temps r\u00e9el\",\"publisher\":{\"@id\":\"https:\\\/\\\/www.ndiaffatactu.com\\\/#organization\"},\"potentialAction\":[{\"@type\":\"SearchAction\",\"target\":{\"@type\":\"EntryPoint\",\"urlTemplate\":\"https:\\\/\\\/www.ndiaffatactu.com\\\/?s={search_term_string}\"},\"query-input\":{\"@type\":\"PropertyValueSpecification\",\"valueRequired\":true,\"valueName\":\"search_term_string\"}}],\"inLanguage\":\"fr-FR\"},{\"@type\":\"Organization\",\"@id\":\"https:\\\/\\\/www.ndiaffatactu.com\\\/#organization\",\"name\":\"Ndiaffat Actu\",\"url\":\"https:\\\/\\\/www.ndiaffatactu.com\\\/\",\"logo\":{\"@type\":\"ImageObject\",\"inLanguage\":\"fr-FR\",\"@id\":\"https:\\\/\\\/www.ndiaffatactu.com\\\/#\\\/schema\\\/logo\\\/image\\\/\",\"url\":\"https:\\\/\\\/www.ndiaffatactu.com\\\/wp-content\\\/uploads\\\/2024\\\/11\\\/cropped-BAIDY.png\",\"contentUrl\":\"https:\\\/\\\/www.ndiaffatactu.com\\\/wp-content\\\/uploads\\\/2024\\\/11\\\/cropped-BAIDY.png\",\"width\":1009,\"height\":730,\"caption\":\"Ndiaffat Actu\"},\"image\":{\"@id\":\"https:\\\/\\\/www.ndiaffatactu.com\\\/#\\\/schema\\\/logo\\\/image\\\/\"}},{\"@type\":\"Person\",\"@id\":\"https:\\\/\\\/www.ndiaffatactu.com\\\/#\\\/schema\\\/person\\\/58070508ca42c5ea832aca50ebd5390a\",\"name\":\"Baidy\",\"image\":{\"@type\":\"ImageObject\",\"inLanguage\":\"fr-FR\",\"@id\":\"https:\\\/\\\/secure.gravatar.com\\\/avatar\\\/b9f71a5a3671d82da3185d341775314a0414f0fff1c9048903ccb72d937c5717?s=96&d=mm&r=g\",\"url\":\"https:\\\/\\\/secure.gravatar.com\\\/avatar\\\/b9f71a5a3671d82da3185d341775314a0414f0fff1c9048903ccb72d937c5717?s=96&d=mm&r=g\",\"contentUrl\":\"https:\\\/\\\/secure.gravatar.com\\\/avatar\\\/b9f71a5a3671d82da3185d341775314a0414f0fff1c9048903ccb72d937c5717?s=96&d=mm&r=g\",\"caption\":\"Baidy\"},\"sameAs\":[\"https:\\\/\\\/www.ndiaffatactu.com\\\/\"],\"url\":\"https:\\\/\\\/www.ndiaffatactu.com\\\/index.php\\\/author\\\/ndiaffatactu\\\/\"}]}<\/script>\n<!-- \/ Yoast SEO plugin. -->","yoast_head_json":{"title":"Covid-19: Le S\u00e9n\u00e9gal franchit la barre des 1000 morts - Ndiaffat Actu","robots":{"index":"index","follow":"follow","max-snippet":"max-snippet:-1","max-image-preview":"max-image-preview:large","max-video-preview":"max-video-preview:-1"},"canonical":"https:\/\/www.ndiaffatactu.com\/index.php\/2021\/03\/19\/covid-19-le-senegal-franchit-la-barre-des-1000-morts\/","og_locale":"fr_FR","og_type":"article","og_title":"Covid-19: Le S\u00e9n\u00e9gal franchit la barre des 1000 morts - Ndiaffat Actu","og_description":"&nbsp; Le S\u00e9n\u00e9gal comptabilise d\u00e9sormais 1003 d\u00e9c\u00e8s li\u00e9s au Covid-19, dont 8 annonc\u00e9s pour le compte des derni\u00e8res vingt-quatre heures,","og_url":"https:\/\/www.ndiaffatactu.com\/index.php\/2021\/03\/19\/covid-19-le-senegal-franchit-la-barre-des-1000-morts\/","og_site_name":"Ndiaffat Actu","article_published_time":"2021-03-19T11:30:01+00:00","og_image":[{"width":612,"height":298,"url":"https:\/\/www.ndiaffatactu.com\/wp-content\/uploads\/2021\/03\/65015521a4bb906ceb30d1ccacdbc09f3b9e1883.jpg","type":"image\/jpeg"}],"author":"Baidy","twitter_card":"summary_large_image","twitter_misc":{"\u00c9crit par":"Baidy","Dur\u00e9e de lecture estim\u00e9e":"2 minutes"},"schema":{"@context":"https:\/\/schema.org","@graph":[{"@type":"Article","@id":"https:\/\/www.ndiaffatactu.com\/index.php\/2021\/03\/19\/covid-19-le-senegal-franchit-la-barre-des-1000-morts\/#article","isPartOf":{"@id":"https:\/\/www.ndiaffatactu.com\/index.php\/2021\/03\/19\/covid-19-le-senegal-franchit-la-barre-des-1000-morts\/"},"author":{"name":"Baidy","@id":"https:\/\/www.ndiaffatactu.com\/#\/schema\/person\/58070508ca42c5ea832aca50ebd5390a"},"headline":"Covid-19: Le S\u00e9n\u00e9gal franchit la barre des 1000 morts","datePublished":"2021-03-19T11:30:01+00:00","mainEntityOfPage":{"@id":"https:\/\/www.ndiaffatactu.com\/index.php\/2021\/03\/19\/covid-19-le-senegal-franchit-la-barre-des-1000-morts\/"},"wordCount":348,"commentCount":0,"publisher":{"@id":"https:\/\/www.ndiaffatactu.com\/#organization"},"image":{"@id":"https:\/\/www.ndiaffatactu.com\/index.php\/2021\/03\/19\/covid-19-le-senegal-franchit-la-barre-des-1000-morts\/#primaryimage"},"thumbnailUrl":"https:\/\/www.ndiaffatactu.com\/wp-content\/uploads\/2021\/03\/65015521a4bb906ceb30d1ccacdbc09f3b9e1883.jpg","articleSection":["ACTUALIT\u00c9S","R\u00e9cents","SANT\u00c9","Soci\u00e9t\u00e9"],"inLanguage":"fr-FR","potentialAction":[{"@type":"CommentAction","name":"Comment","target":["https:\/\/www.ndiaffatactu.com\/index.php\/2021\/03\/19\/covid-19-le-senegal-franchit-la-barre-des-1000-morts\/#respond"]}]},{"@type":"WebPage","@id":"https:\/\/www.ndiaffatactu.com\/index.php\/2021\/03\/19\/covid-19-le-senegal-franchit-la-barre-des-1000-morts\/","url":"https:\/\/www.ndiaffatactu.com\/index.php\/2021\/03\/19\/covid-19-le-senegal-franchit-la-barre-des-1000-morts\/","name":"Covid-19: Le S\u00e9n\u00e9gal franchit la barre des 1000 morts - Ndiaffat Actu","isPartOf":{"@id":"https:\/\/www.ndiaffatactu.com\/#website"},"primaryImageOfPage":{"@id":"https:\/\/www.ndiaffatactu.com\/index.php\/2021\/03\/19\/covid-19-le-senegal-franchit-la-barre-des-1000-morts\/#primaryimage"},"image":{"@id":"https:\/\/www.ndiaffatactu.com\/index.php\/2021\/03\/19\/covid-19-le-senegal-franchit-la-barre-des-1000-morts\/#primaryimage"},"thumbnailUrl":"https:\/\/www.ndiaffatactu.com\/wp-content\/uploads\/2021\/03\/65015521a4bb906ceb30d1ccacdbc09f3b9e1883.jpg","datePublished":"2021-03-19T11:30:01+00:00","breadcrumb":{"@id":"https:\/\/www.ndiaffatactu.com\/index.php\/2021\/03\/19\/covid-19-le-senegal-franchit-la-barre-des-1000-morts\/#breadcrumb"},"inLanguage":"fr-FR","potentialAction":[{"@type":"ReadAction","target":["https:\/\/www.ndiaffatactu.com\/index.php\/2021\/03\/19\/covid-19-le-senegal-franchit-la-barre-des-1000-morts\/"]}]},{"@type":"ImageObject","inLanguage":"fr-FR","@id":"https:\/\/www.ndiaffatactu.com\/index.php\/2021\/03\/19\/covid-19-le-senegal-franchit-la-barre-des-1000-morts\/#primaryimage","url":"https:\/\/www.ndiaffatactu.com\/wp-content\/uploads\/2021\/03\/65015521a4bb906ceb30d1ccacdbc09f3b9e1883.jpg","contentUrl":"https:\/\/www.ndiaffatactu.com\/wp-content\/uploads\/2021\/03\/65015521a4bb906ceb30d1ccacdbc09f3b9e1883.jpg","width":612,"height":298},{"@type":"BreadcrumbList","@id":"https:\/\/www.ndiaffatactu.com\/index.php\/2021\/03\/19\/covid-19-le-senegal-franchit-la-barre-des-1000-morts\/#breadcrumb","itemListElement":[{"@type":"ListItem","position":1,"name":"Home","item":"https:\/\/www.ndiaffatactu.com\/"},{"@type":"ListItem","position":2,"name":"Covid-19: Le S\u00e9n\u00e9gal franchit la barre des 1000 morts"}]},{"@type":"WebSite","@id":"https:\/\/www.ndiaffatactu.com\/#website","url":"https:\/\/www.ndiaffatactu.com\/","name":"Ndiaffat Actu","description":"L&#039;iinformation en temps r\u00e9el","publisher":{"@id":"https:\/\/www.ndiaffatactu.com\/#organization"},"potentialAction":[{"@type":"SearchAction","target":{"@type":"EntryPoint","urlTemplate":"https:\/\/www.ndiaffatactu.com\/?s={search_term_string}"},"query-input":{"@type":"PropertyValueSpecification","valueRequired":true,"valueName":"search_term_string"}}],"inLanguage":"fr-FR"},{"@type":"Organization","@id":"https:\/\/www.ndiaffatactu.com\/#organization","name":"Ndiaffat Actu","url":"https:\/\/www.ndiaffatactu.com\/","logo":{"@type":"ImageObject","inLanguage":"fr-FR","@id":"https:\/\/www.ndiaffatactu.com\/#\/schema\/logo\/image\/","url":"https:\/\/www.ndiaffatactu.com\/wp-content\/uploads\/2024\/11\/cropped-BAIDY.png","contentUrl":"https:\/\/www.ndiaffatactu.com\/wp-content\/uploads\/2024\/11\/cropped-BAIDY.png","width":1009,"height":730,"caption":"Ndiaffat Actu"},"image":{"@id":"https:\/\/www.ndiaffatactu.com\/#\/schema\/logo\/image\/"}},{"@type":"Person","@id":"https:\/\/www.ndiaffatactu.com\/#\/schema\/person\/58070508ca42c5ea832aca50ebd5390a","name":"Baidy","image":{"@type":"ImageObject","inLanguage":"fr-FR","@id":"https:\/\/secure.gravatar.com\/avatar\/b9f71a5a3671d82da3185d341775314a0414f0fff1c9048903ccb72d937c5717?s=96&d=mm&r=g","url":"https:\/\/secure.gravatar.com\/avatar\/b9f71a5a3671d82da3185d341775314a0414f0fff1c9048903ccb72d937c5717?s=96&d=mm&r=g","contentUrl":"https:\/\/secure.gravatar.com\/avatar\/b9f71a5a3671d82da3185d341775314a0414f0fff1c9048903ccb72d937c5717?s=96&d=mm&r=g","caption":"Baidy"},"sameAs":["https:\/\/www.ndiaffatactu.com\/"],"url":"https:\/\/www.ndiaffatactu.com\/index.php\/author\/ndiaffatactu\/"}]}},"_links":{"self":[{"href":"https:\/\/www.ndiaffatactu.com\/index.php\/wp-json\/wp\/v2\/posts\/1151","targetHints":{"allow":["GET"]}}],"collection":[{"href":"https:\/\/www.ndiaffatactu.com\/index.php\/wp-json\/wp\/v2\/posts"}],"about":[{"href":"https:\/\/www.ndiaffatactu.com\/index.php\/wp-json\/wp\/v2\/types\/post"}],"author":[{"embeddable":true,"href":"https:\/\/www.ndiaffatactu.com\/index.php\/wp-json\/wp\/v2\/users\/2"}],"replies":[{"embeddable":true,"href":"https:\/\/www.ndiaffatactu.com\/index.php\/wp-json\/wp\/v2\/comments?post=1151"}],"version-history":[{"count":1,"href":"https:\/\/www.ndiaffatactu.com\/index.php\/wp-json\/wp\/v2\/posts\/1151\/revisions"}],"predecessor-version":[{"id":1153,"href":"https:\/\/www.ndiaffatactu.com\/index.php\/wp-json\/wp\/v2\/posts\/1151\/revisions\/1153"}],"wp:featuredmedia":[{"embeddable":true,"href":"https:\/\/www.ndiaffatactu.com\/index.php\/wp-json\/wp\/v2\/media\/1152"}],"wp:attachment":[{"href":"https:\/\/www.ndiaffatactu.com\/index.php\/wp-json\/wp\/v2\/media?parent=1151"}],"wp:term":[{"taxonomy":"category","embeddable":true,"href":"https:\/\/www.ndiaffatactu.com\/index.php\/wp-json\/wp\/v2\/categories?post=1151"},{"taxonomy":"post_tag","embeddable":true,"href":"https:\/\/www.ndiaffatactu.com\/index.php\/wp-json\/wp\/v2\/tags?post=1151"}],"curies":[{"name":"wp","href":"https:\/\/api.w.org\/{rel}","templated":true}]}}